{"id":2085,"date":"2012-11-28T00:00:00","date_gmt":"2012-11-27T22:00:00","guid":{"rendered":"https:\/\/master.k8s.p4.greenpeace.org\/poland\/article\/2085\/stanowisko-greenpeace-polska-w-sprawie-farm-wiatrowych\/"},"modified":"2023-11-30T18:04:47","modified_gmt":"2023-11-30T16:04:47","slug":"stanowisko-greenpeace-polska-w-sprawie-farm-wiatrowych","status":"publish","type":"post","link":"https:\/\/www.greenpeace.org\/poland\/komentarze\/2085\/stanowisko-greenpeace-polska-w-sprawie-farm-wiatrowych\/","title":{"rendered":"Stanowisko Greenpeace Polska w sprawie farm wiatrowych"},"content":{"rendered":"\n<p>Greenpeace stoi na stanowisku, \u017ce farmy wiatrowe powinny powstawa\u0107 tam, gdzie nie przeszkadzaj\u0105 ludziom i nie zagra\u017caj\u0105 \u015brodowisku, a w szczeg\u00f3lno\u015bci tam, gdzie ich powstawanie s\u0142u\u017cy planecie nie staj\u0105c si\u0119 jednocze\u015bnie kolejn\u0105 rzecz\u0105, kt\u00f3ra dzieli ludzi.<\/p>\n\n<ol class=\"wp-block-list\">\n<li>W sytuacji przy\u015bpieszaj\u0105cych z ka\u017cdym rokiem zmian klimatu, utrzymywanie obecnej gospodarki opartej na spalaniu paliw kopalnych jest nie do zaakceptowania. Niezale\u017cnie od strat ekologicznych powodowanych przez ich spalanie, szkody gospodarcze, przyrodnicze, a przede wszystkim zdrowotne, obecne i w przysz\u0142o\u015bci, uzasadniaj\u0105 do\u0142o\u017cenie wszelkich stara\u0144, w celu ograniczenia globalnego wzrostu temperatury w najbli\u017cszych dziesi\u0119cioleciach. Mo\u017cna to osi\u0105gn\u0105\u0107 przestawiaj\u0105c gospodark\u0119 na tak\u0105, kt\u00f3ra opiera si\u0119 na uwa\u017cnym gospodarowaniu zasobami odnawialnymi, nie niszcz\u0105c przy tym zdrowia i przysz\u0142o\u015bci kolejnych pokole\u0144[1].<\/li>\n\n\n\n<li>Greenpeace popiera rozw\u00f3j energii odnawialnej we wszystkich jej formach \u2013 pozyskiwanej ze s\u0142o\u0144ca, wiatru, \u017ar\u00f3de\u0142 geotermalnych czy biomasy produkowanej bez szk\u00f3d dla \u015brodowiska. Energia odnawialna ze wzgl\u0119du na sw\u00f3j charakter powinna by\u0107 produkowana w spos\u00f3b zdecentralizowany, co oznacza, \u017ce struktura produkcji energii ka\u017cdego kraju czy regionu b\u0119dzie inna. Rozwi\u0105zania typu \u201ejeden rodzaj energii dla wszystkich\u201d s\u0105 spu\u015bcizn\u0105 my\u015blenia XIX i XX wiecznego, kt\u00f3r\u0105 decydenci na szczeblach lokalnych i krajowych, a tak\u017ce \u015bwiatowi przyw\u00f3dcy, powinni jak najszybciej odrzuci\u0107.<\/li>\n\n\n\n<li>Z rozm\u00f3w ze spo\u0142eczno\u015bciami lokalnymi sprzeciwiaj\u0105cymi si\u0119 farmom wiatrowym wynika, \u017ce ich protesty dotycz\u0105 konkretnych projekt\u00f3w inwestycyjnych i nie s\u0105 skierowane przeciwko technologiom pozyskiwania energii ze \u017ar\u00f3de\u0142 odnawialnych, w tym r\u00f3wnie\u017c tych, kt\u00f3re korzystaj\u0105 z wiatru. Za wzorzec do na\u015bladowania uznajemy te spo\u0142eczno\u015bci, kt\u00f3re chc\u0105 mie\u0107 wi\u0119kszy wp\u0142yw nie tylko na konkretne projekty, ale tak\u017ce na decyzje o tym, w jaki spos\u00f3b energia b\u0119dzie pozyskiwana w ich regionie za 10 czy 30 lat, a jednocze\u015bnie wskazuj\u0105 na potrzeb\u0119 rozwoju energii odnawialnej. Taka postawa jest dla nas wyrazem troski o zdrowie oraz przysz\u0142o\u015b\u0107 tych ludzi, kt\u00f3rzy obecnie s\u0105 ofiarami produkcji energii ze \u017ar\u00f3de\u0142 kopalnych[2], a tak\u017ce odpowiedzialno\u015bci wobec przysz\u0142ych pokole\u0144.<\/li>\n\n\n\n<li>Zar\u00f3wno pod wzgl\u0119dem ekologicznym, jak i spo\u0142ecznym, idea\u0142em jest produkowanie i zu\u017cywanie energii na najni\u017cszym mo\u017cliwym poziomie. W praktyce oznacza to np. gospodarstwo domowe, kt\u00f3re produkuje energi\u0119 i samo zu\u017cywa wi\u0119ksz\u0105 jej cz\u0119\u015b\u0107 na w\u0142asne potrzeby. Model ten oddaje ludziom kontrol\u0119 nad procesem produkcji energii i ogranicza straty podczas przesy\u0142u.<\/li>\n\n\n\n<li>Jak pokazuj\u0105 do\u015bwiadczenia innych kraj\u00f3w, warto zwr\u00f3ci\u0107 w Polsce wi\u0119ksz\u0105 uwag\u0119 na struktur\u0119 w\u0142asno\u015bci projekt\u00f3w zwi\u0105zanych z produkcj\u0105 energii ze \u017ar\u00f3de\u0142 odnawialnych. Greenpeace promuje te rodzaje w\u0142asno\u015bci, kt\u00f3re daj\u0105 mo\u017cliwo\u015b\u0107 pe\u0142niejszej akceptacji spo\u0142ecznej i konkretnych korzy\u015bci dla mieszka\u0144c\u00f3w teren\u00f3w, na kt\u00f3rych maj\u0105 powstawa\u0107 nowe instalacje. <\/li>\n\n\n\n<li>Proces konsultacji spo\u0142ecznych i zawierania kontrakt\u00f3w zwi\u0105zanych z budow\u0105 farm wiatrowych, powinien pozytywnie odr\u00f3\u017cnia\u0107 si\u0119 od procesu inwestycji zwi\u0105zanych z paliwami kopalnymi. Te ostatnie maj\u0105 najcz\u0119\u015bciej niewiele wsp\u00f3lnego z konsultacjami i dlatego ju\u017c na tym etapie spo\u0142ecze\u0144stwo powinno widzie\u0107 r\u00f3\u017cnic\u0119 pomi\u0119dzy w\u0119glem, \u0142upkiem i atomem a energi\u0105 odnawialn\u0105. W zwi\u0105zku z tym Greenpeace wzywa firmy inwestuj\u0105ce w farmy wiatrowe do tego, aby do\u0142o\u017cy\u0142y wszelkich stara\u0144, by \u00f3w najwy\u017cszy standard sta\u0142 si\u0119 faktem.<\/li>\n\n\n\n<li>Greenpeace ma \u015bwiadomo\u015b\u0107 tego, \u017ce farmy wiatrowe mog\u0105 negatywnie oddzia\u0142ywa\u0107 na ptaki i nietoperze. Dlatego musz\u0105 by\u0107 lokalizowane w takich miejscach, kt\u00f3re pozwol\u0105 maksymalnie ograniczy\u0107 jakikolwiek niekorzystny wp\u0142yw na ich populacje. Wymaga to rzetelnych bada\u0144 i analiz ornitologicznych poprzedzaj\u0105cych wyb\u00f3r lokalizacji planowanej inwestycji. Ocena wp\u0142ywu planowanej farmy na ptaki, prowadzona zgodnie z wytycznymi Polskiego Stowarzyszenia Energetyki Wiatrowej i Og\u00f3lnopolskiego Towarzystwa Ochrony Ptak\u00f3w z 2008 r., powinna by\u0107 traktowana przez inwestor\u00f3w oraz administracje publiczn\u0105, jako wa\u017cny element procesu decyzyjnego[4].<\/li>\n\n\n\n<li>W\u0142a\u015bciwie zlokalizowane projekty nie powinny by\u0107 uci\u0105\u017cliwe zar\u00f3wno pod k\u0105tem ha\u0142asu, wymaga\u0144 \u015brodowiskowych i krajobrazowych, ani te\u017c wp\u0142ywa\u0107 negatywnie na awifaun\u0119. Ka\u017cda lokalizacja powinna by\u0107 rozpatrywana w odniesieniu do lokalnych uwarunkowa\u0144 i uwzgl\u0119dnia\u0107 rekomendacje wojew\u00f3dzkich plan\u00f3w zagospodarowania przestrzennego w zakresie ochrony zasob\u00f3w przyrodniczych i kulturowych regionu. Ponadto na polskim rz\u0105dzie spoczywa odpowiedzialno\u015b\u0107 za przygotowanie w\u0142a\u015bciwej, opartej na rzetelnych opracowaniach naukowych, metodyki szacowania uci\u0105\u017cliwo\u015bci inwestycji wiatrowych. Metodyka ta powinna uwzgl\u0119dnia\u0107 wszystkie aspekty projekt\u00f3w, takie jak oddzia\u0142ywanie na \u015brodowisko, krajobraz czy narz\u0119dzia modelowania rozprzestrzeniania si\u0119 ha\u0142asu.<\/li>\n\n\n\n<li>Greenpeace popiera rozwi\u0105zania prawne dotycz\u0105ce inwestycji w farmy wiatrowe, kt\u00f3re oparte s\u0105 na najlepszych dost\u0119pnych wzorcach. Zach\u0119ca te\u017c lokalne spo\u0142eczno\u015bci i organizacje pozarz\u0105dowe do podejmowania dzia\u0142a\u0144, gdy standardy takie s\u0105 naruszane.<\/li>\n<\/ol>\n\n<p>Przypisy:<\/p>\n\n<p>[1] IPCCC SRRREN report: Renewable energy sources and climate change mitigation. <a href=\"http:\/\/srren.ipcc-wg3.de\/report\">http:\/\/srren.ipcc-wg3.de\/report<\/a><br>[2] <a href=\"https:\/\/www.greenpeace.org\/static\/planet4-poland-stateless\/2019\/06\/51ddee2e-51ddee2e-koszty_wegla_ekspertyza.pdf\">Koszty zewn\u0119trzne produkcji energii elektrycznej z projektowanych elektrowni dla kompleks\u00f3w z\u0142o\u017cowych w\u0119gla brunatnego Legnica i Gubin oraz sektora energetycznego w Polsce<\/a>\u201d, dr hab. in\u017c. Mariusz Kude\u0142ko, profesor Akademii G\u00f3rniczo \u2013 Hutniczej<br>[3] <a href=\"http:\/\/www.guardian.co.uk\/environment\/damian-carrington-blog\/2012\/jun\/04\/wind-farm-power-opposition\">http:\/\/www.guardian.co.uk\/environment\/damian-carrington-blog\/2012\/jun\/04\/wind-farm-power-opposition<\/a><br>[4] Wytyczne w zakresie ocen oddzia\u0142ywania elektrowni wiatrowych na ptaki: <a href=\"https:\/\/otop.org.pl\/uploads\/media\/wiatraki_otop_psew.pdf\">https:\/\/otop.org.pl\/uploads\/media\/wiatraki_otop_psew.pdf<\/a><\/p>\n\t\t\t<section\n\t\t\tclass=\"boxout post-30 \"\n\t\t\t\n\t\t>\n\t\t\t<a\n\t\t\t\tdata-ga-category=\"Take Action Boxout\"\n\t\t\t\tdata-ga-action=\"Image\"\n\t\t\t\tdata-ga-label=\"n\/a\"\n\t\t\t\tclass=\"cover-card-overlay\"\n\t\t\t\thref=\"https:\/\/www.greenpeace.org\/poland\/dzialaj-old\/dzialaj-dla-klimatu\/\" \n\t\t\t><\/a>\n\t\t\t\t\t\t\t<img\n\t\t\t\t\t\tsrc=\"https:\/\/www.greenpeace.org\/static\/planet4-poland-stateless\/2021\/09\/06f1e79a-51439660800_dcf586c521_k-1024x683.jpg\"\n\t\t\t\t\t\tsrcset=\"https:\/\/www.greenpeace.org\/static\/planet4-poland-stateless\/2021\/09\/06f1e79a-51439660800_dcf586c521_k-300x200.jpg 300w, https:\/\/www.greenpeace.org\/static\/planet4-poland-stateless\/2021\/09\/06f1e79a-51439660800_dcf586c521_k-1024x683.jpg 1024w, https:\/\/www.greenpeace.org\/static\/planet4-poland-stateless\/2021\/09\/06f1e79a-51439660800_dcf586c521_k-768x512.jpg 768w, https:\/\/www.greenpeace.org\/static\/planet4-poland-stateless\/2021\/09\/06f1e79a-51439660800_dcf586c521_k-1536x1024.jpg 1536w, https:\/\/www.greenpeace.org\/static\/planet4-poland-stateless\/2021\/09\/06f1e79a-51439660800_dcf586c521_k-510x340.jpg 510w, https:\/\/www.greenpeace.org\/static\/planet4-poland-stateless\/2021\/09\/06f1e79a-51439660800_dcf586c521_k.jpg 2048w\"\n\t\t\t\t\t\tsizes=\"(min-width: 1000px) 358px, (min-width: 780px) 313px, 88px\"\n\t\t\t\t\t\talt=\"\" title=\"\"\n\t\t\t\t\/>\n            \t\t\t<div class=\"boxout-content\">\n\t\t\t\t\t\t\t\t\t<a\n\t\t\t\t\t\tclass=\"boxout-heading medium\"\n\t\t\t\t\t\tdata-ga-category=\"Take Action Boxout\"\n\t\t\t\t\t\tdata-ga-action=\"Title\"\n\t\t\t\t\t\tdata-ga-label=\"n\/a\"\n\t\t\t\t\t\thref=\"https:\/\/www.greenpeace.org\/poland\/dzialaj-old\/dzialaj-dla-klimatu\/\"\n\t\t\t\t\t\t\n\t\t\t\t\t>\n\t\t\t\t\t\tDzia\u0142aj dla klimatu!\n\t\t\t\t\t<\/a>\n\t\t\t\t\t\t\t\t\t\t\t\t\t<p class=\"boxout-excerpt\">Jedyna szansa, \u017ceby ochroni\u0107 \u015bwiat przed katastrof\u0105 klimatyczn\u0105, to podj\u0119cie natychmiastowych dzia\u0142a\u0144. Dlatego wszyscy musimy zacz\u0105\u0107 dzia\u0142a\u0107 &#8211; nim b\u0119dzie za p\u00f3\u017ano.<\/p>\n\t\t\t\t                                    <a\n                        class=\"btn btn-primary\"\n                        data-ga-category=\"Take Action Boxout\"\n                        data-ga-action=\"Call to Action\"\n                        data-ga-label=\"n\/a\"\n                        href=\"https:\/\/www.greenpeace.org\/poland\/dzialaj-old\/dzialaj-dla-klimatu\/\"\n                        \n                    >\n                        Dzia\u0142aj!\n                    <\/a>\n                \t\t\t<\/div>\n\t\t\t\t\t<\/section>\n\t","protected":false},"excerpt":{"rendered":"<p>Greenpeace stoi na stanowisku, \u017ce farmy wiatrowe powinny powstawa\u0107 tam, gdzie nie przeszkadzaj\u0105 ludziom i nie zagra\u017caj\u0105 \u015brodowisku, a w szczeg\u00f3lno\u015bci tam, gdzie ich powstawanie s\u0142u\u017cy planecie nie staj\u0105c si\u0119 jednocze\u015bnie kolejn\u0105 rzecz\u0105, kt\u00f3ra dzieli ludzi.<\/p>\n","protected":false},"author":28,"featured_media":32350,"comment_status":"closed","ping_status":"closed","sticky":false,"template":"","format":"standard","meta":{"ep_exclude_from_search":false,"p4_og_title":"","p4_og_description":"","p4_og_image":"","p4_og_image_id":"","p4_seo_canonical_url":"","p4_campaign_name":"","p4_local_project":"","p4_basket_name":"","p4_department":"","footnotes":""},"categories":[2],"tags":[7],"p4-page-type":[30],"class_list":["post-2085","post","type-post","status-publish","format-standard","has-post-thumbnail","hentry","category-klimat-energia","tag-czysta-energia","p4-page-type-komentarze"],"_links":{"self":[{"href":"https:\/\/www.greenpeace.org\/poland\/wp-json\/wp\/v2\/posts\/2085","targetHints":{"allow":["GET"]}}],"collection":[{"href":"https:\/\/www.greenpeace.org\/poland\/wp-json\/wp\/v2\/posts"}],"about":[{"href":"https:\/\/www.greenpeace.org\/poland\/wp-json\/wp\/v2\/types\/post"}],"author":[{"embeddable":true,"href":"https:\/\/www.greenpeace.org\/poland\/wp-json\/wp\/v2\/users\/28"}],"replies":[{"embeddable":true,"href":"https:\/\/www.greenpeace.org\/poland\/wp-json\/wp\/v2\/comments?post=2085"}],"version-history":[{"count":6,"href":"https:\/\/www.greenpeace.org\/poland\/wp-json\/wp\/v2\/posts\/2085\/revisions"}],"predecessor-version":[{"id":3682,"href":"https:\/\/www.greenpeace.org\/poland\/wp-json\/wp\/v2\/posts\/2085\/revisions\/3682"}],"wp:featuredmedia":[{"embeddable":true,"href":"https:\/\/www.greenpeace.org\/poland\/wp-json\/wp\/v2\/media\/32350"}],"wp:attachment":[{"href":"https:\/\/www.greenpeace.org\/poland\/wp-json\/wp\/v2\/media?parent=2085"}],"wp:term":[{"taxonomy":"category","embeddable":true,"href":"https:\/\/www.greenpeace.org\/poland\/wp-json\/wp\/v2\/categories?post=2085"},{"taxonomy":"post_tag","embeddable":true,"href":"https:\/\/www.greenpeace.org\/poland\/wp-json\/wp\/v2\/tags?post=2085"},{"taxonomy":"p4-page-type","embeddable":true,"href":"https:\/\/www.greenpeace.org\/poland\/wp-json\/wp\/v2\/p4-page-type?post=2085"}],"curies":[{"name":"wp","href":"https:\/\/api.w.org\/{rel}","templated":true}]}}