{"id":2143,"date":"2017-06-12T00:00:00","date_gmt":"2017-06-11T22:00:00","guid":{"rendered":"https:\/\/master.k8s.p4.greenpeace.org\/poland\/article\/2143\/dotowanie-wegla-to-studnia-bez-dna-pora-na-odpowiedzialne-rozwiazania\/"},"modified":"2019-11-06T11:05:21","modified_gmt":"2019-11-06T09:05:21","slug":"dotowanie-wegla-to-studnia-bez-dna-pora-na-odpowiedzialne-rozwiazania","status":"publish","type":"post","link":"https:\/\/www.greenpeace.org\/poland\/aktualnosci\/2143\/dotowanie-wegla-to-studnia-bez-dna-pora-na-odpowiedzialne-rozwiazania\/","title":{"rendered":"Dotowanie w\u0119gla to studnia bez dna &#8211; pora na odpowiedzialne rozwi\u0105zania"},"content":{"rendered":"<div class=\"leader\" style=\"font-weight: bold;margin-bottom: 12px\">\tRaport Najwy\u017cszej Izby Kontroli \u201eFunkcjonowanie g\u00f3rnictwa w\u0119gla kamiennego w latach 2007-2015\u201d to kolejny dokument, kt\u00f3ry obna\u017ca fataln\u0105 kondycj\u0119 sektora g\u00f3rnictwa w Polsce i brak jakiejkolwiek d\u0142ugofalowej wizji dla tej bran\u017cy. W latach 2007-2015 sektor g\u00f3rnictwa w\u0119gla kamiennego otrzyma\u0142 wsparcie ze Skarbu Pa\u0144stwa w wysoko\u015bci 65,7 mld z\u0142otych, co jednak nie prze\u0142o\u017cy\u0142o si\u0119 na zapewnienie jego rentowno\u015bci.<\/div>\n<div>\n<p>Opracowanie programu rz\u0105dowego dla g\u00f3rnictwa na lata 2007-2015 raport NIK okre\u015bla jako nierzetelne i oderwane od reali\u00f3w rynkowych, podobnie jak powsta\u0142e na jego podstawie strategie dzia\u0142alno\u015bci poszczeg\u00f3lnych sp\u00f3\u0142ek w\u0119glowych. NIK punktuje r\u00f3wnie\u017c nadz\u00f3r nad realizacj\u0105 programu, przeprowadzony nierzetelnie i w spos\u00f3b niezgodny z jego za\u0142o\u017ceniami.<\/p>\n<p>Magdalena Zowsik, ekspertka Greenpeace ds. polityki energetycznej komentuje:<\/p>\n<p><em>Raport pokazuje nieudolno\u015b\u0107 dzia\u0142a\u0144 podejmowanych przez polityk\u00f3w w celu zapewnienia \u00a0rentowno\u015bci polskiego g\u00f3rnictwa i udowadnia, \u017ce bez g\u0142\u0119bokiej i rzetelnej restrukturyzacji, sektor ten b\u0119dzie dalej drenowa\u0142 polski bud\u017cet. Jednocze\u015bnie g\u00f3rnicy \u2013 wbrew temu co zapowiadaj\u0105 kolejne rz\u0105dy \u2013 nie mog\u0105 w d\u0142u\u017cszej perspektywie liczy\u0107 na utrzymanie swoich miejsc pracy, a wizji transformacji tego sektora wci\u0105\u017c brak. Wizja ta powinna by\u0107 cz\u0119\u015bci\u0105 strategii rozwoju energetyki, kt\u00f3ra b\u0119dzie odpowiada\u0107 na globalne trendy w energetyce, wyzwania klimatyczne oraz konieczno\u015b\u0107 ochrony zdrowia i \u017cycia obywateli. To oznacza stopniowe odchodzenie od w\u0119gla i trzeba powa\u017cnie podej\u015b\u0107 do zadania uczynienia tego w spos\u00f3b spo\u0142ecznie odpowiedzialny. Dalsze oszukiwanie g\u00f3rnik\u00f3w, \u017ce \u201cjako\u015b to b\u0119dzie\u201d jest po prostu moralnie niedopuszczalne.<\/em><\/p>\n<p><em>Niestety, tak\u017ce dzia\u0142ania podejmowane ju\u017c po okresie obj\u0119tym raportem NIK-u, a wi\u0119c powo\u0142anie Polskiej Grupy G\u00f3rniczej w 2016 r. to kolejne posuni\u0119cie obliczone na dora\u017any efekt. Zamiast g\u0142\u0119bokiej, odpowiedzialnej spo\u0142ecznie reformy g\u00f3rnictwa zaproponowano wielk\u0105 narodow\u0105 zrzutk\u0119 na \u0142atanie coraz wi\u0119kszych dziur w finansach sektora. Tymczasem pa\u0144stwo powinno pomy\u015ble\u0107 powa\u017cnie o realnych rozwi\u0105zaniach pog\u0142\u0119biaj\u0105cego si\u0119 kryzysu w tej bran\u017cy.<\/em><\/p>\n<\/div>\n","protected":false},"excerpt":{"rendered":"<div>\n\tRaport Najwy\u017cszej Izby Kontroli \u201eFunkcjonowanie g\u00f3rnictwa w\u0119gla kamiennego w latach 2007-2015\u201d to kolejny dokument, kt\u00f3ry obna\u017ca fataln\u0105 kondycj\u0119 sektora g\u00f3rnictwa w Polsce i brak jakiejkolwiek d\u0142ugofalowej wizji dla tej bran\u017cy. W latach 2007-2015 sektor g\u00f3rnictwa w\u0119gla kamiennego otrzyma\u0142 wsparcie ze Skarbu Pa\u0144stwa w wysoko\u015bci 65,7 mld z\u0142otych, co jednak nie prze\u0142o\u017cy\u0142o si\u0119 na zapewnienie jego rentowno\u015bci.\n<\/div>\n","protected":false},"author":28,"featured_media":0,"comment_status":"closed","ping_status":"closed","sticky":false,"template":"","format":"standard","meta":{"ep_exclude_from_search":false,"p4_og_title":"","p4_og_description":"","p4_og_image":"","p4_og_image_id":"","p4_seo_canonical_url":"","p4_campaign_name":"","p4_local_project":"","p4_basket_name":"","p4_department":"","footnotes":""},"categories":[2],"tags":[18],"p4-page-type":[14],"class_list":["post-2143","post","type-post","status-publish","format-standard","hentry","category-klimat-energia","tag-wegiel","p4-page-type-aktualnosci"],"_links":{"self":[{"href":"https:\/\/www.greenpeace.org\/poland\/wp-json\/wp\/v2\/posts\/2143","targetHints":{"allow":["GET"]}}],"collection":[{"href":"https:\/\/www.greenpeace.org\/poland\/wp-json\/wp\/v2\/posts"}],"about":[{"href":"https:\/\/www.greenpeace.org\/poland\/wp-json\/wp\/v2\/types\/post"}],"author":[{"embeddable":true,"href":"https:\/\/www.greenpeace.org\/poland\/wp-json\/wp\/v2\/users\/28"}],"replies":[{"embeddable":true,"href":"https:\/\/www.greenpeace.org\/poland\/wp-json\/wp\/v2\/comments?post=2143"}],"version-history":[{"count":1,"href":"https:\/\/www.greenpeace.org\/poland\/wp-json\/wp\/v2\/posts\/2143\/revisions"}],"predecessor-version":[{"id":2144,"href":"https:\/\/www.greenpeace.org\/poland\/wp-json\/wp\/v2\/posts\/2143\/revisions\/2144"}],"wp:attachment":[{"href":"https:\/\/www.greenpeace.org\/poland\/wp-json\/wp\/v2\/media?parent=2143"}],"wp:term":[{"taxonomy":"category","embeddable":true,"href":"https:\/\/www.greenpeace.org\/poland\/wp-json\/wp\/v2\/categories?post=2143"},{"taxonomy":"post_tag","embeddable":true,"href":"https:\/\/www.greenpeace.org\/poland\/wp-json\/wp\/v2\/tags?post=2143"},{"taxonomy":"p4-page-type","embeddable":true,"href":"https:\/\/www.greenpeace.org\/poland\/wp-json\/wp\/v2\/p4-page-type?post=2143"}],"curies":[{"name":"wp","href":"https:\/\/api.w.org\/{rel}","templated":true}]}}