{"id":2216,"date":"2013-06-28T00:00:00","date_gmt":"2013-06-27T22:00:00","guid":{"rendered":"https:\/\/master.k8s.p4.greenpeace.org\/poland\/article\/2216\/raport-greenpeace-wegiel-zabija\/"},"modified":"2019-11-06T11:06:05","modified_gmt":"2019-11-06T09:06:05","slug":"raport-greenpeace-wegiel-zabija","status":"publish","type":"post","link":"https:\/\/www.greenpeace.org\/poland\/raporty\/2216\/raport-greenpeace-wegiel-zabija\/","title":{"rendered":"Raport Greenpeace: W\u0119giel zabija."},"content":{"rendered":"<div class=\"leader\" style=\"font-weight: bold; margin-bottom: 12px;\">Raport Greenpeace: Analiza koszt\u00f3w zdrowotnych emisji zanieczyszcze\u0144 z polskiego sektora energetycznego. Czerwiec 2013.<\/div>\n<div>\n<p>Elektrownie w\u0119glowe stanowi\u0105 obecnie jedno z najwi\u0119kszych \u017ar\u00f3de\u0142 emisji toksycznych substancji, kt\u00f3re zanieczyszczaj\u0105 powietrze \u2013 zar\u00f3wno w\u00a0skali krajowej, kontynentalnej, jak i ca\u0142ej planety. Wystarczy tu wskaza\u0107 na takie zagro\u017cenia, jak emisja gaz\u00f3w wywo\u0142uj\u0105cych kwa\u015bne deszcze (zw\u0142aszcza tlenk\u00f3w siarki i\u00a0azotu) oraz py\u0142\u00f3w (w tym sadzy i popio\u0142\u00f3w) powstaj\u0105cych na skutek spalania w\u0119gla, kt\u00f3re pod postaci\u0105 drobnych cz\u0105stek przedostaj\u0105 si\u0119 do p\u0142uc i krwiobiegu. Zanieczyszczenia te maj\u0105 negatywny wp\u0142yw na zdrowie ludzi. Mog\u0105 by\u0107 one przyczyn\u0105 zawa\u0142\u00f3w serca, nowotwor\u00f3w p\u0142uc, zaostrzenia napad\u00f3w astmy oraz innych schorze\u0144 uk\u0142adu oddechowego. To jednak nie wszystko. Kominy elektrowni w\u0119glowych wypuszczaj\u0105 do atmosfery tysi\u0105ce kilogram\u00f3w toksycznych metali, takich jak rt\u0119\u0107, o\u0142\u00f3w, arsen, kadm, chrom i nikiel. To za\u015b znacz\u0105co zwi\u0119ksza ryzyko wyst\u0105pienia nowotwor\u00f3w czy wad rozwojowych u dzieci.<\/p>\n<p>Pobierz pe\u0142ny raport:<\/p>\n<\/div>\n<p><a href=\"https:\/\/www.greenpeace.org\/static\/planet4-poland-stateless\/2019\/06\/22c0b79f-22c0b79f-raportgp_wegiel_zabija.pdf\" target=\"_blank\" rel=\"noopener noreferrer\">raportGP_wegiel_zabija<\/a><\/p>\n","protected":false},"excerpt":{"rendered":"<div>\n\tRaport Greenpeace: Analiza koszt\u00f3w zdrowotnych emisji zanieczyszcze\u0144 z polskiego sektora energetycznego. Czerwiec 2013.\n<\/div>\n","protected":false},"author":28,"featured_media":2531,"comment_status":"closed","ping_status":"closed","sticky":false,"template":"","format":"standard","meta":{"ep_exclude_from_search":false,"p4_og_title":"","p4_og_description":"","p4_og_image":"","p4_og_image_id":"","p4_seo_canonical_url":"","p4_campaign_name":"","p4_local_project":"","p4_basket_name":"","p4_department":"","footnotes":""},"categories":[2],"tags":[18],"p4-page-type":[15],"class_list":["post-2216","post","type-post","status-publish","format-standard","has-post-thumbnail","hentry","category-klimat-energia","tag-wegiel","p4-page-type-raporty"],"_links":{"self":[{"href":"https:\/\/www.greenpeace.org\/poland\/wp-json\/wp\/v2\/posts\/2216","targetHints":{"allow":["GET"]}}],"collection":[{"href":"https:\/\/www.greenpeace.org\/poland\/wp-json\/wp\/v2\/posts"}],"about":[{"href":"https:\/\/www.greenpeace.org\/poland\/wp-json\/wp\/v2\/types\/post"}],"author":[{"embeddable":true,"href":"https:\/\/www.greenpeace.org\/poland\/wp-json\/wp\/v2\/users\/28"}],"replies":[{"embeddable":true,"href":"https:\/\/www.greenpeace.org\/poland\/wp-json\/wp\/v2\/comments?post=2216"}],"version-history":[{"count":2,"href":"https:\/\/www.greenpeace.org\/poland\/wp-json\/wp\/v2\/posts\/2216\/revisions"}],"predecessor-version":[{"id":2532,"href":"https:\/\/www.greenpeace.org\/poland\/wp-json\/wp\/v2\/posts\/2216\/revisions\/2532"}],"wp:featuredmedia":[{"embeddable":true,"href":"https:\/\/www.greenpeace.org\/poland\/wp-json\/wp\/v2\/media\/2531"}],"wp:attachment":[{"href":"https:\/\/www.greenpeace.org\/poland\/wp-json\/wp\/v2\/media?parent=2216"}],"wp:term":[{"taxonomy":"category","embeddable":true,"href":"https:\/\/www.greenpeace.org\/poland\/wp-json\/wp\/v2\/categories?post=2216"},{"taxonomy":"post_tag","embeddable":true,"href":"https:\/\/www.greenpeace.org\/poland\/wp-json\/wp\/v2\/tags?post=2216"},{"taxonomy":"p4-page-type","embeddable":true,"href":"https:\/\/www.greenpeace.org\/poland\/wp-json\/wp\/v2\/p4-page-type?post=2216"}],"curies":[{"name":"wp","href":"https:\/\/api.w.org\/{rel}","templated":true}]}}