{"id":2236,"date":"2016-08-08T00:00:00","date_gmt":"2016-08-07T22:00:00","guid":{"rendered":"https:\/\/master.k8s.p4.greenpeace.org\/poland\/article\/2236\/raport-nie-tylko-miod-wartosc-zapylania-upraw-rolniczych-w-2015r\/"},"modified":"2026-03-11T12:45:48","modified_gmt":"2026-03-11T10:45:48","slug":"raport-nie-tylko-miod-wartosc-zapylania-upraw-rolniczych-w-2015r","status":"publish","type":"post","link":"https:\/\/www.greenpeace.org\/poland\/raporty\/2236\/raport-nie-tylko-miod-wartosc-zapylania-upraw-rolniczych-w-2015r\/","title":{"rendered":"Raport: Nie tylko mi\u00f3d. Warto\u015b\u0107 zapylania upraw rolniczych w 2015r."},"content":{"rendered":"\n<p><strong>A\u017c 4,1 miliarda z\u0142otych z ca\u0142kowitej warto\u015bci produkcji rolnej w Polsce to zas\u0142uga pszcz\u00f3\u0142.<\/strong><\/p>\n\n<p>Tyle wynios\u0142a warto\u015b\u0107 ich pracy, czyli zapylania upraw, w 2015 roku \u2013 wynika z opublikowanego dzi\u015b przez Greenpeace raportu \u201eNie tylko mi\u00f3d. Warto\u015b\u0107 ekonomiczna zapylania upraw rolniczych w Polsce w 2015 roku\u201d. Jest to pierwsze tego typu opracowanie w Polsce. Przygotowanie raportu by\u0142o mo\u017cliwe dzi\u0119ki wsparciu os\u00f3b, kt\u00f3re wzi\u0119\u0142y udzia\u0142 w trzeciej edycji akcji Adoptuj Pszczo\u0142\u0119.<\/p>\n\n<figure class=\"wp-block-image size-full\"><img loading=\"lazy\" decoding=\"async\" width=\"700\" height=\"697\" src=\"https:\/\/www.greenpeace.org\/static\/planet4-poland-stateless\/2026\/03\/1b050b1b-wartosc-zapylania.jpg\" alt=\"\" class=\"wp-image-39701\" srcset=\"https:\/\/www.greenpeace.org\/static\/planet4-poland-stateless\/2026\/03\/1b050b1b-wartosc-zapylania.jpg 700w, https:\/\/www.greenpeace.org\/static\/planet4-poland-stateless\/2026\/03\/1b050b1b-wartosc-zapylania-500x498.jpg 500w, https:\/\/www.greenpeace.org\/static\/planet4-poland-stateless\/2026\/03\/1b050b1b-wartosc-zapylania-300x300.jpg 300w, https:\/\/www.greenpeace.org\/static\/planet4-poland-stateless\/2026\/03\/1b050b1b-wartosc-zapylania-341x340.jpg 341w\" sizes=\"auto, (max-width: 700px) 100vw, 700px\" \/><\/figure>\n\n<p class=\"has-action-yellow-500-background-color has-background\"><strong>Pobierz raport:<\/strong> <a href=\"https:\/\/www.greenpeace.org\/static\/planet4-poland-stateless\/2019\/06\/55f68b00-55f68b00-nie_tylko_miod_raport_web.pdf\" target=\"_blank\" rel=\"noreferrer noopener\">Nie tylko mi\u00f3d. Warto\u015b\u0107 zapylania upraw w 2015r.<\/a><\/p>\n\t\t\t<section\n\t\t\tclass=\"boxout post-709 \"\n\t\t\t\n\t\t>\n\t\t\t<a\n\t\t\t\tdata-ga-category=\"Take Action Boxout\"\n\t\t\t\tdata-ga-action=\"Image\"\n\t\t\t\tdata-ga-label=\"n\/a\"\n\t\t\t\tclass=\"cover-card-overlay\"\n\t\t\t\thref=\"https:\/\/www.greenpeace.org\/poland\/dzialaj-old\/wesprzyj-ochrone-pszczol-darowizna\/\" \n\t\t\t><\/a>\n\t\t\t\t\t\t\t<img\n\t\t\t\t\t\tsrc=\"https:\/\/www.greenpeace.org\/static\/planet4-poland-stateless\/2019\/06\/b733b406-bee-bumblebee-close-up-998248-1024x576.jpg\"\n\t\t\t\t\t\tsrcset=\"https:\/\/www.greenpeace.org\/static\/planet4-poland-stateless\/2019\/06\/b733b406-bee-bumblebee-close-up-998248-300x169.jpg 300w, https:\/\/www.greenpeace.org\/static\/planet4-poland-stateless\/2019\/06\/b733b406-bee-bumblebee-close-up-998248-768x432.jpg 768w, https:\/\/www.greenpeace.org\/static\/planet4-poland-stateless\/2019\/06\/b733b406-bee-bumblebee-close-up-998248-1024x576.jpg 1024w, https:\/\/www.greenpeace.org\/static\/planet4-poland-stateless\/2019\/06\/b733b406-bee-bumblebee-close-up-998248-2048x1152.jpg 2048w, https:\/\/www.greenpeace.org\/static\/planet4-poland-stateless\/2019\/06\/b733b406-bee-bumblebee-close-up-998248-510x287.jpg 510w, https:\/\/www.greenpeace.org\/static\/planet4-poland-stateless\/2019\/06\/b733b406-bee-bumblebee-close-up-998248-e1565274653260.jpg 1500w\"\n\t\t\t\t\t\tsizes=\"(min-width: 1000px) 358px, (min-width: 780px) 313px, 88px\"\n\t\t\t\t\t\talt=\"Pszczo\u0142a miodna\" title=\"Pszczo\u0142a miodna\"\n\t\t\t\t\/>\n            \t\t\t<div class=\"boxout-content\">\n\t\t\t\t\t\t\t\t\t<a\n\t\t\t\t\t\tclass=\"boxout-heading medium\"\n\t\t\t\t\t\tdata-ga-category=\"Take Action Boxout\"\n\t\t\t\t\t\tdata-ga-action=\"Title\"\n\t\t\t\t\t\tdata-ga-label=\"n\/a\"\n\t\t\t\t\t\thref=\"https:\/\/www.greenpeace.org\/poland\/dzialaj-old\/wesprzyj-ochrone-pszczol-darowizna\/\"\n\t\t\t\t\t\t\n\t\t\t\t\t>\n\t\t\t\t\t\tWesprzyj ochron\u0119 pszcz\u00f3\u0142\n\t\t\t\t\t<\/a>\n\t\t\t\t\t\t\t\t\t\t\t\t\t<p class=\"boxout-excerpt\">Wesprzyj dzia\u0142ania na rzecz Polski przyjaznej pszczo\u0142om i innym dzikim zapylaczom \ud83d\ude42<\/p>\n\t\t\t\t                                    <a\n                        class=\"btn btn-primary\"\n                        data-ga-category=\"Take Action Boxout\"\n                        data-ga-action=\"Call to Action\"\n                        data-ga-label=\"n\/a\"\n                        href=\"https:\/\/www.greenpeace.org\/poland\/dzialaj-old\/wesprzyj-ochrone-pszczol-darowizna\/\"\n                        \n                    >\n                        Wesprzyj!\n                    <\/a>\n                \t\t\t<\/div>\n\t\t\t\t\t<\/section>\n\t","protected":false},"excerpt":{"rendered":"<p>A\u017c 4,1 miliarda z\u0142otych z ca\u0142kowitej warto\u015bci produkcji rolnej w Polsce to zas\u0142uga pszcz\u00f3\u0142. <\/p>\n","protected":false},"author":28,"featured_media":2299,"comment_status":"closed","ping_status":"closed","sticky":false,"template":"","format":"standard","meta":{"ep_exclude_from_search":false,"p4_og_title":"","p4_og_description":"","p4_og_image":"","p4_og_image_id":"","p4_seo_canonical_url":"","p4_campaign_name":"","p4_local_project":"","p4_basket_name":"","p4_department":"","footnotes":""},"categories":[4],"tags":[28,27],"p4-page-type":[15],"class_list":["post-2236","post","type-post","status-publish","format-standard","has-post-thumbnail","hentry","category-rolnictwo","tag-pszczoly","tag-rolnictwo","p4-page-type-raporty"],"_links":{"self":[{"href":"https:\/\/www.greenpeace.org\/poland\/wp-json\/wp\/v2\/posts\/2236","targetHints":{"allow":["GET"]}}],"collection":[{"href":"https:\/\/www.greenpeace.org\/poland\/wp-json\/wp\/v2\/posts"}],"about":[{"href":"https:\/\/www.greenpeace.org\/poland\/wp-json\/wp\/v2\/types\/post"}],"author":[{"embeddable":true,"href":"https:\/\/www.greenpeace.org\/poland\/wp-json\/wp\/v2\/users\/28"}],"replies":[{"embeddable":true,"href":"https:\/\/www.greenpeace.org\/poland\/wp-json\/wp\/v2\/comments?post=2236"}],"version-history":[{"count":5,"href":"https:\/\/www.greenpeace.org\/poland\/wp-json\/wp\/v2\/posts\/2236\/revisions"}],"predecessor-version":[{"id":39702,"href":"https:\/\/www.greenpeace.org\/poland\/wp-json\/wp\/v2\/posts\/2236\/revisions\/39702"}],"wp:featuredmedia":[{"embeddable":true,"href":"https:\/\/www.greenpeace.org\/poland\/wp-json\/wp\/v2\/media\/2299"}],"wp:attachment":[{"href":"https:\/\/www.greenpeace.org\/poland\/wp-json\/wp\/v2\/media?parent=2236"}],"wp:term":[{"taxonomy":"category","embeddable":true,"href":"https:\/\/www.greenpeace.org\/poland\/wp-json\/wp\/v2\/categories?post=2236"},{"taxonomy":"post_tag","embeddable":true,"href":"https:\/\/www.greenpeace.org\/poland\/wp-json\/wp\/v2\/tags?post=2236"},{"taxonomy":"p4-page-type","embeddable":true,"href":"https:\/\/www.greenpeace.org\/poland\/wp-json\/wp\/v2\/p4-page-type?post=2236"}],"curies":[{"name":"wp","href":"https:\/\/api.w.org\/{rel}","templated":true}]}}