{"id":2571,"date":"2017-10-19T16:59:38","date_gmt":"2017-10-19T14:59:38","guid":{"rendered":"https:\/\/master.k8s.p4.greenpeace.org\/poland\/?p=2571"},"modified":"2025-07-02T09:34:57","modified_gmt":"2025-07-02T07:34:57","slug":"raport-polowanie-czyli-ochrona-zubra-po-polsku","status":"publish","type":"post","link":"https:\/\/www.greenpeace.org\/poland\/raporty\/2571\/raport-polowanie-czyli-ochrona-zubra-po-polsku\/","title":{"rendered":"Raport: Polowanie, czyli ochrona \u017cubra po polsku"},"content":{"rendered":"<div class=\"leader\">W tym momencie 40 polskich \u017cubr\u00f3w czeka na \u015bmier\u0107 z r\u0119ki my\u015bliwych w nadle\u015bnictwach Borki i Krynki. Wi\u0119kszo\u015b\u0107 z nich nie musi gin\u0105\u0107 \u2013 nie s\u0105 chore ani agresywne. Greenpeace Polska publikuje raport, w kt\u00f3rym szczeg\u00f3\u0142owo om\u00f3wiony jest tocz\u0105cy si\u0119 od lat proceder, w wyniku kt\u00f3rego \u015bci\u015ble chroniony gatunek, symbol ochrony polskiej przyrody, staje si\u0119 gatunkiem \u0142ownym.<\/div>\n<div>\n<p>Raportowi towarzyszy prezentacja, ukazuj\u0105ca na czym polega mechanizm polowa\u0144 na \u017cubry:<\/p>\n<p><a href=\"https:\/\/readymag.com\/\u65665397\/881608\/\">https:\/\/readymag.com\/\u65665397\/881608\/<\/a><\/p>\n<\/div>\n<p><strong>Pobierz raport:<\/strong><\/p>\n<p><a href=\"https:\/\/www.greenpeace.org\/static\/planet4-poland-stateless\/2019\/06\/41bca41c-41bca41c-polowanie_czyli-ochrona_zubra_po-polsku_strony.pdf\" rel=\"attachment wp-att-1978\">Polowanie, czyli ochrona \u017cubra po polsku<\/a><\/p>\n\t\t\t<section\n\t\t\tclass=\"boxout post-2954 \"\n\t\t\t\n\t\t>\n\t\t\t<a\n\t\t\t\tdata-ga-category=\"Take Action Boxout\"\n\t\t\t\tdata-ga-action=\"Image\"\n\t\t\t\tdata-ga-label=\"n\/a\"\n\t\t\t\tclass=\"cover-card-overlay\"\n\t\t\t\thref=\"https:\/\/www.greenpeace.org\/poland\/dzialaj-old\/wesprzyj-ochrone-zubrow\/\" \n\t\t\t><\/a>\n\t\t\t\t\t\t\t<img\n\t\t\t\t\t\tsrc=\"https:\/\/www.greenpeace.org\/static\/planet4-poland-stateless\/2019\/12\/5030ae7d-zubr-wesprzyj.jpg\"\n\t\t\t\t\t\tsrcset=\"https:\/\/www.greenpeace.org\/static\/planet4-poland-stateless\/2019\/12\/5030ae7d-zubr-wesprzyj-300x295.jpg 300w, https:\/\/www.greenpeace.org\/static\/planet4-poland-stateless\/2019\/12\/5030ae7d-zubr-wesprzyj-768x756.jpg 768w, https:\/\/www.greenpeace.org\/static\/planet4-poland-stateless\/2019\/12\/5030ae7d-zubr-wesprzyj-346x340.jpg 346w, https:\/\/www.greenpeace.org\/static\/planet4-poland-stateless\/2019\/12\/5030ae7d-zubr-wesprzyj.jpg 809w\"\n\t\t\t\t\t\tsizes=\"(min-width: 1000px) 358px, (min-width: 780px) 313px, 88px\"\n\t\t\t\t\t\talt=\"\" title=\"\"\n\t\t\t\t\/>\n            \t\t\t<div class=\"boxout-content\">\n\t\t\t\t\t\t\t\t\t<a\n\t\t\t\t\t\tclass=\"boxout-heading medium\"\n\t\t\t\t\t\tdata-ga-category=\"Take Action Boxout\"\n\t\t\t\t\t\tdata-ga-action=\"Title\"\n\t\t\t\t\t\tdata-ga-label=\"n\/a\"\n\t\t\t\t\t\thref=\"https:\/\/www.greenpeace.org\/poland\/dzialaj-old\/wesprzyj-ochrone-zubrow\/\"\n\t\t\t\t\t\t\n\t\t\t\t\t>\n\t\t\t\t\t\tWesprzyj ochron\u0119 \u017cubr\u00f3w\n\t\t\t\t\t<\/a>\n\t\t\t\t\t\t\t\t                                    <a\n                        class=\"btn btn-primary\"\n                        data-ga-category=\"Take Action Boxout\"\n                        data-ga-action=\"Call to Action\"\n                        data-ga-label=\"n\/a\"\n                        href=\"https:\/\/www.greenpeace.org\/poland\/dzialaj-old\/wesprzyj-ochrone-zubrow\/\"\n                        \n                    >\n                        Dzia\u0142aj!\n                    <\/a>\n                \t\t\t<\/div>\n\t\t\t\t\t<\/section>\n\t","protected":false},"excerpt":{"rendered":"<p>W tym momencie 40 polskich \u017cubr\u00f3w czeka na \u015bmier\u0107 z r\u0119ki my\u015bliwych w nadle\u015bnictwach Borki i Krynki. Wi\u0119kszo\u015b\u0107 z nich nie musi gin\u0105\u0107 \u2013 nie s\u0105 chore ani agresywne. Greenpeace&hellip;<\/p>\n","protected":false},"author":25,"featured_media":2572,"comment_status":"closed","ping_status":"open","sticky":false,"template":"","format":"standard","meta":{"ep_exclude_from_search":false,"p4_og_title":"","p4_og_description":"","p4_og_image":"","p4_og_image_id":"","p4_seo_canonical_url":"","p4_campaign_name":"","p4_local_project":"","p4_basket_name":"","p4_department":"","footnotes":""},"categories":[3],"tags":[26],"p4-page-type":[15],"class_list":["post-2571","post","type-post","status-publish","format-standard","has-post-thumbnail","hentry","category-przyroda","tag-ochrona-przyrody","p4-page-type-raporty"],"_links":{"self":[{"href":"https:\/\/www.greenpeace.org\/poland\/wp-json\/wp\/v2\/posts\/2571","targetHints":{"allow":["GET"]}}],"collection":[{"href":"https:\/\/www.greenpeace.org\/poland\/wp-json\/wp\/v2\/posts"}],"about":[{"href":"https:\/\/www.greenpeace.org\/poland\/wp-json\/wp\/v2\/types\/post"}],"author":[{"embeddable":true,"href":"https:\/\/www.greenpeace.org\/poland\/wp-json\/wp\/v2\/users\/25"}],"replies":[{"embeddable":true,"href":"https:\/\/www.greenpeace.org\/poland\/wp-json\/wp\/v2\/comments?post=2571"}],"version-history":[{"count":8,"href":"https:\/\/www.greenpeace.org\/poland\/wp-json\/wp\/v2\/posts\/2571\/revisions"}],"predecessor-version":[{"id":37266,"href":"https:\/\/www.greenpeace.org\/poland\/wp-json\/wp\/v2\/posts\/2571\/revisions\/37266"}],"wp:featuredmedia":[{"embeddable":true,"href":"https:\/\/www.greenpeace.org\/poland\/wp-json\/wp\/v2\/media\/2572"}],"wp:attachment":[{"href":"https:\/\/www.greenpeace.org\/poland\/wp-json\/wp\/v2\/media?parent=2571"}],"wp:term":[{"taxonomy":"category","embeddable":true,"href":"https:\/\/www.greenpeace.org\/poland\/wp-json\/wp\/v2\/categories?post=2571"},{"taxonomy":"post_tag","embeddable":true,"href":"https:\/\/www.greenpeace.org\/poland\/wp-json\/wp\/v2\/tags?post=2571"},{"taxonomy":"p4-page-type","embeddable":true,"href":"https:\/\/www.greenpeace.org\/poland\/wp-json\/wp\/v2\/p4-page-type?post=2571"}],"curies":[{"name":"wp","href":"https:\/\/api.w.org\/{rel}","templated":true}]}}