{"id":2702,"date":"2020-06-23T19:59:00","date_gmt":"2020-06-23T17:59:00","guid":{"rendered":"https:\/\/master.k8s.p4.greenpeace.org\/poland\/?p=2702"},"modified":"2023-04-30T13:00:57","modified_gmt":"2023-04-30T11:00:57","slug":"historia-greenpeace","status":"publish","type":"post","link":"https:\/\/www.greenpeace.org\/poland\/artykuly\/2702\/historia-greenpeace\/","title":{"rendered":"Historia Greenpeace"},"content":{"rendered":"\n<h3 class=\"wp-block-heading\">Trudno w to uwierzy\u0107, ale historia Greenpeace liczy ju\u017c ponad 50 lat!<\/h3>\n\n<p>W\u00a01971\u00a0roku grupa zapale\u0144c\u00f3w na pok\u0142adzie zardzewia\u0142ej \u0142ajby\u00a0<em>Philis Cormac<\/em>\u00a0wyp\u0142yn\u0119\u0142a z Vancouver, \u017ceby zaprotestowa\u0107 przeciwko pr\u00f3bom j\u0105drowym prowadzonym przez rz\u0105d USA na wyspie Aleutian. Ta pierwsza, spontaniczna wyprawa nie zako\u0144czy\u0142a si\u0119 spektakularnym sukcesem, jednak stworzy\u0142a fundamenty organizacji, kt\u00f3ra obecnie w ponad 50 krajach dzia\u0142a na rzecz eliminacji najwi\u0119kszych zagro\u017ce\u0144 \u015brodowiska naturalnego, z jakimi si\u0119 borykamy.<\/p>\n\n<figure class=\"wp-block-embed is-type-video is-provider-youtube wp-block-embed-youtube wp-embed-aspect-16-9 wp-has-aspect-ratio\"><div class=\"wp-block-embed__wrapper\">\n<iframe loading=\"lazy\" title=\"Keep fighting: Greenpeace 50 years of hope in action\" width=\"500\" height=\"281\" src=\"https:\/\/www.youtube-nocookie.com\/embed\/TAdqD6mZPmc?feature=oembed&#038;rel=0\" frameborder=\"0\" allow=\"accelerometer; autoplay; clipboard-write; encrypted-media; gyroscope; picture-in-picture; web-share\" referrerpolicy=\"strict-origin-when-cross-origin\" allowfullscreen><\/iframe>\n<\/div><\/figure>\n\n<p>W trakcie tych pi\u0119ciu dekad zaliczyli\u015bmy wzloty i upadki, ale najwa\u017cniejsze jest to, \u017ce wiele cel\u00f3w zosta\u0142o osi\u0105gni\u0119tych. Ju\u017c w 1972 roku, w wyniku kampanii zainicjowanej przez za\u0142o\u017cycieli Greenpeace, Stany Zjednoczone zrezygnowa\u0142y z przeprowadzania pr\u00f3b j\u0105drowych w rejonie wyspy Amchitka, na po\u0142udniowy \u2013 wsch\u00f3d od Alaski; w 1988 roku po \u017cmudnej kampanii na rzecz zako\u0144czenia wyrzucania niebezpiecznych substancji do morza, zostaje przyj\u0119ta Konwencja londy\u0144ska o zapobieganiu zanieczyszczaniu m\u00f3rz i zatapianiu odpad\u00f3w; w 1989 ONZ wprowadzi\u0142a zakaz stosowania sieci stawnych podczas po\u0142ow\u00f3w dalekomorskich; w 1995 roku dzi\u0119ki wsparciu Greenpeace rosyjski las Komi zosta\u0142 uznany przez UNESCO za \u015bwiatowe dziedzictwo; w 1999 roku dziewi\u0119\u0107 kraj\u00f3w wprowadzi\u0142o zakaz u\u017cycia PCW w zabawkach dla dzieci; w 2003 roku aktywi\u015bci Greenpeace wzi\u0119li udzia\u0142 w usuwaniu skutk\u00f3w wycieku ropy z tankowca Exxon Valdez, w 2005 roku firma Xerox, w wyniku nacisk\u00f3w wprowadzi\u0142a now\u0105 polityk\u0119 zaopatrzenia, w kt\u00f3rej zobowi\u0105zuje si\u0119 do zaprzestania wykorzystania drewna pochodz\u0105cego z cennych przyrodniczo obszar\u00f3w; w 2008 roku sz\u00f3stka wspinaczy bior\u0105cych udzia\u0142 w akcji na elektrowni Kingsnorth w Wielkiej Brytanii zosta\u0142a uniewinniona &#8211; uzasadnieniem decyzji s\u0105du jest \u201edzia\u0142anie na rzecz ratowania klimatu\u201d \u2013 to precedens w sprawach, jakie tocz\u0105 si\u0119 z udzia\u0142em ekolog\u00f3w; w 2010 roku zosta\u0142 podpisany najbardziej ambitny w historii plan ochrony Kanadyjskiego Lasu P\u00f3\u0142nocnego.<\/p>\n\n<p>Nie spoczywamy jednak na laurach, kolejne zwyci\u0119stwa daj\u0105 nam motywacj\u0119 do podejmowania dalszych krok\u00f3w na rzecz ochrony \u015brodowiska naturalnego.<br>Obecnie Greenpeace dzia\u0142a w ponad 55 krajach, wspiera nas 11 mln 600 tys. os\u00f3b na \u015bwiecie, z czego 2,8 mln regularnie wspiera nas finansowo. Dzi\u0119ki temu mo\u017cemy dzia\u0142a\u0107 na wszystkich kontynentach i \u2026 wszystkich oceanach \u015bwiata. Statki Greenpeace pomagaj\u0105 nam chroni\u0107 najbardziej wra\u017cliwe ekosystemy \u015bwiata &#8211; od Arktyki, poprzez Amazoni\u0119 a\u017c do Antarktydy. Wsp\u00f3\u0142pracujemy z naukowcami, lekarzami, prawnikami, dziennikarzami, studentami, in\u017cynierami, rodzicami i przedstawicielami przer\u00f3\u017cnych profesji i dziedzin \u017cycia w zale\u017cno\u015bci od potrzeb kampanii.<\/p>\n\n<p>Ludzie, kt\u00f3rzy tworz\u0105 Greenpeace, to zar\u00f3wno ekspertki i eksperci od poszczeg\u00f3lnych temat\u00f3w kampanijnych, jak i aktywistki i aktywi\u015bci. \u0141\u0105czy nas jedno: troska o przysz\u0142o\u015b\u0107 naszej planety i przekonanie, \u017ce dzi\u0119ki determinacji i wsp\u00f3\u0142pracy jeste\u015bmy w stanie wiele zdzia\u0142a\u0107 na rzecz realnych zmian. \u017byjemy w innych czasach ni\u017c osoby zak\u0142adaj\u0105ce Greenpeace, ale podzielamy te same przekonania, kt\u00f3re pchn\u0119\u0142y ich do dzia\u0142ania.<\/p>\n\t\t\t<section\n\t\t\tclass=\"boxout post-2650 \"\n\t\t\t\n\t\t>\n\t\t\t<a\n\t\t\t\tdata-ga-category=\"Take Action Boxout\"\n\t\t\t\tdata-ga-action=\"Image\"\n\t\t\t\tdata-ga-label=\"n\/a\"\n\t\t\t\tclass=\"cover-card-overlay\"\n\t\t\t\thref=\"https:\/\/www.greenpeace.org\/poland\/dzialaj-old\/wesprzyj-nas\/\" \n\t\t\t><\/a>\n\t\t\t\t\t\t\t<img\n\t\t\t\t\t\tsrc=\"https:\/\/www.greenpeace.org\/static\/planet4-poland-stateless\/2018\/05\/aa49ade7-gp0stqwmj_pressmedia-communit-policy-1024x684.jpg\"\n\t\t\t\t\t\tsrcset=\"https:\/\/www.greenpeace.org\/static\/planet4-poland-stateless\/2018\/05\/aa49ade7-gp0stqwmj_pressmedia-communit-policy-300x200.jpg 300w, https:\/\/www.greenpeace.org\/static\/planet4-poland-stateless\/2018\/05\/aa49ade7-gp0stqwmj_pressmedia-communit-policy-768x513.jpg 768w, https:\/\/www.greenpeace.org\/static\/planet4-poland-stateless\/2018\/05\/aa49ade7-gp0stqwmj_pressmedia-communit-policy-1024x684.jpg 1024w, https:\/\/www.greenpeace.org\/static\/planet4-poland-stateless\/2018\/05\/aa49ade7-gp0stqwmj_pressmedia-communit-policy-2046x1366.jpg 2046w, https:\/\/www.greenpeace.org\/static\/planet4-poland-stateless\/2018\/05\/aa49ade7-gp0stqwmj_pressmedia-communit-policy-510x340.jpg 510w, https:\/\/www.greenpeace.org\/static\/planet4-poland-stateless\/2018\/05\/aa49ade7-gp0stqwmj_pressmedia-communit-policy-e1565276312201.jpg 1200w\"\n\t\t\t\t\t\tsizes=\"(min-width: 1000px) 358px, (min-width: 780px) 313px, 88px\"\n\t\t\t\t\t\talt=\"\" title=\"\"\n\t\t\t\t\/>\n            \t\t\t<div class=\"boxout-content\">\n\t\t\t\t\t\t\t\t\t<a\n\t\t\t\t\t\tclass=\"boxout-heading medium\"\n\t\t\t\t\t\tdata-ga-category=\"Take Action Boxout\"\n\t\t\t\t\t\tdata-ga-action=\"Title\"\n\t\t\t\t\t\tdata-ga-label=\"n\/a\"\n\t\t\t\t\t\thref=\"https:\/\/www.greenpeace.org\/poland\/dzialaj-old\/wesprzyj-nas\/\"\n\t\t\t\t\t\t\n\t\t\t\t\t>\n\t\t\t\t\t\tTwoje wsparcie ma ogromne znaczenie!\n\t\t\t\t\t<\/a>\n\t\t\t\t\t\t\t\t\t\t\t\t\t<p class=\"boxout-excerpt\">Do\u0142\u0105cz do gron fantastycznych os\u00f3b, kt\u00f3re wspieraj\u0105 nas niewielkimi regularnymi datkami i kt\u00f3re razem z nami zmieniaj\u0105 \u015bwiat!<\/p>\n\t\t\t\t                                    <a\n                        class=\"btn btn-primary\"\n                        data-ga-category=\"Take Action Boxout\"\n                        data-ga-action=\"Call to Action\"\n                        data-ga-label=\"n\/a\"\n                        href=\"https:\/\/www.greenpeace.org\/poland\/dzialaj-old\/wesprzyj-nas\/\"\n                        \n                    >\n                        Dzia\u0142aj!\n                    <\/a>\n                \t\t\t<\/div>\n\t\t\t\t\t<\/section>\n\t","protected":false},"excerpt":{"rendered":"<p>Trudno w to uwierzy\u0107, ale historia Greenpeace liczy ju\u017c ponad 50 lat! <\/p>\n","protected":false},"author":25,"featured_media":2703,"comment_status":"closed","ping_status":"open","sticky":false,"template":"","format":"standard","meta":{"ep_exclude_from_search":false,"p4_og_title":"","p4_og_description":"","p4_og_image":"","p4_og_image_id":"","p4_seo_canonical_url":"","p4_campaign_name":"not set","p4_local_project":"not set","p4_basket_name":"not set","p4_department":"","footnotes":""},"categories":[33],"tags":[13],"p4-page-type":[16],"class_list":["post-2702","post","type-post","status-publish","format-standard","has-post-thumbnail","hentry","category-greenpeace","tag-o-nas","p4-page-type-artykuly"],"_links":{"self":[{"href":"https:\/\/www.greenpeace.org\/poland\/wp-json\/wp\/v2\/posts\/2702","targetHints":{"allow":["GET"]}}],"collection":[{"href":"https:\/\/www.greenpeace.org\/poland\/wp-json\/wp\/v2\/posts"}],"about":[{"href":"https:\/\/www.greenpeace.org\/poland\/wp-json\/wp\/v2\/types\/post"}],"author":[{"embeddable":true,"href":"https:\/\/www.greenpeace.org\/poland\/wp-json\/wp\/v2\/users\/25"}],"replies":[{"embeddable":true,"href":"https:\/\/www.greenpeace.org\/poland\/wp-json\/wp\/v2\/comments?post=2702"}],"version-history":[{"count":12,"href":"https:\/\/www.greenpeace.org\/poland\/wp-json\/wp\/v2\/posts\/2702\/revisions"}],"predecessor-version":[{"id":32706,"href":"https:\/\/www.greenpeace.org\/poland\/wp-json\/wp\/v2\/posts\/2702\/revisions\/32706"}],"wp:featuredmedia":[{"embeddable":true,"href":"https:\/\/www.greenpeace.org\/poland\/wp-json\/wp\/v2\/media\/2703"}],"wp:attachment":[{"href":"https:\/\/www.greenpeace.org\/poland\/wp-json\/wp\/v2\/media?parent=2702"}],"wp:term":[{"taxonomy":"category","embeddable":true,"href":"https:\/\/www.greenpeace.org\/poland\/wp-json\/wp\/v2\/categories?post=2702"},{"taxonomy":"post_tag","embeddable":true,"href":"https:\/\/www.greenpeace.org\/poland\/wp-json\/wp\/v2\/tags?post=2702"},{"taxonomy":"p4-page-type","embeddable":true,"href":"https:\/\/www.greenpeace.org\/poland\/wp-json\/wp\/v2\/p4-page-type?post=2702"}],"curies":[{"name":"wp","href":"https:\/\/api.w.org\/{rel}","templated":true}]}}