{"id":2706,"date":"2025-03-01T20:01:00","date_gmt":"2025-03-01T18:01:00","guid":{"rendered":"https:\/\/master.k8s.p4.greenpeace.org\/poland\/?p=2706"},"modified":"2026-03-13T14:12:11","modified_gmt":"2026-03-13T12:12:11","slug":"nasze-finanse","status":"publish","type":"post","link":"https:\/\/www.greenpeace.org\/poland\/artykuly\/2706\/nasze-finanse\/","title":{"rendered":"Nasze finanse"},"content":{"rendered":"\n<p><strong>Sk\u0105d Greenpeace bierze pieni\u0105dze na swoj\u0105 dzia\u0142alno\u015b\u0107?<\/strong><\/p>\n\n<p>Jedn\u0105 z zasad, kt\u00f3re le\u017c\u0105 u podstaw dzia\u0142ania Greenpeace, jest niezale\u017cno\u015b\u0107 finansowa od biznesu i polityki. To dzi\u0119ki temu mo\u017cemy dzia\u0142a\u0107 skutecznie i niezale\u017cnie, bez wzgl\u0119du na to kto aktualnie jest przy w\u0142adzy. \u015arodki finansowe, kt\u00f3rymi dysponujemy, to&nbsp;wp\u0142aty od os\u00f3b fizycznych&nbsp;(m.in. darowizny i 1.5% podatku).<\/p>\n\n<p><strong>Kim s\u0105 darczy\u0144cy Greenpeace?<\/strong><\/p>\n\n<p>To tysi\u0105ce os\u00f3b, kt\u00f3re co miesi\u0105c wspieraj\u0105 nas niewielkim kwotami. W ramach programu Direct Dialog zatrudnieni przez nas fundraiserzy i fundraiserki rozmawiaj\u0105 na ulicach kilku polskich miast z lud\u017ami, kt\u00f3rzy s\u0105 zainteresowani dzia\u0142aniami ekologicznymi, zach\u0119caj\u0105c ich te\u017c do finansowego wsparcia naszej organizacji. Je\u015bli kto\u015b zdecyduje si\u0119 na to, by zosta\u0107 darczy\u0144c\u0105 Greenpeace, wtedy mo\u017ce wraz z fundraiserem wype\u0142ni\u0107 prosty formularz i od tej chwili wspiera\u0107 nas drobn\u0105 kwot\u0105 co miesi\u0105c. Dzia\u0142a to podobnie jak sta\u0142e zlecenie przelewu z konta.<\/p>\n\n<p>Coraz cz\u0119\u015bciej darczy\u0144cy trafiaj\u0105 do nas z Internetu. Na naszej stronie internetowej mog\u0105 wesprze\u0107 Greenpeace dowoln\u0105 jednorazow\u0105 lub comiesi\u0119czn\u0105 darowizn\u0105 za pomoc\u0105 karty p\u0142atniczej lub popularnych system\u00f3w p\u0142atno\u015bci online (np. Blik, PayPal etc.). Szczeg\u00f3\u0142y znajduj\u0105 si\u0119&nbsp;<a href=\"https:\/\/www.greenpeace.org\/poland\/dzialaj\/wesprzyj-nas\/\">tutaj<\/a>.<a href=\"http:\/\/www.greenpeace.org\/poland\/pl\/wesprzyj-nas\/\"><br><\/a><\/p>\n\n<p><strong>Kim s\u0105 fundraiserzy i fundraiserki?<\/strong><\/p>\n\n<p>Fundraiserzy i fundraiserki opowiadaj\u0105 o tym wszystkim, czym zajmuje si\u0119 Greenpeace. Niezliczone historie o pszczo\u0142ach, Puszczy Bia\u0142owieskiej, smogu czy zmianie klimatu zatrzymuj\u0105 zaciekawionych przechodni\u00f3w czasem na kr\u00f3tk\u0105 chwil\u0119, a czasem nawet na godzinn\u0105 rozmow\u0119. Nasze osoby fundraiserskie dziel\u0105 si\u0119 informacjami o dzia\u0142aniach Greenpeace i zawsze maj\u0105 ze sob\u0105 identyfikator, by ka\u017cdy, kto zdecyduje si\u0119 wype\u0142ni\u0107&nbsp;<a href=\"https:\/\/www.greenpeace.org\/poland\/zielony-formularz-greenpeace\/\">zielony formularz<\/a>&nbsp;i przekazywa\u0107 darowizn\u0119, by\u0142 pewien, \u017ce jego pieni\u0105dze s\u0105 bezpieczne i trafiaj\u0105 w ca\u0142o\u015bci na dzia\u0142ania Greenpeace.<\/p>\n\n<p><strong>Jakie osoby prawne wspieraj\u0105 Greenpeace w Polsce?&nbsp;<\/strong><\/p>\n\n<p>G\u0142\u00f3wn\u0105 osob\u0105 prawn\u0105 wspieraj\u0105c\u0105 fundacj\u0119 jest jej fundator, czyli stowarzyszenie Greenpeace na Europ\u0119 \u015arodkow\u0105 i Wschodni\u0105 z siedzib\u0105 w Wiedniu. Osob\u0105 prawn\u0105 wspieraj\u0105c\u0105 niekiedy Greenpeace w Polsce jest tak\u017ce fundacja Greenpeace International.<\/p>\n\n<p><strong>Informacja o wysoko\u015bci kwot otrzymanych darowizn w 2025 r. (wykazanych w za\u0142\u0105czniku CIT-D) (art. 18 ust 1e ustawy o podatku dochodowym os\u00f3b prawnych):<\/strong><\/p>\n\n<p>Dane darczy\u0144cy (osoby prawnej): <\/p>\n\n<ul class=\"wp-block-list\">\n<li>Greenpeace in Central and Eastern Europe, Wiedner Hauptstra\u00dfe 120-124 1050 Wiede\u0144, Austria<br>Kwota otrzymanej darowizny w 2025: 9.253.785,68<\/li>\n<\/ul>\n\n<p>Cel, na kt\u00f3ry zosta\u0142a przeznaczona otrzymana darowizna: Ekologia i ochrona zwierz\u0105t oraz ochrona dziedzictwa przyrodniczego.<\/p>\n\n<p><strong>Czy Greenpeace op\u0142aca aktywist\u00f3w?<\/strong><\/p>\n\n<p>Nie, Fundacja Greenpeace Polska nie op\u0142aca aktywist\u00f3w. Aktywistki i aktywi\u015bci Greenpeace nie pobieraj\u0105 wynagrodzenia za udzia\u0142 w protestach i wydarzeniach. Robi\u0105 to w ramach czasu wolnego, cz\u0119sto korzystaj\u0105c z urlop\u00f3w w swoich miejscach pracy.<\/p>\n\n<p><strong>Kogo zatrudnia Greenpeace?<\/strong><\/p>\n\n<p>Wolontariuszki i wolontariusze, czyli osoby nieodp\u0142atnie dzia\u0142aj\u0105ce na rzecz fundacji, s\u0105 dla nas niezwykle wa\u017cni. Jednak \u017ceby w spos\u00f3b ci\u0105g\u0142y i skuteczny prowadzi\u0107 kampanie na rzecz zmian systemowych w zakresie ochrony \u015brodowiska, potrzebujemy tak\u017ce pracowniczek i pracownik\u00f3w. Zatrudniamy osoby o r\u00f3\u017cnych kompetencjach, kt\u00f3re maj\u0105 konkretne zadania do wykonania i konkretne odpowiedzialno\u015bci. Zatrudniamy m.in. osoby do prowadzenia kampanii, specjalistki i specjalist\u00f3w od komunikacji, osoby pracuj\u0105ce w administracji oraz fundraisingu.<\/p>\n\n<p><strong>Ile os\u00f3b pracuje w Greenpeace?<\/strong><\/p>\n\n<p>Liczba os\u00f3b pracuj\u0105cych w naszej organizacji zmienia si\u0119 w zale\u017cno\u015bci od dynamiki prowadzonych przez nas dzia\u0142a\u0144. W 2025 roku \u0142\u0105cznie na umow\u0119 o prac\u0119 zatrudnili\u015bmy 65 os\u00f3b. Nie wszystkie z tych os\u00f3b pracowa\u0142y w pe\u0142nym wymiarze godzin. W przeliczeniu na pe\u0142ne etaty zatrudnienie w 2025 r. wynosi\u0142o 54,02 etatu. W 2025 roku wsp\u00f3\u0142pracowali\u015bmy r\u00f3wnie\u017c z 251 osobami wykonuj\u0105cymi prac\u0119 na podstawie um\u00f3w cywilnoprawnych.<\/p>\n\n<p>Wszystkie te dane s\u0105 dost\u0119pne r\u00f3wnie\u017c w naszym&nbsp;rocznym sprawozdaniu merytorycznym z dzia\u0142alno\u015bci organizacji&nbsp;pozarz\u0105dowych.&nbsp;<\/p>\n\n<p><strong>Czy zarz\u0105d fundacji pobiera pensj\u0119?<\/strong><\/p>\n\n<p>Nie, zarz\u0105d Fundacji Greenpeace Polska nie pobiera pensji z tytu\u0142u pe\u0142nionej&nbsp;funkcji cz\u0142onka zarz\u0105du.<\/p>\n\n<p><strong>Na co Greenpeace wydaje swoje pieni\u0105dze?<\/strong><\/p>\n\n<p>Nasza praca polega na wprowadzaniu zmiany spo\u0142ecznej i systemowej, a do tego potrzebni s\u0105 ludzie i \u015brodki, za pomoc\u0105 kt\u00f3rych mo\u017cemy prowadzi\u0107 nasze kampanie. Przyk\u0142adowo w ramach kampanii na rzecz <strong>obj\u0119cia ochron\u0105 20% najcenniejszych przyrodniczo las\u00f3w<\/strong> w Polsce prowadzili\u015bmy badania terenowe i analizy danych, dzi\u0119ki kt\u00f3rym uda\u0142o si\u0119 zebra\u0107 szczeg\u00f3\u0142owe informacje dotycz\u0105ce prowadzenia wycinek w miejscach, kt\u00f3re powinny zosta\u0107 obj\u0119te ochron\u0105. Przygotowujemy r\u00f3wnie\u017c wiele raport\u00f3w i ekspertyz, kt\u00f3re pozwalaj\u0105 nam prowadzi\u0107 mi\u0119dzy innymi dzia\u0142ania na rzecz <strong>odchodzenia od spalania w\u0119gla<\/strong> oraz <strong>rozwoju energetyki opartej na odnawialnych \u017ar\u00f3d\u0142ach energii<\/strong>. Prowadzimy te\u017c dzia\u0142ania na rzecz <strong>gatunk\u00f3w chronionych, m.in. nied\u017awiedzi, wilk\u00f3w i \u0142osi oraz ochrony w\u00f3d polskich rzek<\/strong>, w tym m.in. powo\u0142ania parku narodowego w Dolinie Dolnej Odry. W ramach <strong>kampanii na rzecz owad\u00f3w zapylaj\u0105cych<\/strong> m.in. przyznali\u015bmy stypendia naukowe dla os\u00f3b badaj\u0105cych sytuacj\u0119 pszczo\u0142owatych w Polsce, przeprowadzili\u015bmy wielki test miodu z ca\u0142ej Polski na obecno\u015b\u0107 pestycyd\u00f3w oraz wsp\u00f3\u0142tworzymy krajow\u0105 strategi\u0119 ochrony owad\u00f3w zapylaj\u0105cych, realizuj\u0105c tym samym za\u0142o\u017cenia przygotowanej przez nas Narodowej Strategii Ochrony Owad\u00f3w Zapylaj\u0105cych.<\/p>\n\n<p>Szczeg\u00f3\u0142owe dane dotycz\u0105ce struktury koszt\u00f3w naszej organizacji mo\u017cna znale\u017a\u0107 w sprawozdaniu finansowym, kt\u00f3re co roku sk\u0142adamy w ramach statusu organizacji po\u017cytku publicznego. Raport za rok 2024 znajduje si\u0119 <a href=\"https:\/\/www.greenpeace.org\/static\/planet4-poland-stateless\/2025\/07\/e0f19649-sprawozdanie-merytoryczne_2024.pdf\" target=\"_blank\" rel=\"noreferrer noopener\">tutaj<\/a>&nbsp;(informacja znajduje si\u0119 w II cz\u0119\u015bci sprawozdania merytorycznego). Pozosta\u0142e koszty organizacji to np. koszty finansowe oraz koszty og\u00f3lnej administracji, kt\u00f3re nie s\u0105 przypisane do poszczeg\u00f3lnych dzia\u0142a\u0144 czy projekt\u00f3w.<\/p>\n\n<p><strong>Pe\u0142na lista raport\u00f3w za rok 2024:<\/strong><\/p>\n\n<ul class=\"wp-block-list\">\n<li><a href=\"https:\/\/www.greenpeace.org\/static\/planet4-poland-stateless\/2025\/07\/678f01a2-wprowadzenie-do-sprawozdania-finansowego_2024.pdf\" target=\"_blank\" rel=\"noreferrer noopener\">Wprowadzenie do sprawozdania finansowego<\/a><\/li>\n\n\n\n<li><a href=\"https:\/\/www.greenpeace.org\/static\/planet4-poland-stateless\/2025\/07\/418da0c0-bilans_2024.pdf\" target=\"_blank\" rel=\"noreferrer noopener\">Bilans<\/a><\/li>\n\n\n\n<li><a href=\"https:\/\/www.greenpeace.org\/static\/planet4-poland-stateless\/2025\/07\/d78d27d5-informacja-dodatkowa_2024.pdf\" target=\"_blank\" rel=\"noreferrer noopener\">Dodatkowe informacje i obja\u015bnienia<\/a><\/li>\n\n\n\n<li><a href=\"https:\/\/www.greenpeace.org\/static\/planet4-poland-stateless\/2025\/07\/e0f19649-sprawozdanie-merytoryczne_2024.pdf\" target=\"_blank\" rel=\"noreferrer noopener\">Sprawozdanie merytoryczne<\/a><\/li>\n\n\n\n<li><a href=\"https:\/\/www.greenpeace.org\/static\/planet4-poland-stateless\/2025\/07\/04885a2c-rachunek-zyskow-i-strat-2024.pdf\" target=\"_blank\" rel=\"noreferrer noopener\">Rachunek zysk\u00f3w i strat <\/a><\/li>\n<\/ul>\n\n<p>Sprawozdania z poprzednich lat mo\u017cna znale\u017a\u0107 <strong><a href=\"https:\/\/www.greenpeace.org\/poland\/?s=sprawozdanie&amp;orderby=_score&amp;f%5Btag%5D%5BONas%5D=13\">tutaj<\/a><\/strong>.<\/p>\n\t\t\t<section\n\t\t\tclass=\"boxout post-2650 \"\n\t\t\t\n\t\t>\n\t\t\t<a\n\t\t\t\tdata-ga-category=\"Take Action Boxout\"\n\t\t\t\tdata-ga-action=\"Image\"\n\t\t\t\tdata-ga-label=\"n\/a\"\n\t\t\t\tclass=\"cover-card-overlay\"\n\t\t\t\thref=\"https:\/\/www.greenpeace.org\/poland\/dzialaj-old\/wesprzyj-nas\/\" \n\t\t\t><\/a>\n\t\t\t\t\t\t\t<img\n\t\t\t\t\t\tsrc=\"https:\/\/www.greenpeace.org\/static\/planet4-poland-stateless\/2018\/05\/aa49ade7-gp0stqwmj_pressmedia-communit-policy-1024x684.jpg\"\n\t\t\t\t\t\tsrcset=\"https:\/\/www.greenpeace.org\/static\/planet4-poland-stateless\/2018\/05\/aa49ade7-gp0stqwmj_pressmedia-communit-policy-300x200.jpg 300w, https:\/\/www.greenpeace.org\/static\/planet4-poland-stateless\/2018\/05\/aa49ade7-gp0stqwmj_pressmedia-communit-policy-768x513.jpg 768w, https:\/\/www.greenpeace.org\/static\/planet4-poland-stateless\/2018\/05\/aa49ade7-gp0stqwmj_pressmedia-communit-policy-1024x684.jpg 1024w, https:\/\/www.greenpeace.org\/static\/planet4-poland-stateless\/2018\/05\/aa49ade7-gp0stqwmj_pressmedia-communit-policy-2046x1366.jpg 2046w, https:\/\/www.greenpeace.org\/static\/planet4-poland-stateless\/2018\/05\/aa49ade7-gp0stqwmj_pressmedia-communit-policy-510x340.jpg 510w, https:\/\/www.greenpeace.org\/static\/planet4-poland-stateless\/2018\/05\/aa49ade7-gp0stqwmj_pressmedia-communit-policy-e1565276312201.jpg 1200w\"\n\t\t\t\t\t\tsizes=\"(min-width: 1000px) 358px, (min-width: 780px) 313px, 88px\"\n\t\t\t\t\t\talt=\"\" title=\"\"\n\t\t\t\t\/>\n            \t\t\t<div class=\"boxout-content\">\n\t\t\t\t\t\t\t\t\t<a\n\t\t\t\t\t\tclass=\"boxout-heading medium\"\n\t\t\t\t\t\tdata-ga-category=\"Take Action Boxout\"\n\t\t\t\t\t\tdata-ga-action=\"Title\"\n\t\t\t\t\t\tdata-ga-label=\"n\/a\"\n\t\t\t\t\t\thref=\"https:\/\/www.greenpeace.org\/poland\/dzialaj-old\/wesprzyj-nas\/\"\n\t\t\t\t\t\t\n\t\t\t\t\t>\n\t\t\t\t\t\tTwoje wsparcie ma ogromne znaczenie!\n\t\t\t\t\t<\/a>\n\t\t\t\t\t\t\t\t\t\t\t\t\t<p class=\"boxout-excerpt\">Do\u0142\u0105cz do gron fantastycznych os\u00f3b, kt\u00f3re wspieraj\u0105 nas niewielkimi regularnymi datkami i kt\u00f3re razem z nami zmieniaj\u0105 \u015bwiat!<\/p>\n\t\t\t\t                                    <a\n                        class=\"btn btn-primary\"\n                        data-ga-category=\"Take Action Boxout\"\n                        data-ga-action=\"Call to Action\"\n                        data-ga-label=\"n\/a\"\n                        href=\"https:\/\/www.greenpeace.org\/poland\/dzialaj-old\/wesprzyj-nas\/\"\n                        \n                    >\n                        Dzia\u0142aj!\n                    <\/a>\n                \t\t\t<\/div>\n\t\t\t\t\t<\/section>\n\t","protected":false},"excerpt":{"rendered":"<p>Jedn\u0105 z zasad, kt\u00f3re le\u017c\u0105 u podstaw dzia\u0142ania Greenpeace, jest niezale\u017cno\u015b\u0107 finansowa od biznesu i polityki. Opieramy nasze dzia\u0142ania na darowiznach indywidualnych os\u00f3b.<\/p>\n","protected":false},"author":25,"featured_media":25024,"comment_status":"closed","ping_status":"open","sticky":false,"template":"","format":"standard","meta":{"ep_exclude_from_search":false,"p4_og_title":"","p4_og_description":"","p4_og_image":"","p4_og_image_id":"","p4_seo_canonical_url":"","p4_campaign_name":"not set","p4_local_project":"not set","p4_basket_name":"not set","p4_department":"","footnotes":""},"categories":[33],"tags":[13],"p4-page-type":[16],"class_list":["post-2706","post","type-post","status-publish","format-standard","has-post-thumbnail","hentry","category-greenpeace","tag-o-nas","p4-page-type-artykuly"],"_links":{"self":[{"href":"https:\/\/www.greenpeace.org\/poland\/wp-json\/wp\/v2\/posts\/2706","targetHints":{"allow":["GET"]}}],"collection":[{"href":"https:\/\/www.greenpeace.org\/poland\/wp-json\/wp\/v2\/posts"}],"about":[{"href":"https:\/\/www.greenpeace.org\/poland\/wp-json\/wp\/v2\/types\/post"}],"author":[{"embeddable":true,"href":"https:\/\/www.greenpeace.org\/poland\/wp-json\/wp\/v2\/users\/25"}],"replies":[{"embeddable":true,"href":"https:\/\/www.greenpeace.org\/poland\/wp-json\/wp\/v2\/comments?post=2706"}],"version-history":[{"count":20,"href":"https:\/\/www.greenpeace.org\/poland\/wp-json\/wp\/v2\/posts\/2706\/revisions"}],"predecessor-version":[{"id":39791,"href":"https:\/\/www.greenpeace.org\/poland\/wp-json\/wp\/v2\/posts\/2706\/revisions\/39791"}],"wp:featuredmedia":[{"embeddable":true,"href":"https:\/\/www.greenpeace.org\/poland\/wp-json\/wp\/v2\/media\/25024"}],"wp:attachment":[{"href":"https:\/\/www.greenpeace.org\/poland\/wp-json\/wp\/v2\/media?parent=2706"}],"wp:term":[{"taxonomy":"category","embeddable":true,"href":"https:\/\/www.greenpeace.org\/poland\/wp-json\/wp\/v2\/categories?post=2706"},{"taxonomy":"post_tag","embeddable":true,"href":"https:\/\/www.greenpeace.org\/poland\/wp-json\/wp\/v2\/tags?post=2706"},{"taxonomy":"p4-page-type","embeddable":true,"href":"https:\/\/www.greenpeace.org\/poland\/wp-json\/wp\/v2\/p4-page-type?post=2706"}],"curies":[{"name":"wp","href":"https:\/\/api.w.org\/{rel}","templated":true}]}}