{"id":27547,"date":"2020-02-18T11:58:42","date_gmt":"2020-02-18T09:58:42","guid":{"rendered":"https:\/\/www.greenpeace.org\/poland\/?p=27547"},"modified":"2021-12-01T14:39:38","modified_gmt":"2021-12-01T12:39:38","slug":"tu-bylem-rafal-trzaskowski-aktywisci-pietnuja-decyzje-prezydenta-warszawy","status":"publish","type":"post","link":"https:\/\/www.greenpeace.org\/poland\/aktualnosci\/27547\/tu-bylem-rafal-trzaskowski-aktywisci-pietnuja-decyzje-prezydenta-warszawy\/","title":{"rendered":"Tu by\u0142em &#8211; Rafa\u0142 Trzaskowski &#8211; aktywi\u015bci pi\u0119tnuj\u0105 decyzj\u0119 prezydenta Warszawy"},"content":{"rendered":"\n<p>Aktywi\u015bci Greenpeace oznaczyli drzewa wyci\u0119te w poniedzia\u0142ek na praskim brzegu Wis\u0142y w Warszawie napisami \u201cTu by\u0142em &#8211; Rafa\u0142 Trzaskowski\u201d. W ten spos\u00f3b zwr\u00f3cili uwag\u0119 na odpowiedzialno\u015b\u0107 prezydenta Warszawy za dewastacj\u0119 wi\u015bla\u0144skich \u0142\u0119g\u00f3w i jego brak odpowiedniego zaanga\u017cowania na rzecz ochrony klimatu.<\/p>\n\n<figure class=\"wp-block-image size-large  caption-style-blue-overlay caption-alignment-center\"><img loading=\"lazy\" decoding=\"async\" width=\"1024\" height=\"683\" src=\"https:\/\/www.greenpeace.org\/static\/planet4-poland-stateless\/2020\/02\/b3843923-49551727676_6accf8b2fe_k-1024x683.jpg\" alt=\"\" class=\"wp-image-27632\" srcset=\"https:\/\/www.greenpeace.org\/static\/planet4-poland-stateless\/2020\/02\/b3843923-49551727676_6accf8b2fe_k-1024x683.jpg 1024w, https:\/\/www.greenpeace.org\/static\/planet4-poland-stateless\/2020\/02\/b3843923-49551727676_6accf8b2fe_k-300x200.jpg 300w, https:\/\/www.greenpeace.org\/static\/planet4-poland-stateless\/2020\/02\/b3843923-49551727676_6accf8b2fe_k-768x512.jpg 768w, https:\/\/www.greenpeace.org\/static\/planet4-poland-stateless\/2020\/02\/b3843923-49551727676_6accf8b2fe_k-1536x1024.jpg 1536w, https:\/\/www.greenpeace.org\/static\/planet4-poland-stateless\/2020\/02\/b3843923-49551727676_6accf8b2fe_k-510x340.jpg 510w, https:\/\/www.greenpeace.org\/static\/planet4-poland-stateless\/2020\/02\/b3843923-49551727676_6accf8b2fe_k.jpg 2047w\" sizes=\"auto, (max-width: 1024px) 100vw, 1024px\" \/><figcaption><div class=\"credit icon-left\"> \u00a9 Maksymilian Zieli\u0144ski<\/div><\/figcaption><\/figure>\n\n<p>Rozmowy, jakie obro\u0144cy i obro\u0144czynie dzikiej nadwi\u015bla\u0144skiej przyrody prowadzili w zesz\u0142ym tygodniu z prezydentem Warszawy i jego urz\u0119dnikami, nie przynios\u0142y w\u0142a\u015bciwych rezultat\u00f3w. Pomimo silnych protest\u00f3w i istniej\u0105cych alternatywnych rozwi\u0105za\u0144 wycinka drzew ruszy\u0142a. Dlatego aktywi\u015bci postanowili da\u0107 sygna\u0142, kto ponosi odpowiedzialno\u015b\u0107 za niszczenie cennego przyrodniczo fragmentu miasta.<\/p>\n\n<p><em>\u2013 Prezydent Rafa\u0142 Trzaskowski musi zda\u0107 sobie spraw\u0119, \u017ce z kryzysem klimatycznym nie walczy si\u0119 tak, jak z kryzysem wizerunkowym. Nie wystarczy opublikowa\u0107 kilku post\u00f3w w internecie i pochwali\u0107 si\u0119 posadzeniem wi\u0119kszej liczby drzew. Walka z kryzysem klimatycznym na poziomie du\u017cego miasta oznacza konieczno\u015b\u0107 radykalnych zmian, w podej\u015bciu do relacji cz\u0142owiek\u2013przyroda i w og\u00f3le w sposobie my\u015blenia o rozwoju miasta<\/em> \u2013 m\u00f3wi Dominika Soko\u0142owska z Greenpeace Polska.<\/p>\n\n<figure class=\"wp-block-image size-large  caption-style-blue-overlay caption-alignment-center\"><img loading=\"lazy\" decoding=\"async\" width=\"1024\" height=\"683\" src=\"https:\/\/www.greenpeace.org\/static\/planet4-poland-stateless\/2020\/02\/7a1f9a16-49551731661_67798fbaa8_k-1024x683.jpg\" alt=\"\" class=\"wp-image-27636\" srcset=\"https:\/\/www.greenpeace.org\/static\/planet4-poland-stateless\/2020\/02\/7a1f9a16-49551731661_67798fbaa8_k-1024x683.jpg 1024w, https:\/\/www.greenpeace.org\/static\/planet4-poland-stateless\/2020\/02\/7a1f9a16-49551731661_67798fbaa8_k-300x200.jpg 300w, https:\/\/www.greenpeace.org\/static\/planet4-poland-stateless\/2020\/02\/7a1f9a16-49551731661_67798fbaa8_k-768x512.jpg 768w, https:\/\/www.greenpeace.org\/static\/planet4-poland-stateless\/2020\/02\/7a1f9a16-49551731661_67798fbaa8_k-1536x1024.jpg 1536w, https:\/\/www.greenpeace.org\/static\/planet4-poland-stateless\/2020\/02\/7a1f9a16-49551731661_67798fbaa8_k-510x340.jpg 510w, https:\/\/www.greenpeace.org\/static\/planet4-poland-stateless\/2020\/02\/7a1f9a16-49551731661_67798fbaa8_k.jpg 2047w\" sizes=\"auto, (max-width: 1024px) 100vw, 1024px\" \/><figcaption><div class=\"credit icon-left\"> \u00a9 Maksymilian Zieli\u0144ski<\/div><\/figcaption><\/figure>\n\n<p><em>\u2013 Rafa\u0142 Trzaskowski sprawnie wyg\u0142asza obietnice i deklaracje, ale powa\u017cnego egzaminu w kwestii ochrony dzikiej przyrody nie zda\u0142. Wycinka nad Wis\u0142\u0105 to jednak tylko czubek g\u00f3ry lodowej. Niszczenie enklaw dzikiej zieleni, wy\u017cszo\u015b\u0107 interes\u00f3w deweloper\u00f3w nad potrzebami lokalnych spo\u0142eczno\u015bci i przyrody, brak odwa\u017cnej, proklimatycznej i prospo\u0142ecznej polityki transportowej &#8211; obecny prezydent nie pokaza\u0142 jeszcze, \u017ce potrafi i chce zmierzy\u0107 si\u0119 z tymi b\u0142\u0119dami, odziedziczonymi po poprzednikach. Te tematy b\u0119d\u0105 jednak powraca\u0107, wywo\u0142uj\u0105c coraz wi\u0119kszy gniew mieszka\u0144c\u00f3w i mieszkanek Warszawy<\/em> \u2013 dodaje Dominika Soko\u0142owska.<\/p>\n\n<p><em>\u2013 Rafa\u0142 Trzaskowski jest nie tylko prezydentem najwi\u0119kszego i najzamo\u017cniejszego miasta w Polsce. Zosta\u0142 r\u00f3wnie\u017c niedawno doradc\u0105 kandydatki na prezydentk\u0119, Ma\u0142gorzaty Kidawa-B\u0142o\u0144skiej, do spraw du\u017cych miast. Je\u015bli jego doradzanie b\u0119dzie ska\u017cone podej\u015bciem, kt\u00f3rego efekty obserwujemy dzisiaj nad Wis\u0142\u0105, b\u0119dzie to oznacza\u0142o abdykacj\u0119 Platformy Obywatelskiej z aspiracji do bycia nowoczesn\u0105, blisk\u0105 potrzeb ludzi parti\u0105, realnie mierz\u0105c\u0105 si\u0119 z wyzwaniami, jakimi s\u0105 kryzys klimatyczny i kryzys ekologiczny <\/em>\u2013 m\u00f3wi Dominika Soko\u0142owska.<\/p>\n\n<figure class=\"wp-block-image size-large  caption-style-blue-overlay caption-alignment-center\"><img loading=\"lazy\" decoding=\"async\" width=\"1024\" height=\"683\" src=\"https:\/\/www.greenpeace.org\/static\/planet4-poland-stateless\/2020\/02\/dfc53080-20200213_gp_pge_0002-1-1024x683.jpg\" alt=\"\" class=\"wp-image-27629\" srcset=\"https:\/\/www.greenpeace.org\/static\/planet4-poland-stateless\/2020\/02\/dfc53080-20200213_gp_pge_0002-1-1024x683.jpg 1024w, https:\/\/www.greenpeace.org\/static\/planet4-poland-stateless\/2020\/02\/dfc53080-20200213_gp_pge_0002-1-300x200.jpg 300w, https:\/\/www.greenpeace.org\/static\/planet4-poland-stateless\/2020\/02\/dfc53080-20200213_gp_pge_0002-1-768x512.jpg 768w, https:\/\/www.greenpeace.org\/static\/planet4-poland-stateless\/2020\/02\/dfc53080-20200213_gp_pge_0002-1-1536x1024.jpg 1536w, https:\/\/www.greenpeace.org\/static\/planet4-poland-stateless\/2020\/02\/dfc53080-20200213_gp_pge_0002-1-2048x1366.jpg 2048w, https:\/\/www.greenpeace.org\/static\/planet4-poland-stateless\/2020\/02\/dfc53080-20200213_gp_pge_0002-1-510x340.jpg 510w\" sizes=\"auto, (max-width: 1024px) 100vw, 1024px\" \/><figcaption><div class=\"credit icon-left\"> \u00a9 Maksymilian Zieli\u0144ski<\/div><\/figcaption><\/figure>\n\n<p>Projekt \u201eWybrze\u017ce Helskie \u2013 rozbudowa ulicy wraz z budow\u0105 zabezpieczenia przeciwpowodziowego\u201d na praskim brzegu Wis\u0142y w Warszawie oznacza wycink\u0119 kilkuset drzew i kilkudziesi\u0119ciu tysi\u0119cy krzew\u00f3w stanowi\u0105cych cenny element wi\u015blanego ekosystemu i b\u0119d\u0105cych siedliskiem dziesi\u0105tek gatunk\u00f3w ptak\u00f3w. Budowa i wycinka znajduje si\u0119 cz\u0119\u015bciowo na obszarze Natura 2000 \u201eDolina \u015arodkowej Wis\u0142y\u201d, kt\u00f3ry zostanie powa\u017cnie zdewastowany. Mieszka\u0144cy i mieszkanki, naukowcy, aktywi\u015bci i aktywistki miejskie zwracali uwag\u0119 na powa\u017cne zaniechania przy powstawaniu plan\u00f3w &#8211; w tym brak konsultacji oraz oceny oddzia\u0142ywania na \u015brodowisko. Przedstawili r\u00f3wnie\u017c rozwi\u0105zania alternatywne, kt\u00f3re ograniczy\u0142yby wycink\u0119. Prezydent Rafa\u0142 Trzaskowski uzna\u0142 jednak, \u017ce jest za p\u00f3\u017ano na rozpatrywanie tych plan\u00f3w.<\/p>\n\n<figure class=\"wp-block-image size-large  caption-style-blue-overlay caption-alignment-center\"><img loading=\"lazy\" decoding=\"async\" width=\"1024\" height=\"683\" src=\"https:\/\/www.greenpeace.org\/static\/planet4-poland-stateless\/2020\/02\/0e0f8b4a-49551965592_c38fa9311f_k-1024x683.jpg\" alt=\"\" class=\"wp-image-27634\" srcset=\"https:\/\/www.greenpeace.org\/static\/planet4-poland-stateless\/2020\/02\/0e0f8b4a-49551965592_c38fa9311f_k-1024x683.jpg 1024w, https:\/\/www.greenpeace.org\/static\/planet4-poland-stateless\/2020\/02\/0e0f8b4a-49551965592_c38fa9311f_k-300x200.jpg 300w, https:\/\/www.greenpeace.org\/static\/planet4-poland-stateless\/2020\/02\/0e0f8b4a-49551965592_c38fa9311f_k-768x512.jpg 768w, https:\/\/www.greenpeace.org\/static\/planet4-poland-stateless\/2020\/02\/0e0f8b4a-49551965592_c38fa9311f_k-1536x1024.jpg 1536w, https:\/\/www.greenpeace.org\/static\/planet4-poland-stateless\/2020\/02\/0e0f8b4a-49551965592_c38fa9311f_k-510x340.jpg 510w, https:\/\/www.greenpeace.org\/static\/planet4-poland-stateless\/2020\/02\/0e0f8b4a-49551965592_c38fa9311f_k.jpg 2048w\" sizes=\"auto, (max-width: 1024px) 100vw, 1024px\" \/><figcaption><div class=\"credit icon-left\"> \u00a9 Maksymilian Zieli\u0144ski<\/div><\/figcaption><\/figure>\n\n<div class=\"wp-block-button is-style-cta\"><a class=\"wp-block-button__link\" href=\"https:\/\/www.flickr.com\/photos\/greenpeacepl\/albums\/72157713158152108\" target=\"_blank\" rel=\"noreferrer noopener\">ZDJ\u0118CIA Z DZIA\u0141ANIA<\/a><\/div>\n\t\t\t<section\n\t\t\tclass=\"boxout post-2965 \"\n\t\t\t\n\t\t>\n\t\t\t<a\n\t\t\t\tdata-ga-category=\"Take Action Boxout\"\n\t\t\t\tdata-ga-action=\"Image\"\n\t\t\t\tdata-ga-label=\"n\/a\"\n\t\t\t\tclass=\"cover-card-overlay\"\n\t\t\t\thref=\"https:\/\/www.greenpeace.org\/poland\/dzialaj-old\/wesprzyj-ochrone-klimatu\/\" \n\t\t\t><\/a>\n\t\t\t\t\t\t\t<img\n\t\t\t\t\t\tsrc=\"https:\/\/www.greenpeace.org\/static\/planet4-poland-stateless\/2019\/06\/b5d75777-12507343843_f11b5d683a_h-1024x680.jpg\"\n\t\t\t\t\t\tsrcset=\"https:\/\/www.greenpeace.org\/static\/planet4-poland-stateless\/2019\/06\/b5d75777-12507343843_f11b5d683a_h-300x199.jpg 300w, https:\/\/www.greenpeace.org\/static\/planet4-poland-stateless\/2019\/06\/b5d75777-12507343843_f11b5d683a_h-768x510.jpg 768w, https:\/\/www.greenpeace.org\/static\/planet4-poland-stateless\/2019\/06\/b5d75777-12507343843_f11b5d683a_h-1024x680.jpg 1024w, https:\/\/www.greenpeace.org\/static\/planet4-poland-stateless\/2019\/06\/b5d75777-12507343843_f11b5d683a_h-510x340.jpg 510w, https:\/\/www.greenpeace.org\/static\/planet4-poland-stateless\/2019\/06\/b5d75777-12507343843_f11b5d683a_h.jpg 1600w\"\n\t\t\t\t\t\tsizes=\"(min-width: 1000px) 358px, (min-width: 780px) 313px, 88px\"\n\t\t\t\t\t\talt=\"\" title=\"\"\n\t\t\t\t\/>\n            \t\t\t<div class=\"boxout-content\">\n\t\t\t\t\t\t\t\t\t<a\n\t\t\t\t\t\tclass=\"boxout-heading medium\"\n\t\t\t\t\t\tdata-ga-category=\"Take Action Boxout\"\n\t\t\t\t\t\tdata-ga-action=\"Title\"\n\t\t\t\t\t\tdata-ga-label=\"n\/a\"\n\t\t\t\t\t\thref=\"https:\/\/www.greenpeace.org\/poland\/dzialaj-old\/wesprzyj-ochrone-klimatu\/\"\n\t\t\t\t\t\t\n\t\t\t\t\t>\n\t\t\t\t\t\tWesprzyj ochron\u0119 klimatu\n\t\t\t\t\t<\/a>\n\t\t\t\t\t\t\t\t\t\t\t\t\t<p class=\"boxout-excerpt\">Pom\u00f3\u017c nam dzia\u0142a\u0107 na rzecz odchodzenia od spalania paliw kopalnych. Ratujmy wsp\u00f3lnie klimat!<\/p>\n\t\t\t\t                                    <a\n                        class=\"btn btn-primary\"\n                        data-ga-category=\"Take Action Boxout\"\n                        data-ga-action=\"Call to Action\"\n                        data-ga-label=\"n\/a\"\n                        href=\"https:\/\/www.greenpeace.org\/poland\/dzialaj-old\/wesprzyj-ochrone-klimatu\/\"\n                        \n                    >\n                        Wesprzyj!\n                    <\/a>\n                \t\t\t<\/div>\n\t\t\t\t\t<\/section>\n\t","protected":false},"excerpt":{"rendered":"<p>Aktywi\u015bci Greenpeace oznaczyli drzewa wyci\u0119te w poniedzia\u0142ek na praskim brzegu Wis\u0142y w Warszawie napisami \u201cTu by\u0142em &#8211; Rafa\u0142 Trzaskowski\u201d. W ten spos\u00f3b zwr\u00f3cili uwag\u0119 na odpowiedzialno\u015b\u0107 prezydenta Warszawy za dewastacj\u0119&hellip;<\/p>\n","protected":false},"author":29,"featured_media":27629,"comment_status":"closed","ping_status":"open","sticky":false,"template":"","format":"standard","meta":{"ep_exclude_from_search":false,"p4_og_title":"","p4_og_description":"","p4_og_image":"","p4_og_image_id":"","p4_seo_canonical_url":"","p4_campaign_name":"not set","p4_local_project":"","p4_basket_name":"not set","p4_department":"","footnotes":""},"categories":[2,3],"tags":[6,24,26],"p4-page-type":[14],"class_list":["post-27547","post","type-post","status-publish","format-standard","has-post-thumbnail","hentry","category-klimat-energia","category-przyroda","tag-klimat","tag-aktywizm","tag-ochrona-przyrody","p4-page-type-aktualnosci"],"_links":{"self":[{"href":"https:\/\/www.greenpeace.org\/poland\/wp-json\/wp\/v2\/posts\/27547","targetHints":{"allow":["GET"]}}],"collection":[{"href":"https:\/\/www.greenpeace.org\/poland\/wp-json\/wp\/v2\/posts"}],"about":[{"href":"https:\/\/www.greenpeace.org\/poland\/wp-json\/wp\/v2\/types\/post"}],"author":[{"embeddable":true,"href":"https:\/\/www.greenpeace.org\/poland\/wp-json\/wp\/v2\/users\/29"}],"replies":[{"embeddable":true,"href":"https:\/\/www.greenpeace.org\/poland\/wp-json\/wp\/v2\/comments?post=27547"}],"version-history":[{"count":6,"href":"https:\/\/www.greenpeace.org\/poland\/wp-json\/wp\/v2\/posts\/27547\/revisions"}],"predecessor-version":[{"id":31008,"href":"https:\/\/www.greenpeace.org\/poland\/wp-json\/wp\/v2\/posts\/27547\/revisions\/31008"}],"wp:featuredmedia":[{"embeddable":true,"href":"https:\/\/www.greenpeace.org\/poland\/wp-json\/wp\/v2\/media\/27629"}],"wp:attachment":[{"href":"https:\/\/www.greenpeace.org\/poland\/wp-json\/wp\/v2\/media?parent=27547"}],"wp:term":[{"taxonomy":"category","embeddable":true,"href":"https:\/\/www.greenpeace.org\/poland\/wp-json\/wp\/v2\/categories?post=27547"},{"taxonomy":"post_tag","embeddable":true,"href":"https:\/\/www.greenpeace.org\/poland\/wp-json\/wp\/v2\/tags?post=27547"},{"taxonomy":"p4-page-type","embeddable":true,"href":"https:\/\/www.greenpeace.org\/poland\/wp-json\/wp\/v2\/p4-page-type?post=27547"}],"curies":[{"name":"wp","href":"https:\/\/api.w.org\/{rel}","templated":true}]}}