{"id":27582,"date":"2020-02-10T13:58:00","date_gmt":"2020-02-10T11:58:00","guid":{"rendered":"https:\/\/www.greenpeace.org\/poland\/?p=27582"},"modified":"2023-05-14T20:19:47","modified_gmt":"2023-05-14T18:19:47","slug":"jak-odejsc-od-jednorazowego-plastiku-poradnik","status":"publish","type":"post","link":"https:\/\/www.greenpeace.org\/poland\/raporty\/27582\/jak-odejsc-od-jednorazowego-plastiku-poradnik\/","title":{"rendered":"Jak odej\u015b\u0107 od jednorazowego plastiku? Poradnik"},"content":{"rendered":"\n<p class=\"has-text-align-left\">Zanieczyszczenie plastikiem dotyka nawet najbardziej niedost\u0119pnych obszar\u00f3w Ziemi. Szacuje si\u0119, \u017ce <strong>ka\u017cdego roku do ocean\u00f3w trafia od 5 do 13 milion\u00f3w ton tworzyw sztucznych<\/strong>. W ci\u0105gu ostatnich 50 lat globalna produkcja tworzyw sztucznych wzros\u0142a ponad dwadzie\u015bcia razy, a wed\u0142ug prognoz ma si\u0119 jeszcze podwoi\u0107 do 2035 roku i wzrosn\u0105\u0107 czterokrotnie do roku 2050, dlatego te\u017c problem jest coraz bardziej nagl\u0105cy. Znacz\u0105cy procent obecnej produkcji stanowi\u0105 tworzywa sztuczne jednorazowego u\u017cytku, czyli te, kt\u00f3re z za\u0142o\u017cenia maj\u0105 by\u0107 wykorzystane jednokrotnie, nierzadko przez bardzo kr\u00f3tki czas.<\/p>\n\n<p>2 lipca 2019 roku w \u017cycie wesz\u0142a Dyrektywa w sprawie zmniejszenia wp\u0142ywu niekt\u00f3rych produkt\u00f3w z tworzyw sztucznych na \u015brodowisko (znana jako dyrektywa SUP \u2013 ang. single-use plastics). Jej celem jest eliminacja zanieczyszczenia \u015brodowiska jednorazowymi produktami z tworzyw sztucznych (oraz narz\u0119dziami po\u0142owowymi), kt\u00f3re s\u0105 najcz\u0119\u015bciej znajdowanymi przedmiotami na europejskich pla\u017cach.<\/p>\n\n<p>Poradnik wyja\u015bnia kluczowe elementy dyrektywy SUP i przedstawia rekomendacje w zakresie najlepszych sposob\u00f3w implementacji jej zapis\u00f3w dotycz\u0105cych jednorazowych produkt\u00f3w z plastiku na poziomie krajowym.<\/p>\n\n<div class=\"wp-block-button is-style-cta\"><a href=\"https:\/\/www.greenpeace.org\/static\/planet4-poland-stateless\/2020\/02\/b90b92b4-jak_odejsc_od_plastiku.pdf\" class=\"wp-block-button__link\">POBIERZ PORADNIK<\/a><\/div>\n\t\t\t<section\n\t\t\tclass=\"boxout post-3088 \"\n\t\t\t\n\t\t>\n\t\t\t<a\n\t\t\t\tdata-ga-category=\"Take Action Boxout\"\n\t\t\t\tdata-ga-action=\"Image\"\n\t\t\t\tdata-ga-label=\"n\/a\"\n\t\t\t\tclass=\"cover-card-overlay\"\n\t\t\t\thref=\"https:\/\/www.greenpeace.org\/poland\/dzialaj-old\/bezplastiku\/\" \n\t\t\t><\/a>\n\t\t\t\t\t\t\t<img\n\t\t\t\t\t\tsrc=\"https:\/\/www.greenpeace.org\/static\/planet4-poland-stateless\/2019\/07\/87c8ef4b-adobestock_210418973-1024x683.jpeg\"\n\t\t\t\t\t\tsrcset=\"https:\/\/www.greenpeace.org\/static\/planet4-poland-stateless\/2019\/07\/87c8ef4b-adobestock_210418973-300x200.jpeg 300w, https:\/\/www.greenpeace.org\/static\/planet4-poland-stateless\/2019\/07\/87c8ef4b-adobestock_210418973-768x512.jpeg 768w, https:\/\/www.greenpeace.org\/static\/planet4-poland-stateless\/2019\/07\/87c8ef4b-adobestock_210418973-1024x683.jpeg 1024w, https:\/\/www.greenpeace.org\/static\/planet4-poland-stateless\/2019\/07\/87c8ef4b-adobestock_210418973-2048x1366.jpeg 2048w, https:\/\/www.greenpeace.org\/static\/planet4-poland-stateless\/2019\/07\/87c8ef4b-adobestock_210418973-510x340.jpeg 510w, https:\/\/www.greenpeace.org\/static\/planet4-poland-stateless\/2019\/07\/87c8ef4b-adobestock_210418973-e1562541563362.jpeg 1920w\"\n\t\t\t\t\t\tsizes=\"(min-width: 1000px) 358px, (min-width: 780px) 313px, 88px\"\n\t\t\t\t\t\talt=\"\" title=\"\"\n\t\t\t\t\/>\n            \t\t\t<div class=\"boxout-content\">\n\t\t\t\t\t\t\t\t\t<a\n\t\t\t\t\t\tclass=\"boxout-heading medium\"\n\t\t\t\t\t\tdata-ga-category=\"Take Action Boxout\"\n\t\t\t\t\t\tdata-ga-action=\"Title\"\n\t\t\t\t\t\tdata-ga-label=\"n\/a\"\n\t\t\t\t\t\thref=\"https:\/\/www.greenpeace.org\/poland\/dzialaj-old\/bezplastiku\/\"\n\t\t\t\t\t\t\n\t\t\t\t\t>\n\t\t\t\t\t\tPodpisz: Zatrzymajmy fal\u0119 plastiku!\n\t\t\t\t\t<\/a>\n\t\t\t\t\t\t\t\t\t\t\t\t\t<p class=\"boxout-excerpt\">Do ocean\u00f3w co minut\u0119 trafia ci\u0119\u017car\u00f3wka plastikowych odpad\u00f3w, kt\u00f3re zabijaj\u0105 \u017c\u00f3\u0142wie, ptaki, ryby, wieloryby i delfiny. Musimy zadzia\u0142a\u0107 u \u017ar\u00f3d\u0142a problemu, czas by korporacje wzi\u0119\u0142y odpowiedzialno\u015b\u0107 za produkowane przez siebie \u015bmieci.<\/p>\n\t\t\t\t                                    <a\n                        class=\"btn btn-primary\"\n                        data-ga-category=\"Take Action Boxout\"\n                        data-ga-action=\"Call to Action\"\n                        data-ga-label=\"n\/a\"\n                        href=\"https:\/\/www.greenpeace.org\/poland\/dzialaj-old\/bezplastiku\/\"\n                        \n                    >\n                        Dzia\u0142aj!\n                    <\/a>\n                \t\t\t<\/div>\n\t\t\t\t\t<\/section>\n\t","protected":false},"excerpt":{"rendered":"<p>Pobierz poradnik: Jak odej\u015b\u0107 od jednorazowego plastiku?<\/p>\n","protected":false},"author":25,"featured_media":27591,"comment_status":"closed","ping_status":"open","sticky":false,"template":"","format":"standard","meta":{"ep_exclude_from_search":false,"p4_og_title":"","p4_og_description":"","p4_og_image":"","p4_og_image_id":"","p4_seo_canonical_url":"","p4_campaign_name":"not set","p4_local_project":"","p4_basket_name":"not set","p4_department":"","footnotes":""},"categories":[3],"tags":[8],"p4-page-type":[15],"class_list":["post-27582","post","type-post","status-publish","format-standard","has-post-thumbnail","hentry","category-przyroda","tag-plastik","p4-page-type-raporty"],"_links":{"self":[{"href":"https:\/\/www.greenpeace.org\/poland\/wp-json\/wp\/v2\/posts\/27582","targetHints":{"allow":["GET"]}}],"collection":[{"href":"https:\/\/www.greenpeace.org\/poland\/wp-json\/wp\/v2\/posts"}],"about":[{"href":"https:\/\/www.greenpeace.org\/poland\/wp-json\/wp\/v2\/types\/post"}],"author":[{"embeddable":true,"href":"https:\/\/www.greenpeace.org\/poland\/wp-json\/wp\/v2\/users\/25"}],"replies":[{"embeddable":true,"href":"https:\/\/www.greenpeace.org\/poland\/wp-json\/wp\/v2\/comments?post=27582"}],"version-history":[{"count":10,"href":"https:\/\/www.greenpeace.org\/poland\/wp-json\/wp\/v2\/posts\/27582\/revisions"}],"predecessor-version":[{"id":31012,"href":"https:\/\/www.greenpeace.org\/poland\/wp-json\/wp\/v2\/posts\/27582\/revisions\/31012"}],"wp:featuredmedia":[{"embeddable":true,"href":"https:\/\/www.greenpeace.org\/poland\/wp-json\/wp\/v2\/media\/27591"}],"wp:attachment":[{"href":"https:\/\/www.greenpeace.org\/poland\/wp-json\/wp\/v2\/media?parent=27582"}],"wp:term":[{"taxonomy":"category","embeddable":true,"href":"https:\/\/www.greenpeace.org\/poland\/wp-json\/wp\/v2\/categories?post=27582"},{"taxonomy":"post_tag","embeddable":true,"href":"https:\/\/www.greenpeace.org\/poland\/wp-json\/wp\/v2\/tags?post=27582"},{"taxonomy":"p4-page-type","embeddable":true,"href":"https:\/\/www.greenpeace.org\/poland\/wp-json\/wp\/v2\/p4-page-type?post=27582"}],"curies":[{"name":"wp","href":"https:\/\/api.w.org\/{rel}","templated":true}]}}