{"id":27595,"date":"2020-02-14T09:04:00","date_gmt":"2020-02-14T07:04:00","guid":{"rendered":"https:\/\/www.greenpeace.org\/poland\/?p=27595"},"modified":"2021-12-01T14:39:38","modified_gmt":"2021-12-01T12:39:38","slug":"prezydencie-trzaskowski-pila-nie-ochronisz-klimatu","status":"publish","type":"post","link":"https:\/\/www.greenpeace.org\/poland\/aktualnosci\/27595\/prezydencie-trzaskowski-pila-nie-ochronisz-klimatu\/","title":{"rendered":"Prezydencie Trzaskowski, pi\u0142\u0105 nie ochronisz klimatu!"},"content":{"rendered":"\n<p><strong>Pomimo protest\u00f3w spo\u0142ecznych i istniej\u0105cych alternatywnych rozwi\u0105za\u0144 dla budowy wa\u0142u przeciwpowodziowego, nad brzegiem Wis\u0142y w Warszawie wznowione prace zmierzaj\u0105ce do wycinki drzew i zniszczenia du\u017cego obszaru dzikiej przyrody, w tym na obszarze Natura 2000. W pi\u0105tek rano 14 lutego pracownicy budowlani zacz\u0119li wygradza\u0107 teren. Wczesnym rankiem aktywistki i aktywi\u015bci Greenpeace zaprotestowali przeciwko ci\u0119ciom, wywieszaj\u0105c na miejscu transparenty m.in. z napisem \u201cTu Trzaskowski dewastuje przyrod\u0119\u201d. Ta wycinka to symbol pokazuj\u0105cy, \u017ce prezydent Trzaskowski nie rozumie bezcennej warto\u015bci dzikiej przyrody w miastach w dobie kryzysu klimatycznego &#8211; komentuje Dominika Soko\u0142owska z Greenpeace Polska.&nbsp;<\/strong><\/p>\n\n<p><strong>Komentarz Dominiki Soko\u0142owskiej z Greenpeace Polska:&nbsp;<\/strong><\/p>\n\n<p>Jeszcze kilka dni temu prezydent Trzaskowski przekonywa\u0142 w Brukseli, \u017ce \u201cz naszej cz\u0119\u015bci Europy te\u017c mo\u017ce p\u0142yn\u0105\u0107 inicjatywa konstruktywnych rozwi\u0105za\u0144 takich jak walka z ociepleniem klimatycznym\u201d. Podkre\u015bla\u0142 kluczow\u0105 rol\u0119 miast w walce ze zmian\u0105 klimatu. Tymczasem swoimi obecnymi dzia\u0142aniami pokazuje, \u017ce najwyra\u017aniej deklaracja ta nie dotyczy Warszawy.&nbsp;<\/p>\n\n<p>&nbsp;Obszary zielone s\u0105 kluczowym elementem adaptacji miast do kryzysu klimatycznego. W ramach tej adaptacji potrzebujemy radykalnej zmiany my\u015blenia o zarz\u0105dzaniu miastem. W\u0142adze Warszawy zamiast stawa\u0107 si\u0119 pionierem zmian, wci\u0105\u017c traktuj\u0105 przyrod\u0119 jak niewygodn\u0105 przeszkod\u0119. Rafa\u0142 Trzaskowski jest doradc\u0105 w kampanii prezydenckiej Ma\u0142gorzaty Kidawy-B\u0142o\u0144skiej ds. kontaktu z miastami. <strong>Czy pi\u0142a i siekiera to strategia klimatyczna, kt\u00f3r\u0105 prezydent Trzaskowski chce proponowa\u0107 innym polskim miastom w kampanii wyborczej?&nbsp;<\/strong><\/p>\n\n<figure class=\"wp-block-image size-large  caption-style-blue-overlay caption-alignment-center\"><img loading=\"lazy\" decoding=\"async\" width=\"1024\" height=\"683\" src=\"https:\/\/www.greenpeace.org\/static\/planet4-poland-stateless\/2020\/02\/b9e314cc-2dcfa59d-5ea2-4e31-989b-8206339d0adf-1024x683.jpg\" alt=\"\" class=\"wp-image-27606\" srcset=\"https:\/\/www.greenpeace.org\/static\/planet4-poland-stateless\/2020\/02\/b9e314cc-2dcfa59d-5ea2-4e31-989b-8206339d0adf-1024x683.jpg 1024w, https:\/\/www.greenpeace.org\/static\/planet4-poland-stateless\/2020\/02\/b9e314cc-2dcfa59d-5ea2-4e31-989b-8206339d0adf-300x200.jpg 300w, https:\/\/www.greenpeace.org\/static\/planet4-poland-stateless\/2020\/02\/b9e314cc-2dcfa59d-5ea2-4e31-989b-8206339d0adf-768x512.jpg 768w, https:\/\/www.greenpeace.org\/static\/planet4-poland-stateless\/2020\/02\/b9e314cc-2dcfa59d-5ea2-4e31-989b-8206339d0adf-1536x1024.jpg 1536w, https:\/\/www.greenpeace.org\/static\/planet4-poland-stateless\/2020\/02\/b9e314cc-2dcfa59d-5ea2-4e31-989b-8206339d0adf-2048x1366.jpg 2048w, https:\/\/www.greenpeace.org\/static\/planet4-poland-stateless\/2020\/02\/b9e314cc-2dcfa59d-5ea2-4e31-989b-8206339d0adf-510x340.jpg 510w\" sizes=\"auto, (max-width: 1024px) 100vw, 1024px\" \/><figcaption>Prezydencie Trzaskowski, pi\u0142\u0105 nie ochronisz klimatu!<div class=\"credit icon-left\"> \u00a9 Max Zieli\u0144ski<\/div><\/figcaption><\/figure>\n\n<p>Miasta potrzebuj\u0105 drzew, w szczeg\u00f3lno\u015bci du\u017cych. Nie tylko produkuj\u0105 one tlen, oczyszczaj\u0105 i nawil\u017caj\u0105 powietrze oraz zatrzymuj\u0105 wod\u0119, ale te\u017c ch\u0142odz\u0105 w upalne dni, polepszaj\u0105 nasze samopoczucie i s\u0105 miejscem do \u017cycia dla zwierz\u0105t. Obszar tej inwestycji to chroniony obszar Natura 2000, kt\u00f3ry obejmuje naturalne \u0142\u0119gi, setki drzew i tysi\u0105ce krzew\u00f3w, ale te\u017c jest korytarzem ekologicznym dla zwierz\u0105t i siedliskiem cennych gatunk\u00f3w. Nie jest to miejska ziele\u0144, kt\u00f3rej warto\u015b\u0107 mo\u017cemy zrekompensowa\u0107 nowymi nasadzeniami.<\/p>\n\n<p>W swoich planach ratusz jasno wskazuje na potrzeb\u0119 ochrony zieleni w mie\u015bcie. Skandaliczna wycinka nad Wis\u0142\u0105 pokazuje, \u017ce szumne deklaracje Rafa\u0142a Trzaskowskiego o ochronie klimatu i przyrody to tylko puste s\u0142owa.<br><\/p>\n\n<figure class=\"wp-block-image size-large  caption-style-blue-overlay caption-alignment-center\"><img loading=\"lazy\" decoding=\"async\" width=\"1024\" height=\"683\" src=\"https:\/\/www.greenpeace.org\/static\/planet4-poland-stateless\/2020\/02\/eb1c97fd-22ac50e0-cc32-4bf7-8a9f-55ffb2e3b7b5-1024x683.jpg\" alt=\"\" class=\"wp-image-27614\" srcset=\"https:\/\/www.greenpeace.org\/static\/planet4-poland-stateless\/2020\/02\/eb1c97fd-22ac50e0-cc32-4bf7-8a9f-55ffb2e3b7b5-1024x683.jpg 1024w, https:\/\/www.greenpeace.org\/static\/planet4-poland-stateless\/2020\/02\/eb1c97fd-22ac50e0-cc32-4bf7-8a9f-55ffb2e3b7b5-300x200.jpg 300w, https:\/\/www.greenpeace.org\/static\/planet4-poland-stateless\/2020\/02\/eb1c97fd-22ac50e0-cc32-4bf7-8a9f-55ffb2e3b7b5-768x512.jpg 768w, https:\/\/www.greenpeace.org\/static\/planet4-poland-stateless\/2020\/02\/eb1c97fd-22ac50e0-cc32-4bf7-8a9f-55ffb2e3b7b5-1536x1024.jpg 1536w, https:\/\/www.greenpeace.org\/static\/planet4-poland-stateless\/2020\/02\/eb1c97fd-22ac50e0-cc32-4bf7-8a9f-55ffb2e3b7b5-2048x1366.jpg 2048w, https:\/\/www.greenpeace.org\/static\/planet4-poland-stateless\/2020\/02\/eb1c97fd-22ac50e0-cc32-4bf7-8a9f-55ffb2e3b7b5-510x340.jpg 510w\" sizes=\"auto, (max-width: 1024px) 100vw, 1024px\" \/><figcaption>Prezydencie Trzaskowski, pi\u0142\u0105 nie ochronisz klimatu<div class=\"credit icon-left\"> \u00a9 Max ZIeli\u0144ski<\/div><\/figcaption><\/figure>\n\n<figure class=\"wp-block-image size-large  caption-style-blue-overlay caption-alignment-center\"><img loading=\"lazy\" decoding=\"async\" width=\"1024\" height=\"683\" src=\"https:\/\/www.greenpeace.org\/static\/planet4-poland-stateless\/2020\/02\/48e81f76-49532726673_f86185e4ce_k-1024x683.jpg\" alt=\"\" class=\"wp-image-27609\" srcset=\"https:\/\/www.greenpeace.org\/static\/planet4-poland-stateless\/2020\/02\/48e81f76-49532726673_f86185e4ce_k-1024x683.jpg 1024w, https:\/\/www.greenpeace.org\/static\/planet4-poland-stateless\/2020\/02\/48e81f76-49532726673_f86185e4ce_k-300x200.jpg 300w, https:\/\/www.greenpeace.org\/static\/planet4-poland-stateless\/2020\/02\/48e81f76-49532726673_f86185e4ce_k-768x512.jpg 768w, https:\/\/www.greenpeace.org\/static\/planet4-poland-stateless\/2020\/02\/48e81f76-49532726673_f86185e4ce_k-1536x1024.jpg 1536w, https:\/\/www.greenpeace.org\/static\/planet4-poland-stateless\/2020\/02\/48e81f76-49532726673_f86185e4ce_k-510x340.jpg 510w, https:\/\/www.greenpeace.org\/static\/planet4-poland-stateless\/2020\/02\/48e81f76-49532726673_f86185e4ce_k.jpg 2048w\" sizes=\"auto, (max-width: 1024px) 100vw, 1024px\" \/><figcaption>Prezydencie Trzaskowski, pi\u0142\u0105 nie ochronisz klimatu!<div class=\"credit icon-left\"> \u00a9 Max Zieli\u0144ski<\/div><\/figcaption><\/figure>\n<div data-render=\"planet4-blocks\/gallery\" data-attributes=\"{&quot;attributes&quot;:{&quot;multiple_image&quot;:&quot;27606,27608,27609,27610,27607,27614&quot;,&quot;image_data&quot;:[{&quot;url&quot;:&quot;https:\\\/\\\/www.greenpeace.org\\\/static\\\/planet4-poland-stateless\\\/2020\\\/02\\\/4f42f0aa-49533448272_c670f8471c_h.jpg&quot;,&quot;focalPoint&quot;:{&quot;x&quot;:0.5,&quot;y&quot;:0.5},&quot;id&quot;:&quot;27608&quot;},{&quot;url&quot;:&quot;https:\\\/\\\/www.greenpeace.org\\\/static\\\/planet4-poland-stateless\\\/2020\\\/02\\\/48e81f76-49532726673_f86185e4ce_k.jpg&quot;,&quot;focalPoint&quot;:{&quot;x&quot;:0.5,&quot;y&quot;:0.5},&quot;id&quot;:&quot;27609&quot;},{&quot;url&quot;:&quot;https:\\\/\\\/www.greenpeace.org\\\/static\\\/planet4-poland-stateless\\\/2020\\\/02\\\/94166457-49533448247_eb42819190_h.jpg&quot;,&quot;focalPoint&quot;:{&quot;x&quot;:0.5,&quot;y&quot;:0.5},&quot;id&quot;:&quot;27610&quot;},{&quot;url&quot;:&quot;https:\\\/\\\/www.greenpeace.org\\\/static\\\/planet4-poland-stateless\\\/2020\\\/02\\\/eb1c97fd-22ac50e0-cc32-4bf7-8a9f-55ffb2e3b7b5-scaled.jpg&quot;,&quot;focalPoint&quot;:{&quot;x&quot;:0.5,&quot;y&quot;:0.5},&quot;id&quot;:&quot;27614&quot;}],&quot;gallery_block_style&quot;:0,&quot;gallery_block_title&quot;:&quot;&quot;,&quot;gallery_block_description&quot;:&quot;&quot;,&quot;gallery_block_focus_points&quot;:&quot;&quot;,&quot;images&quot;:[{&quot;image_src&quot;:&quot;https:\\\/\\\/www.greenpeace.org\\\/static\\\/planet4-poland-stateless\\\/2020\\\/02\\\/b9e314cc-2dcfa59d-5ea2-4e31-989b-8206339d0adf-scaled.jpg&quot;,&quot;image_srcset&quot;:&quot;https:\\\/\\\/www.greenpeace.org\\\/static\\\/planet4-poland-stateless\\\/2020\\\/02\\\/b9e314cc-2dcfa59d-5ea2-4e31-989b-8206339d0adf-scaled.jpg 2560w, https:\\\/\\\/www.greenpeace.org\\\/static\\\/planet4-poland-stateless\\\/2020\\\/02\\\/b9e314cc-2dcfa59d-5ea2-4e31-989b-8206339d0adf-300x200.jpg 300w, https:\\\/\\\/www.greenpeace.org\\\/static\\\/planet4-poland-stateless\\\/2020\\\/02\\\/b9e314cc-2dcfa59d-5ea2-4e31-989b-8206339d0adf-1024x683.jpg 1024w, https:\\\/\\\/www.greenpeace.org\\\/static\\\/planet4-poland-stateless\\\/2020\\\/02\\\/b9e314cc-2dcfa59d-5ea2-4e31-989b-8206339d0adf-768x512.jpg 768w, https:\\\/\\\/www.greenpeace.org\\\/static\\\/planet4-poland-stateless\\\/2020\\\/02\\\/b9e314cc-2dcfa59d-5ea2-4e31-989b-8206339d0adf-1536x1024.jpg 1536w, https:\\\/\\\/www.greenpeace.org\\\/static\\\/planet4-poland-stateless\\\/2020\\\/02\\\/b9e314cc-2dcfa59d-5ea2-4e31-989b-8206339d0adf-2048x1366.jpg 2048w, https:\\\/\\\/www.greenpeace.org\\\/static\\\/planet4-poland-stateless\\\/2020\\\/02\\\/b9e314cc-2dcfa59d-5ea2-4e31-989b-8206339d0adf-510x340.jpg 510w&quot;,&quot;image_sizes&quot;:false,&quot;alt_text&quot;:&quot;&quot;,&quot;caption&quot;:&quot;Prezydencie Trzaskowski, pi\\u0142\\u0105 nie ochronisz klimatu! Protest w obronie wycinki drzew na praskim brzegu Wis\\u0142y w Warszawie&quot;,&quot;focus_image&quot;:&quot;&quot;,&quot;credits&quot;:&quot;\\u00a9 Max Zieli\\u0144ski&quot;},{&quot;image_src&quot;:&quot;https:\\\/\\\/www.greenpeace.org\\\/static\\\/planet4-poland-stateless\\\/2020\\\/02\\\/4f42f0aa-49533448272_c670f8471c_h.jpg&quot;,&quot;image_srcset&quot;:&quot;https:\\\/\\\/www.greenpeace.org\\\/static\\\/planet4-poland-stateless\\\/2020\\\/02\\\/4f42f0aa-49533448272_c670f8471c_h.jpg 1600w, https:\\\/\\\/www.greenpeace.org\\\/static\\\/planet4-poland-stateless\\\/2020\\\/02\\\/4f42f0aa-49533448272_c670f8471c_h-300x200.jpg 300w, https:\\\/\\\/www.greenpeace.org\\\/static\\\/planet4-poland-stateless\\\/2020\\\/02\\\/4f42f0aa-49533448272_c670f8471c_h-1024x684.jpg 1024w, https:\\\/\\\/www.greenpeace.org\\\/static\\\/planet4-poland-stateless\\\/2020\\\/02\\\/4f42f0aa-49533448272_c670f8471c_h-768x513.jpg 768w, https:\\\/\\\/www.greenpeace.org\\\/static\\\/planet4-poland-stateless\\\/2020\\\/02\\\/4f42f0aa-49533448272_c670f8471c_h-1536x1026.jpg 1536w, https:\\\/\\\/www.greenpeace.org\\\/static\\\/planet4-poland-stateless\\\/2020\\\/02\\\/4f42f0aa-49533448272_c670f8471c_h-510x340.jpg 510w&quot;,&quot;image_sizes&quot;:false,&quot;alt_text&quot;:&quot;&quot;,&quot;caption&quot;:&quot;Prezydencie Trzaskowski, pi\\u0142\\u0105 nie ochronisz klimatu!&quot;,&quot;focus_image&quot;:&quot;&quot;,&quot;credits&quot;:&quot;\\u00a9 Max Zieli\\u0144ski&quot;},{&quot;image_src&quot;:&quot;https:\\\/\\\/www.greenpeace.org\\\/static\\\/planet4-poland-stateless\\\/2020\\\/02\\\/48e81f76-49532726673_f86185e4ce_k.jpg&quot;,&quot;image_srcset&quot;:&quot;https:\\\/\\\/www.greenpeace.org\\\/static\\\/planet4-poland-stateless\\\/2020\\\/02\\\/48e81f76-49532726673_f86185e4ce_k.jpg 2048w, https:\\\/\\\/www.greenpeace.org\\\/static\\\/planet4-poland-stateless\\\/2020\\\/02\\\/48e81f76-49532726673_f86185e4ce_k-300x200.jpg 300w, https:\\\/\\\/www.greenpeace.org\\\/static\\\/planet4-poland-stateless\\\/2020\\\/02\\\/48e81f76-49532726673_f86185e4ce_k-1024x683.jpg 1024w, https:\\\/\\\/www.greenpeace.org\\\/static\\\/planet4-poland-stateless\\\/2020\\\/02\\\/48e81f76-49532726673_f86185e4ce_k-768x512.jpg 768w, https:\\\/\\\/www.greenpeace.org\\\/static\\\/planet4-poland-stateless\\\/2020\\\/02\\\/48e81f76-49532726673_f86185e4ce_k-1536x1024.jpg 1536w, https:\\\/\\\/www.greenpeace.org\\\/static\\\/planet4-poland-stateless\\\/2020\\\/02\\\/48e81f76-49532726673_f86185e4ce_k-510x340.jpg 510w&quot;,&quot;image_sizes&quot;:false,&quot;alt_text&quot;:&quot;&quot;,&quot;caption&quot;:&quot;Prezydencie Trzaskowski, pi\\u0142\\u0105 nie ochronisz klimatu!&quot;,&quot;focus_image&quot;:&quot;&quot;,&quot;credits&quot;:&quot;\\u00a9 Max Zieli\\u0144ski&quot;},{&quot;image_src&quot;:&quot;https:\\\/\\\/www.greenpeace.org\\\/static\\\/planet4-poland-stateless\\\/2020\\\/02\\\/94166457-49533448247_eb42819190_h.jpg&quot;,&quot;image_srcset&quot;:&quot;https:\\\/\\\/www.greenpeace.org\\\/static\\\/planet4-poland-stateless\\\/2020\\\/02\\\/94166457-49533448247_eb42819190_h.jpg 1600w, https:\\\/\\\/www.greenpeace.org\\\/static\\\/planet4-poland-stateless\\\/2020\\\/02\\\/94166457-49533448247_eb42819190_h-300x200.jpg 300w, https:\\\/\\\/www.greenpeace.org\\\/static\\\/planet4-poland-stateless\\\/2020\\\/02\\\/94166457-49533448247_eb42819190_h-1024x684.jpg 1024w, https:\\\/\\\/www.greenpeace.org\\\/static\\\/planet4-poland-stateless\\\/2020\\\/02\\\/94166457-49533448247_eb42819190_h-768x513.jpg 768w, https:\\\/\\\/www.greenpeace.org\\\/static\\\/planet4-poland-stateless\\\/2020\\\/02\\\/94166457-49533448247_eb42819190_h-1536x1026.jpg 1536w, https:\\\/\\\/www.greenpeace.org\\\/static\\\/planet4-poland-stateless\\\/2020\\\/02\\\/94166457-49533448247_eb42819190_h-510x340.jpg 510w&quot;,&quot;image_sizes&quot;:false,&quot;alt_text&quot;:&quot;&quot;,&quot;caption&quot;:&quot;Prezydencie Trzaskowski, pi\\u0142\\u0105 nie ochronisz klimatu!&quot;,&quot;focus_image&quot;:&quot;&quot;,&quot;credits&quot;:&quot;\\u00a9 Max Zieli\\u0144ski&quot;},{&quot;image_src&quot;:&quot;https:\\\/\\\/www.greenpeace.org\\\/static\\\/planet4-poland-stateless\\\/2020\\\/02\\\/1528a8de-9b1b4cb2-6068-4c7b-8650-5f87ecf3432c.jpg&quot;,&quot;image_srcset&quot;:&quot;https:\\\/\\\/www.greenpeace.org\\\/static\\\/planet4-poland-stateless\\\/2020\\\/02\\\/1528a8de-9b1b4cb2-6068-4c7b-8650-5f87ecf3432c.jpg 1616w, https:\\\/\\\/www.greenpeace.org\\\/static\\\/planet4-poland-stateless\\\/2020\\\/02\\\/1528a8de-9b1b4cb2-6068-4c7b-8650-5f87ecf3432c-300x200.jpg 300w, https:\\\/\\\/www.greenpeace.org\\\/static\\\/planet4-poland-stateless\\\/2020\\\/02\\\/1528a8de-9b1b4cb2-6068-4c7b-8650-5f87ecf3432c-1024x684.jpg 1024w, https:\\\/\\\/www.greenpeace.org\\\/static\\\/planet4-poland-stateless\\\/2020\\\/02\\\/1528a8de-9b1b4cb2-6068-4c7b-8650-5f87ecf3432c-768x513.jpg 768w, https:\\\/\\\/www.greenpeace.org\\\/static\\\/planet4-poland-stateless\\\/2020\\\/02\\\/1528a8de-9b1b4cb2-6068-4c7b-8650-5f87ecf3432c-1536x1027.jpg 1536w, https:\\\/\\\/www.greenpeace.org\\\/static\\\/planet4-poland-stateless\\\/2020\\\/02\\\/1528a8de-9b1b4cb2-6068-4c7b-8650-5f87ecf3432c-510x340.jpg 510w&quot;,&quot;image_sizes&quot;:false,&quot;alt_text&quot;:&quot;&quot;,&quot;caption&quot;:&quot;Prezydencie Trzaskowski, pi\\u0142\\u0105 nie ochronisz klimatu!&quot;,&quot;focus_image&quot;:&quot;&quot;,&quot;credits&quot;:&quot;\\u00a9 Max Zieli\\u0144ski&quot;},{&quot;image_src&quot;:&quot;https:\\\/\\\/www.greenpeace.org\\\/static\\\/planet4-poland-stateless\\\/2020\\\/02\\\/eb1c97fd-22ac50e0-cc32-4bf7-8a9f-55ffb2e3b7b5-scaled.jpg&quot;,&quot;image_srcset&quot;:&quot;https:\\\/\\\/www.greenpeace.org\\\/static\\\/planet4-poland-stateless\\\/2020\\\/02\\\/eb1c97fd-22ac50e0-cc32-4bf7-8a9f-55ffb2e3b7b5-scaled.jpg 2560w, https:\\\/\\\/www.greenpeace.org\\\/static\\\/planet4-poland-stateless\\\/2020\\\/02\\\/eb1c97fd-22ac50e0-cc32-4bf7-8a9f-55ffb2e3b7b5-300x200.jpg 300w, https:\\\/\\\/www.greenpeace.org\\\/static\\\/planet4-poland-stateless\\\/2020\\\/02\\\/eb1c97fd-22ac50e0-cc32-4bf7-8a9f-55ffb2e3b7b5-1024x683.jpg 1024w, https:\\\/\\\/www.greenpeace.org\\\/static\\\/planet4-poland-stateless\\\/2020\\\/02\\\/eb1c97fd-22ac50e0-cc32-4bf7-8a9f-55ffb2e3b7b5-768x512.jpg 768w, https:\\\/\\\/www.greenpeace.org\\\/static\\\/planet4-poland-stateless\\\/2020\\\/02\\\/eb1c97fd-22ac50e0-cc32-4bf7-8a9f-55ffb2e3b7b5-1536x1024.jpg 1536w, https:\\\/\\\/www.greenpeace.org\\\/static\\\/planet4-poland-stateless\\\/2020\\\/02\\\/eb1c97fd-22ac50e0-cc32-4bf7-8a9f-55ffb2e3b7b5-2048x1366.jpg 2048w, https:\\\/\\\/www.greenpeace.org\\\/static\\\/planet4-poland-stateless\\\/2020\\\/02\\\/eb1c97fd-22ac50e0-cc32-4bf7-8a9f-55ffb2e3b7b5-510x340.jpg 510w&quot;,&quot;image_sizes&quot;:false,&quot;alt_text&quot;:&quot;&quot;,&quot;caption&quot;:&quot;Prezydencie Trzaskowski, pi\\u0142\\u0105 nie ochronisz klimatu&quot;,&quot;focus_image&quot;:&quot;&quot;,&quot;credits&quot;:&quot;\\u00a9 Max ZIeli\\u0144ski&quot;}]}}\"><\/div>\t\t\t<section\n\t\t\tclass=\"boxout post-30 \"\n\t\t\t\n\t\t>\n\t\t\t<a\n\t\t\t\tdata-ga-category=\"Take Action Boxout\"\n\t\t\t\tdata-ga-action=\"Image\"\n\t\t\t\tdata-ga-label=\"n\/a\"\n\t\t\t\tclass=\"cover-card-overlay\"\n\t\t\t\thref=\"https:\/\/www.greenpeace.org\/poland\/dzialaj-old\/dzialaj-dla-klimatu\/\" \n\t\t\t><\/a>\n\t\t\t\t\t\t\t<img\n\t\t\t\t\t\tsrc=\"https:\/\/www.greenpeace.org\/static\/planet4-poland-stateless\/2021\/09\/06f1e79a-51439660800_dcf586c521_k-1024x683.jpg\"\n\t\t\t\t\t\tsrcset=\"https:\/\/www.greenpeace.org\/static\/planet4-poland-stateless\/2021\/09\/06f1e79a-51439660800_dcf586c521_k-300x200.jpg 300w, https:\/\/www.greenpeace.org\/static\/planet4-poland-stateless\/2021\/09\/06f1e79a-51439660800_dcf586c521_k-1024x683.jpg 1024w, https:\/\/www.greenpeace.org\/static\/planet4-poland-stateless\/2021\/09\/06f1e79a-51439660800_dcf586c521_k-768x512.jpg 768w, https:\/\/www.greenpeace.org\/static\/planet4-poland-stateless\/2021\/09\/06f1e79a-51439660800_dcf586c521_k-1536x1024.jpg 1536w, https:\/\/www.greenpeace.org\/static\/planet4-poland-stateless\/2021\/09\/06f1e79a-51439660800_dcf586c521_k-510x340.jpg 510w, https:\/\/www.greenpeace.org\/static\/planet4-poland-stateless\/2021\/09\/06f1e79a-51439660800_dcf586c521_k.jpg 2048w\"\n\t\t\t\t\t\tsizes=\"(min-width: 1000px) 358px, (min-width: 780px) 313px, 88px\"\n\t\t\t\t\t\talt=\"\" title=\"\"\n\t\t\t\t\/>\n            \t\t\t<div class=\"boxout-content\">\n\t\t\t\t\t\t\t\t\t<a\n\t\t\t\t\t\tclass=\"boxout-heading medium\"\n\t\t\t\t\t\tdata-ga-category=\"Take Action Boxout\"\n\t\t\t\t\t\tdata-ga-action=\"Title\"\n\t\t\t\t\t\tdata-ga-label=\"n\/a\"\n\t\t\t\t\t\thref=\"https:\/\/www.greenpeace.org\/poland\/dzialaj-old\/dzialaj-dla-klimatu\/\"\n\t\t\t\t\t\t\n\t\t\t\t\t>\n\t\t\t\t\t\tDzia\u0142aj dla klimatu!\n\t\t\t\t\t<\/a>\n\t\t\t\t\t\t\t\t\t\t\t\t\t<p class=\"boxout-excerpt\">Jedyna szansa, \u017ceby ochroni\u0107 \u015bwiat przed katastrof\u0105 klimatyczn\u0105, to podj\u0119cie natychmiastowych dzia\u0142a\u0144. Dlatego wszyscy musimy zacz\u0105\u0107 dzia\u0142a\u0107 &#8211; nim b\u0119dzie za p\u00f3\u017ano.<\/p>\n\t\t\t\t                                    <a\n                        class=\"btn btn-primary\"\n                        data-ga-category=\"Take Action Boxout\"\n                        data-ga-action=\"Call to Action\"\n                        data-ga-label=\"n\/a\"\n                        href=\"https:\/\/www.greenpeace.org\/poland\/dzialaj-old\/dzialaj-dla-klimatu\/\"\n                        \n                    >\n                        Dzia\u0142aj!\n                    <\/a>\n                \t\t\t<\/div>\n\t\t\t\t\t<\/section>\n\t","protected":false},"excerpt":{"rendered":"<p>Pomimo protest\u00f3w spo\u0142ecznych i istniej\u0105cych alternatywnych rozwi\u0105za\u0144 dla budowy wa\u0142u przeciwpowodziowego, nad brzegiem Wis\u0142y w Warszawie wznowione prace zmierzaj\u0105ce do wycinki drzew i zniszczenia du\u017cego obszaru dzikiej przyrody, w tym&hellip;<\/p>\n","protected":false},"author":25,"featured_media":27596,"comment_status":"closed","ping_status":"open","sticky":false,"template":"","format":"standard","meta":{"ep_exclude_from_search":false,"p4_og_title":"","p4_og_description":"","p4_og_image":"","p4_og_image_id":"","p4_seo_canonical_url":"","p4_campaign_name":"not set","p4_local_project":"","p4_basket_name":"not set","p4_department":"","footnotes":""},"categories":[2,3],"tags":[6,24,26],"p4-page-type":[14],"class_list":["post-27595","post","type-post","status-publish","format-standard","has-post-thumbnail","hentry","category-klimat-energia","category-przyroda","tag-klimat","tag-aktywizm","tag-ochrona-przyrody","p4-page-type-aktualnosci"],"_links":{"self":[{"href":"https:\/\/www.greenpeace.org\/poland\/wp-json\/wp\/v2\/posts\/27595","targetHints":{"allow":["GET"]}}],"collection":[{"href":"https:\/\/www.greenpeace.org\/poland\/wp-json\/wp\/v2\/posts"}],"about":[{"href":"https:\/\/www.greenpeace.org\/poland\/wp-json\/wp\/v2\/types\/post"}],"author":[{"embeddable":true,"href":"https:\/\/www.greenpeace.org\/poland\/wp-json\/wp\/v2\/users\/25"}],"replies":[{"embeddable":true,"href":"https:\/\/www.greenpeace.org\/poland\/wp-json\/wp\/v2\/comments?post=27595"}],"version-history":[{"count":12,"href":"https:\/\/www.greenpeace.org\/poland\/wp-json\/wp\/v2\/posts\/27595\/revisions"}],"predecessor-version":[{"id":31009,"href":"https:\/\/www.greenpeace.org\/poland\/wp-json\/wp\/v2\/posts\/27595\/revisions\/31009"}],"wp:featuredmedia":[{"embeddable":true,"href":"https:\/\/www.greenpeace.org\/poland\/wp-json\/wp\/v2\/media\/27596"}],"wp:attachment":[{"href":"https:\/\/www.greenpeace.org\/poland\/wp-json\/wp\/v2\/media?parent=27595"}],"wp:term":[{"taxonomy":"category","embeddable":true,"href":"https:\/\/www.greenpeace.org\/poland\/wp-json\/wp\/v2\/categories?post=27595"},{"taxonomy":"post_tag","embeddable":true,"href":"https:\/\/www.greenpeace.org\/poland\/wp-json\/wp\/v2\/tags?post=27595"},{"taxonomy":"p4-page-type","embeddable":true,"href":"https:\/\/www.greenpeace.org\/poland\/wp-json\/wp\/v2\/p4-page-type?post=27595"}],"curies":[{"name":"wp","href":"https:\/\/api.w.org\/{rel}","templated":true}]}}