{"id":27718,"date":"2020-03-13T17:59:55","date_gmt":"2020-03-13T15:59:55","guid":{"rendered":"https:\/\/www.greenpeace.org\/poland\/?p=27718"},"modified":"2021-12-01T14:39:36","modified_gmt":"2021-12-01T12:39:36","slug":"pracujemy-z-domu-ale-dalej-dzialamy-na-rzecz-przyrody-i-klimatu","status":"publish","type":"post","link":"https:\/\/www.greenpeace.org\/poland\/aktualnosci\/27718\/pracujemy-z-domu-ale-dalej-dzialamy-na-rzecz-przyrody-i-klimatu\/","title":{"rendered":"Pracujemy z domu, ale dalej dzia\u0142amy na rzecz przyrody i klimatu"},"content":{"rendered":"\n<p>Rozprzestrzenianie si\u0119 koronawirusa jest ogromnym testem nie tylko dla pa\u0144stwa, ale i dla ca\u0142ego spo\u0142ecze\u0144stwa. W Greenpeace cz\u0119sto powtarzamy, \u017ce si\u0142a ludzi ma ogromn\u0105 moc, a dzia\u0142ania podejmowane przez ka\u017cd\u0105 i ka\u017cdego z nas maj\u0105 znaczenie. W obliczu rozprzestrzeniania si\u0119 wirusa, nabiera to nowego znaczenia. Dlatego do\u0142\u0105czyli\u015bmy do akcji #Zosta\u0144Wdomu.<\/p>\n\n<p>W przypadku zagro\u017cenia wirusem, na kt\u00f3ry nie mamy jeszcze szczepionki, bardzo wa\u017cne jest powstrzymanie szybkiego rozprzestrzeniania si\u0119 choroby. Wed\u0142ug wszelkiej dost\u0119pnej wiedzy metod\u0105 na unikni\u0119cie szybkiego rozprzestrzeniania si\u0119 wirusa jest ograniczenie kontakt\u00f3w fizycznych i przebywania w wi\u0119kszych grupach. Na szcz\u0119\u015bcie, w XXI wieku kontakty spo\u0142eczne mo\u017cemy utrzymywa\u0107 te\u017c w inny spos\u00f3b, korzystaj\u0105c z mo\u017cliwo\u015bci, jakie daj\u0105 np. media spo\u0142eczno\u015bciowe. To dlatego tak wa\u017cne s\u0105 wprowadzane \u015brodki zapobiegawcze (zamykanie szk\u00f3\u0142, praca z domu, zakaz imprez masowych). Sami wprowadzili\u015bmy rekomendowane ograniczenia w naszej codziennej dzia\u0142alno\u015bci. Podj\u0119li\u015bmy decyzj\u0119 o:<\/p>\n\n<p>&#8211; rezygnacji z planowanych dzia\u0142a\u0144 w przestrzeni publicznej,&nbsp;<br> &#8211; organizacji pracy spoza biura, <br>&#8211; rezygnacji z podr\u00f3\u017cy s\u0142u\u017cbowych.&nbsp;<\/p>\n\n<p>O zastosowanie \u015brodk\u00f3w ostro\u017cno\u015bci zaapelowali\u015bmy do os\u00f3b dzia\u0142aj\u0105cych w Greenpeace wolontariacko i pracuj\u0105cych w organizacji. Uwa\u017camy, \u017ce stosowanie si\u0119 do wytycznych, kt\u00f3re ograniczaj\u0105 kontakty fizyczne jest wyrazem troski o naszych bliskich a tak\u017ce wsp\u00f3\u0142obywatelki i wsp\u00f3\u0142obywateli.<\/p>\n\n<p>Podj\u0119cie \u015brodk\u00f3w ostro\u017cno\u015bci nie oznacza jednak, \u017ce wstrzymujemy nasz\u0105 prac\u0119 na rzecz klimatu i przyrody. B\u0119dziemy tak jak do tej pory dok\u0142adnie przygl\u0105da\u0107 si\u0119 tym, kt\u00f3rzy dzia\u0142aj\u0105 na szkod\u0119 \u015brodowiska naturalnego i podejmowa\u0107 dzia\u0142ania adekwatne w obecnej sytuacji. Nieustannie b\u0119dziemy sta\u0107 na stra\u017cy naszych warto\u015bci, najlepiej jak si\u0119 da w tych trudnych dla nas wszystkich warunkach.&nbsp;<\/p>\n\n<p>W zwi\u0105zku z przeniesieniem pracy poza biuro, kontakt z nami (zw\u0142aszcza telefoniczny) mo\u017ce by\u0107 utrudniony. Mo\u017cemy te\u017c by\u0107 trudniej dost\u0119pni i nieco p\u00f3\u017aniej ni\u017c zwykle odpisywa\u0107 na wiadomo\u015bci i maile. Prosimy o wyrozumia\u0142o\u015b\u0107.<\/p>\n\n<script type=\"application\/javascript\" src=\"https:\/\/wspieram.greenpeace.pl\/action\/iframe.js\" data-version=\"nature\"><\/script>\n\t\t\t<section\n\t\t\tclass=\"boxout post-2650 \"\n\t\t\t\n\t\t>\n\t\t\t<a\n\t\t\t\tdata-ga-category=\"Take Action Boxout\"\n\t\t\t\tdata-ga-action=\"Image\"\n\t\t\t\tdata-ga-label=\"n\/a\"\n\t\t\t\tclass=\"cover-card-overlay\"\n\t\t\t\thref=\"https:\/\/www.greenpeace.org\/poland\/dzialaj-old\/wesprzyj-nas\/\" \n\t\t\t><\/a>\n\t\t\t\t\t\t\t<img\n\t\t\t\t\t\tsrc=\"https:\/\/www.greenpeace.org\/static\/planet4-poland-stateless\/2018\/05\/aa49ade7-gp0stqwmj_pressmedia-communit-policy-1024x684.jpg\"\n\t\t\t\t\t\tsrcset=\"https:\/\/www.greenpeace.org\/static\/planet4-poland-stateless\/2018\/05\/aa49ade7-gp0stqwmj_pressmedia-communit-policy-300x200.jpg 300w, https:\/\/www.greenpeace.org\/static\/planet4-poland-stateless\/2018\/05\/aa49ade7-gp0stqwmj_pressmedia-communit-policy-768x513.jpg 768w, https:\/\/www.greenpeace.org\/static\/planet4-poland-stateless\/2018\/05\/aa49ade7-gp0stqwmj_pressmedia-communit-policy-1024x684.jpg 1024w, https:\/\/www.greenpeace.org\/static\/planet4-poland-stateless\/2018\/05\/aa49ade7-gp0stqwmj_pressmedia-communit-policy-2046x1366.jpg 2046w, https:\/\/www.greenpeace.org\/static\/planet4-poland-stateless\/2018\/05\/aa49ade7-gp0stqwmj_pressmedia-communit-policy-510x340.jpg 510w, https:\/\/www.greenpeace.org\/static\/planet4-poland-stateless\/2018\/05\/aa49ade7-gp0stqwmj_pressmedia-communit-policy-e1565276312201.jpg 1200w\"\n\t\t\t\t\t\tsizes=\"(min-width: 1000px) 358px, (min-width: 780px) 313px, 88px\"\n\t\t\t\t\t\talt=\"\" title=\"\"\n\t\t\t\t\/>\n            \t\t\t<div class=\"boxout-content\">\n\t\t\t\t\t\t\t\t\t<a\n\t\t\t\t\t\tclass=\"boxout-heading medium\"\n\t\t\t\t\t\tdata-ga-category=\"Take Action Boxout\"\n\t\t\t\t\t\tdata-ga-action=\"Title\"\n\t\t\t\t\t\tdata-ga-label=\"n\/a\"\n\t\t\t\t\t\thref=\"https:\/\/www.greenpeace.org\/poland\/dzialaj-old\/wesprzyj-nas\/\"\n\t\t\t\t\t\t\n\t\t\t\t\t>\n\t\t\t\t\t\tTwoje wsparcie ma ogromne znaczenie!\n\t\t\t\t\t<\/a>\n\t\t\t\t\t\t\t\t\t\t\t\t\t<p class=\"boxout-excerpt\">Do\u0142\u0105cz do gron fantastycznych os\u00f3b, kt\u00f3re wspieraj\u0105 nas niewielkimi regularnymi datkami i kt\u00f3re razem z nami zmieniaj\u0105 \u015bwiat!<\/p>\n\t\t\t\t                                    <a\n                        class=\"btn btn-primary\"\n                        data-ga-category=\"Take Action Boxout\"\n                        data-ga-action=\"Call to Action\"\n                        data-ga-label=\"n\/a\"\n                        href=\"https:\/\/www.greenpeace.org\/poland\/dzialaj-old\/wesprzyj-nas\/\"\n                        \n                    >\n                        Dzia\u0142aj!\n                    <\/a>\n                \t\t\t<\/div>\n\t\t\t\t\t<\/section>\n\t","protected":false},"excerpt":{"rendered":"<p>Rozprzestrzenianie si\u0119 koronawirusa jest ogromnym testem nie tylko dla pa\u0144stwa, ale i dla ca\u0142ego spo\u0142ecze\u0144stwa. W Greenpeace cz\u0119sto powtarzamy, \u017ce si\u0142a ludzi ma ogromn\u0105 moc, a dzia\u0142ania podejmowane przez ka\u017cd\u0105&hellip;<\/p>\n","protected":false},"author":32,"featured_media":27722,"comment_status":"closed","ping_status":"open","sticky":false,"template":"","format":"standard","meta":{"ep_exclude_from_search":false,"p4_og_title":"","p4_og_description":"","p4_og_image":"","p4_og_image_id":"","p4_seo_canonical_url":"","p4_campaign_name":"not set","p4_local_project":"","p4_basket_name":"not set","p4_department":"","footnotes":""},"categories":[33],"tags":[13],"p4-page-type":[14],"class_list":["post-27718","post","type-post","status-publish","format-standard","has-post-thumbnail","hentry","category-greenpeace","tag-o-nas","p4-page-type-aktualnosci"],"_links":{"self":[{"href":"https:\/\/www.greenpeace.org\/poland\/wp-json\/wp\/v2\/posts\/27718","targetHints":{"allow":["GET"]}}],"collection":[{"href":"https:\/\/www.greenpeace.org\/poland\/wp-json\/wp\/v2\/posts"}],"about":[{"href":"https:\/\/www.greenpeace.org\/poland\/wp-json\/wp\/v2\/types\/post"}],"author":[{"embeddable":true,"href":"https:\/\/www.greenpeace.org\/poland\/wp-json\/wp\/v2\/users\/32"}],"replies":[{"embeddable":true,"href":"https:\/\/www.greenpeace.org\/poland\/wp-json\/wp\/v2\/comments?post=27718"}],"version-history":[{"count":6,"href":"https:\/\/www.greenpeace.org\/poland\/wp-json\/wp\/v2\/posts\/27718\/revisions"}],"predecessor-version":[{"id":31003,"href":"https:\/\/www.greenpeace.org\/poland\/wp-json\/wp\/v2\/posts\/27718\/revisions\/31003"}],"wp:featuredmedia":[{"embeddable":true,"href":"https:\/\/www.greenpeace.org\/poland\/wp-json\/wp\/v2\/media\/27722"}],"wp:attachment":[{"href":"https:\/\/www.greenpeace.org\/poland\/wp-json\/wp\/v2\/media?parent=27718"}],"wp:term":[{"taxonomy":"category","embeddable":true,"href":"https:\/\/www.greenpeace.org\/poland\/wp-json\/wp\/v2\/categories?post=27718"},{"taxonomy":"post_tag","embeddable":true,"href":"https:\/\/www.greenpeace.org\/poland\/wp-json\/wp\/v2\/tags?post=27718"},{"taxonomy":"p4-page-type","embeddable":true,"href":"https:\/\/www.greenpeace.org\/poland\/wp-json\/wp\/v2\/p4-page-type?post=27718"}],"curies":[{"name":"wp","href":"https:\/\/api.w.org\/{rel}","templated":true}]}}