{"id":27775,"date":"2020-03-25T16:21:02","date_gmt":"2020-03-25T14:21:02","guid":{"rendered":"https:\/\/www.greenpeace.org\/poland\/?p=27775"},"modified":"2021-12-01T14:39:33","modified_gmt":"2021-12-01T12:39:33","slug":"megalotnisko-sposobem-na-kryzys-nie-tedy-droga","status":"publish","type":"post","link":"https:\/\/www.greenpeace.org\/poland\/aktualnosci\/27775\/megalotnisko-sposobem-na-kryzys-nie-tedy-droga\/","title":{"rendered":"Megalotnisko sposobem na kryzys? Nie t\u0119dy droga"},"content":{"rendered":"\n<p><strong>We wtorek Diederik Samsom,\nszef gabinetu politycznego Fransa Timmermansa, podkre\u015bli\u0142, \u017ce dzia\u0142ania maj\u0105ce\nna celu o\u017cywienie gospodarki po pandemii koronawirusa, a tak\u017ce wieloletnie ramy\nfinansowe UE, powinny by\u0107 usp\u00f3jnione z celami Europejskiego Zielonego \u0141adu.\nPodczas gdy Unia Europejska jeszcze bardziej podkre\u015bla wag\u0119 realizacji\nEuropejskiego Zielonego \u0141adu w obliczu pog\u0142\u0119biaj\u0105cego si\u0119 kryzysu wywo\u0142anego\nepidemi\u0105 koronawirusa, polski rz\u0105d nadal forsuje inwestycje, kt\u00f3re stoj\u0105 z nim\nw jawnej sprzeczno\u015bci. Pe\u0142nomocnik rz\u0105du ds. Centralnego Portu Komunikacyjnego\ndla RP, Marcin Hora\u0142a stwierdzi\u0142, \u017ce rz\u0105d nie tylko nie zrezygnuje z budowy\nmegalotniska w ramach CPK, ani nie przesunie jej w czasie, a inwestycja b\u0119dzie\nmog\u0142a rozrusza\u0107 gospodark\u0119.&nbsp;<\/strong><\/p>\n\n<p>Wydawanie wielomiliardowych\nsum na inwestycj\u0119, kt\u00f3ra utrudni Polsce walk\u0119 z kryzysem klimatycznym to jak\npalenie pieni\u0119dzmi w piecu. Ani to ekologiczne, ani m\u0105dre. Nie sta\u0107 nas na\ntakie szale\u0144stwo, szczeg\u00f3lnie w dobie pandemii i spodziewanego kryzysu\ngospodarczego. Polska potrzebuje ambitnych i szeroko zakrojonych inwestycji\npublicznych, ale takich, kt\u00f3re b\u0119d\u0105 budowa\u0107 przysz\u0142o\u015bciowe, zielone ga\u0142\u0119zie\ngospodarki. Mamy szans\u0119 unikn\u0105\u0107 b\u0142\u0119d\u00f3w, kt\u00f3re w przesz\u0142o\u015bci pope\u0142nia\u0142y\ngospodarki innych pa\u0144stw, kt\u00f3re po kryzysie wraca\u0142y na te same tory i wspiera\u0142y\nbiznesy niszcz\u0105ce klimat. Rz\u0105d premiera Morawieckiego powinien teraz pracowa\u0107\nnad takimi kierunkami interwencji gospodarczych, kt\u00f3re b\u0119d\u0105 zgodne z\nza\u0142o\u017ceniami Europejskiego Zielonego \u0141adu. Centralizacja komunikacji i oparcie\njej na wysokoemisyjnym lotnictwie spowolni transformacj\u0119 i b\u0119dzie oddala\u0107 nas\nod celu osi\u0105gni\u0119cia neutralno\u015bci klimatycznej, a co za tym idzie &#8211; mo\u017ce oddala\u0107\nnas r\u00f3wnie\u017c od otrzymania wi\u0119kszych \u015brodk\u00f3w z funduszy unijnych. Przewidziana\nprzy okazji rozbudowa kolei nie powinna by\u0107 podporz\u0105dkowana budowie CPK.&nbsp;<\/p>\n\n<p>Miesi\u0105c temu \u015bwiat obieg\u0142a\ninformacja, \u017ce rozbudowa lotniska Heathrow w Wielkiej Brytanii jest zagro\u017cona.\nWyrok s\u0105du apelacyjnego potwierdzi\u0142, \u017ce jest ona sprzeczna ze zobowi\u0105zaniami\nwynikaj\u0105cymi z porozumienia paryskiego. Podobna sytuacja mo\u017ce mie\u0107 miejsce w\nzwi\u0105zku z budow\u0105 CPK. Zamiast topi\u0107 miliardy z\u0142otych w inwestycje takie jak\nCentralny Port Komunikacyjny czy przekop Mierzei Wi\u015blanej, powinien zosta\u0107\nprzygotowany strategiczny program rozwoju gospodarki w kierunku zr\u00f3wnowa\u017conym i\nzgodnym z celami Europejskiego Zielonego \u0141adu. Taki kierunek interwencji\numo\u017cliwi te\u017c pozyskanie dodatkowych \u015brodk\u00f3w finansowych z UE. Nie da si\u0119\nci\u0105gn\u0105\u0107 gospodarki w dwie r\u00f3\u017cne strony: w kierunku nisko- i\nwysokoemisyjnym.&nbsp;<\/p>\n\t\t\t<section\n\t\t\tclass=\"boxout post-2965 \"\n\t\t\t\n\t\t>\n\t\t\t<a\n\t\t\t\tdata-ga-category=\"Take Action Boxout\"\n\t\t\t\tdata-ga-action=\"Image\"\n\t\t\t\tdata-ga-label=\"n\/a\"\n\t\t\t\tclass=\"cover-card-overlay\"\n\t\t\t\thref=\"https:\/\/www.greenpeace.org\/poland\/dzialaj-old\/wesprzyj-ochrone-klimatu\/\" \n\t\t\t><\/a>\n\t\t\t\t\t\t\t<img\n\t\t\t\t\t\tsrc=\"https:\/\/www.greenpeace.org\/static\/planet4-poland-stateless\/2019\/06\/b5d75777-12507343843_f11b5d683a_h-1024x680.jpg\"\n\t\t\t\t\t\tsrcset=\"https:\/\/www.greenpeace.org\/static\/planet4-poland-stateless\/2019\/06\/b5d75777-12507343843_f11b5d683a_h-300x199.jpg 300w, https:\/\/www.greenpeace.org\/static\/planet4-poland-stateless\/2019\/06\/b5d75777-12507343843_f11b5d683a_h-768x510.jpg 768w, https:\/\/www.greenpeace.org\/static\/planet4-poland-stateless\/2019\/06\/b5d75777-12507343843_f11b5d683a_h-1024x680.jpg 1024w, https:\/\/www.greenpeace.org\/static\/planet4-poland-stateless\/2019\/06\/b5d75777-12507343843_f11b5d683a_h-510x340.jpg 510w, https:\/\/www.greenpeace.org\/static\/planet4-poland-stateless\/2019\/06\/b5d75777-12507343843_f11b5d683a_h.jpg 1600w\"\n\t\t\t\t\t\tsizes=\"(min-width: 1000px) 358px, (min-width: 780px) 313px, 88px\"\n\t\t\t\t\t\talt=\"\" title=\"\"\n\t\t\t\t\/>\n            \t\t\t<div class=\"boxout-content\">\n\t\t\t\t\t\t\t\t\t<a\n\t\t\t\t\t\tclass=\"boxout-heading medium\"\n\t\t\t\t\t\tdata-ga-category=\"Take Action Boxout\"\n\t\t\t\t\t\tdata-ga-action=\"Title\"\n\t\t\t\t\t\tdata-ga-label=\"n\/a\"\n\t\t\t\t\t\thref=\"https:\/\/www.greenpeace.org\/poland\/dzialaj-old\/wesprzyj-ochrone-klimatu\/\"\n\t\t\t\t\t\t\n\t\t\t\t\t>\n\t\t\t\t\t\tWesprzyj ochron\u0119 klimatu\n\t\t\t\t\t<\/a>\n\t\t\t\t\t\t\t\t\t\t\t\t\t<p class=\"boxout-excerpt\">Pom\u00f3\u017c nam dzia\u0142a\u0107 na rzecz odchodzenia od spalania paliw kopalnych. Ratujmy wsp\u00f3lnie klimat!<\/p>\n\t\t\t\t                                    <a\n                        class=\"btn btn-primary\"\n                        data-ga-category=\"Take Action Boxout\"\n                        data-ga-action=\"Call to Action\"\n                        data-ga-label=\"n\/a\"\n                        href=\"https:\/\/www.greenpeace.org\/poland\/dzialaj-old\/wesprzyj-ochrone-klimatu\/\"\n                        \n                    >\n                        Wesprzyj!\n                    <\/a>\n                \t\t\t<\/div>\n\t\t\t\t\t<\/section>\n\t","protected":false},"excerpt":{"rendered":"<p>We wtorek Diederik Samsom, szef gabinetu politycznego Fransa Timmermansa, podkre\u015bli\u0142, \u017ce dzia\u0142ania maj\u0105ce na celu o\u017cywienie gospodarki po pandemii koronawirusa, a tak\u017ce wieloletnie ramy finansowe UE, powinny by\u0107 usp\u00f3jnione z&hellip;<\/p>\n","protected":false},"author":32,"featured_media":681,"comment_status":"closed","ping_status":"open","sticky":false,"template":"","format":"standard","meta":{"ep_exclude_from_search":false,"p4_og_title":"","p4_og_description":"","p4_og_image":"","p4_og_image_id":"","p4_seo_canonical_url":"","p4_campaign_name":"not set","p4_local_project":"","p4_basket_name":"not set","p4_department":"","footnotes":""},"categories":[2],"tags":[6],"p4-page-type":[14],"class_list":["post-27775","post","type-post","status-publish","format-standard","has-post-thumbnail","hentry","category-klimat-energia","tag-klimat","p4-page-type-aktualnosci"],"_links":{"self":[{"href":"https:\/\/www.greenpeace.org\/poland\/wp-json\/wp\/v2\/posts\/27775","targetHints":{"allow":["GET"]}}],"collection":[{"href":"https:\/\/www.greenpeace.org\/poland\/wp-json\/wp\/v2\/posts"}],"about":[{"href":"https:\/\/www.greenpeace.org\/poland\/wp-json\/wp\/v2\/types\/post"}],"author":[{"embeddable":true,"href":"https:\/\/www.greenpeace.org\/poland\/wp-json\/wp\/v2\/users\/32"}],"replies":[{"embeddable":true,"href":"https:\/\/www.greenpeace.org\/poland\/wp-json\/wp\/v2\/comments?post=27775"}],"version-history":[{"count":3,"href":"https:\/\/www.greenpeace.org\/poland\/wp-json\/wp\/v2\/posts\/27775\/revisions"}],"predecessor-version":[{"id":30998,"href":"https:\/\/www.greenpeace.org\/poland\/wp-json\/wp\/v2\/posts\/27775\/revisions\/30998"}],"wp:featuredmedia":[{"embeddable":true,"href":"https:\/\/www.greenpeace.org\/poland\/wp-json\/wp\/v2\/media\/681"}],"wp:attachment":[{"href":"https:\/\/www.greenpeace.org\/poland\/wp-json\/wp\/v2\/media?parent=27775"}],"wp:term":[{"taxonomy":"category","embeddable":true,"href":"https:\/\/www.greenpeace.org\/poland\/wp-json\/wp\/v2\/categories?post=27775"},{"taxonomy":"post_tag","embeddable":true,"href":"https:\/\/www.greenpeace.org\/poland\/wp-json\/wp\/v2\/tags?post=27775"},{"taxonomy":"p4-page-type","embeddable":true,"href":"https:\/\/www.greenpeace.org\/poland\/wp-json\/wp\/v2\/p4-page-type?post=27775"}],"curies":[{"name":"wp","href":"https:\/\/api.w.org\/{rel}","templated":true}]}}