{"id":27897,"date":"2020-04-22T10:14:10","date_gmt":"2020-04-22T08:14:10","guid":{"rendered":"https:\/\/www.greenpeace.org\/poland\/?p=27897"},"modified":"2021-12-01T14:39:27","modified_gmt":"2021-12-01T12:39:27","slug":"akcja-greenpeace-przed-kprm-powrot-do-normalnoscikryzys","status":"publish","type":"post","link":"https:\/\/www.greenpeace.org\/poland\/aktualnosci\/27897\/akcja-greenpeace-przed-kprm-powrot-do-normalnoscikryzys\/","title":{"rendered":"Akcja Greenpeace przed KPRM: Powr\u00f3t do normalno\u015bci=kryzys"},"content":{"rendered":"\n<p><strong>W \u015brod\u0119, z okazji Dnia Ziemi, przed Kancelari\u0105 Premiera aktywistki i aktywi\u015bci rozwiesili pi\u0119tnastometrowy transparent z has\u0142em <em>Powr\u00f3t do normalno\u015bci=kryzys. <\/em>W ten spos\u00f3b Greenpeace nawi\u0105zuje do s\u0142\u00f3w premiera Mateusza Morawieckiego i podkre\u015bla, \u017ce powr\u00f3t do polityki realizowanej w ubieg\u0142ych latach oznacza pog\u0142\u0119bianie si\u0119 kryzysu klimatycznego i ekologicznego. W odpowiedzi na kryzys spowodowany przez pandemi\u0119 organizacja przedstawi\u0142a dzi\u015b program budowy <em><a href=\"https:\/\/www.zielonepanstwodobrobytu.pl\/\">Zielonego pa\u0144stwa dobrobytu<\/a><\/em> &#8211; g\u0142\u0119bokiej transformacji spo\u0142eczno-ekonomicznej Polski i odej\u015bcia od gospodarki opartej na idei nieograniczonego wzrostu i nadkonsumpcji.<\/strong><\/p>\n\n<p>\u2013 <em>Nie mo\u017cemy sobie pozwoli\u0107 na powr\u00f3t do \u201enormalno\u015bci\u201d, bo \u201enormalno\u015b\u0107\u201d sprzed pandemii to plany budowy nowych kopalni w\u0119gla i nowych elektrowni na w\u0119giel i gaz ziemny, wycinka najstarszych i najcenniejszych polskich las\u00f3w oraz b\u0142yskawiczna ekspansja ferm przemys\u0142owych, to rosn\u0105ce rozwarstwienie spo\u0142eczne i coraz gorsza jako\u015b\u0107 us\u0142ug publicznych. Taka \u201enormalno\u015b\u0107\u201d to recepta na kryzys<\/em> \u2013 powiedzia\u0142 Pawe\u0142 Szypulski, dyrektor programowy Greenpeace.<\/p>\n\n<p>Program <em>Zielonego pa\u0144stwa dobrobytu<\/em> przedstawiony przez Greenpeace zak\u0142ada, \u017ce dobrobyt i bezpiecze\u0144stwo spo\u0142ecze\u0144stwa nie musi, a wr\u0119cz nie mo\u017ce, opiera\u0107 si\u0119 na d\u0105\u017ceniu do nieustannego wzrostu PKB. Program postuluje osi\u0105gni\u0119cie przez Polsk\u0119 neutralno\u015bci klimatycznej najp\u00f3\u017aniej do 2040 r., obj\u0119cie w ci\u0105gu dekady 30 proc. naszego kraju r\u00f3\u017cnymi formami ochrony przyrody i odej\u015bcie od chowu przemys\u0142owego. Organizacja og\u0142osi\u0142a otwarte konsultacje programu, kt\u00f3re potrwaj\u0105 trzy tygodnie. Udzia\u0142 w nich mo\u017ce wzi\u0105\u0107 ka\u017cdy za po\u015brednictwem formularza na stronie <a href=\"https:\/\/ZielonePanstwoDobrobytu.pl\" target=\"_blank\" rel=\"noreferrer noopener\">ZielonePanstwoDobrobytu.pl<\/a>.<\/p>\n\n<p>\u2013 <em>Trzymanie si\u0119 koncepcji nieograniczonego wzrostu w sytuacji kryzysu klimatycznego i degradacji \u015brodowiska, to dociskanie gazu w aucie p\u0119dz\u0105cym w kierunku betonowej \u015bciany. Ta betonowa \u015bciana jest ju\u017c bardzo blisko, widzimy j\u0105 dok\u0142adnie. To mi\u0119dzy innymi susza dewastuj\u0105ca polskie rolnictwo i zagra\u017caj\u0105ca przyrodzie, to po\u017cary, takie jak ten, kt\u00f3ry w tych dniach pustoszy bezcenny obszar Biebrza\u0144skiego Parku Narodowego. Czas wcisn\u0105\u0107 hamulec i zmieni\u0107 system, kt\u00f3ry pozwoli\u0142 na zniszczenie przyrody i zagrozi\u0142 naszemu bezpiecze\u0144stwu! Przy projektowaniu kolejnych bud\u017cet\u00f3w rz\u0105dz\u0105cy powinni odchodzi\u0107 od prymatu PKB i coraz bardziej skupia\u0107 si\u0119 na realizacji innych wska\u017anik\u00f3w. Od wzrostu PKB wa\u017cniejsze s\u0105 dost\u0119p i jako\u015b\u0107 opieki medycznej, walka z ub\u00f3stwem i ochrona przyrody. Do 2030 r. Polska musi wypracowa\u0107 strategi\u0119 budowy dobrobytu bez wzrostu gospodarczego<\/em> \u2013 powiedzia\u0142a Marta Grundland z Greenpeace.<\/p>\n\n<p>Jeszcze przed wybuchem obecnego kryzysu Nowa Zelandia przyj\u0119\u0142a bud\u017cet, kt\u00f3rego celem nie jest wzrost gospodarczy lecz zwi\u0119kszenie dobrostanu obywateli [1]. Natomiast w ostatnich dniach Amsterdam og\u0142osi\u0142, \u017ce przygotowuje strategi\u0119 rozwoju, kt\u00f3ra nie zak\u0142ada d\u0105\u017cenia do sta\u0142ego wzrostu PKB przy jednoczesnej realizacji potrzeb mieszka\u0144c\u00f3w i poszanowaniu ogranicze\u0144 \u015brodowiska naturalnego [2]. Finlandia przyspiesza budow\u0119 neutralnego dla klimatu i wolnego od paliw kopalnych pa\u0144stwa opieku\u0144czego, a S\u0142owacja deklaruje osi\u0105gni\u0119cie neutralno\u015bci klimatycznej do 2040 r.&nbsp;<\/p>\n\n<p>Program <em>Zielone pa\u0144stwo dobrobytu <\/em>dost\u0119pny jest na stronie: <a href=\"http:\/\/www.zielonepanstwodobrobytu.pl\">ZielonePanstwoDobrobytu.pl&nbsp;<\/a><\/p>\n\n<p>Wydarzenie odby\u0142o si\u0119 z zachowaniem zasad dystansu fizycznego. Wzi\u0119\u0142o w nim udzia\u0142 6 os\u00f3b. Wszyscy zachowali rekomendowan\u0105 przez Ministerstwo Zdrowia odleg\u0142o\u015b\u0107 1,5 m od innych os\u00f3b. Aktywistki i aktywi\u015bci przez ca\u0142y czas trwania wydarzenia mieli na\u0142o\u017cone maseczki ochronne na nos i usta.\u00a0<\/p>\n\n<a data-flickr-embed=\"true\" data-footer=\"true\" href=\"https:\/\/www.flickr.com\/photos\/greenpeacepl\/albums\/72157713993280328\" title=\"Normalno\u015b\u0107 r\u00f3wna si\u0119 kryzys\"><img loading=\"lazy\" decoding=\"async\" src=\"https:\/\/live.staticflickr.com\/65535\/49804293143_84a464aefd_b.jpg\" width=\"1024\" height=\"683\" alt=\"Normalno\u015b\u0107 r\u00f3wna si\u0119 kryzys\"><\/a><script async src=\"\/\/embedr.flickr.com\/assets\/client-code.js\" charset=\"utf-8\"><\/script>\n\n<p><strong>Przypisy:<br>&nbsp;<\/strong><\/p>\n\n<p>[1] Dokumenty wyja\u015bniaj\u0105ce czym jest <em>The wellbeing budget 2019 <\/em>mo\u017cna znale\u017a\u0107 na stronie nowozelandzkiego Ministerstwa Skarbu Pa\u0144stwa: &nbsp; <a href=\"https:\/\/treasury.govt.nz\/publications\/wellbeing-budget\/wellbeing-budget-2019\">https:\/\/treasury.govt.nz\/publications\/wellbeing-budget\/wellbeing-budget-2019<\/a>&nbsp;<\/p>\n\n<p>[2] Strategi\u0119 rozwoju Amsterdamu opisa\u0142 mi\u0119dzy innymi brytyjski dziennik Guardian: <a href=\"https:\/\/www.theguardian.com\/world\/2020\/apr\/08\/amsterdam-doughnut-model-mend-post-coronavirus-economy\">https:\/\/www.theguardian.com\/world\/2020\/apr\/08\/amsterdam-doughnut-model-mend-post-coronavirus-economy<\/a><\/p>\n\t\t\t<section\n\t\t\tclass=\"boxout post-3090 \"\n\t\t\t\n\t\t>\n\t\t\t<a\n\t\t\t\tdata-ga-category=\"Take Action Boxout\"\n\t\t\t\tdata-ga-action=\"Image\"\n\t\t\t\tdata-ga-label=\"n\/a\"\n\t\t\t\tclass=\"cover-card-overlay\"\n\t\t\t\thref=\"https:\/\/www.greenpeace.org\/poland\/dzialaj-old\/podpisz-polska-bez-wegla-2030\/\" \n\t\t\t><\/a>\n\t\t\t\t\t\t\t<img\n\t\t\t\t\t\tsrc=\"https:\/\/www.greenpeace.org\/static\/planet4-poland-stateless\/2020\/06\/7fe0778a-copy-of-dji_0010-1024x768.jpg\"\n\t\t\t\t\t\tsrcset=\"https:\/\/www.greenpeace.org\/static\/planet4-poland-stateless\/2020\/06\/7fe0778a-copy-of-dji_0010-300x225.jpg 300w, https:\/\/www.greenpeace.org\/static\/planet4-poland-stateless\/2020\/06\/7fe0778a-copy-of-dji_0010-1024x768.jpg 1024w, https:\/\/www.greenpeace.org\/static\/planet4-poland-stateless\/2020\/06\/7fe0778a-copy-of-dji_0010-768x576.jpg 768w, https:\/\/www.greenpeace.org\/static\/planet4-poland-stateless\/2020\/06\/7fe0778a-copy-of-dji_0010-1536x1152.jpg 1536w, https:\/\/www.greenpeace.org\/static\/planet4-poland-stateless\/2020\/06\/7fe0778a-copy-of-dji_0010-2048x1536.jpg 2048w, https:\/\/www.greenpeace.org\/static\/planet4-poland-stateless\/2020\/06\/7fe0778a-copy-of-dji_0010-1821x1366.jpg 1821w, https:\/\/www.greenpeace.org\/static\/planet4-poland-stateless\/2020\/06\/7fe0778a-copy-of-dji_0010-453x340.jpg 453w\"\n\t\t\t\t\t\tsizes=\"(min-width: 1000px) 358px, (min-width: 780px) 313px, 88px\"\n\t\t\t\t\t\talt=\"\" title=\"\"\n\t\t\t\t\/>\n            \t\t\t<div class=\"boxout-content\">\n\t\t\t\t\t\t\t\t\t<a\n\t\t\t\t\t\tclass=\"boxout-heading medium\"\n\t\t\t\t\t\tdata-ga-category=\"Take Action Boxout\"\n\t\t\t\t\t\tdata-ga-action=\"Title\"\n\t\t\t\t\t\tdata-ga-label=\"n\/a\"\n\t\t\t\t\t\thref=\"https:\/\/www.greenpeace.org\/poland\/dzialaj-old\/podpisz-polska-bez-wegla-2030\/\"\n\t\t\t\t\t\t\n\t\t\t\t\t>\n\t\t\t\t\t\tPodpisz: Chro\u0144my klimat, chro\u0144my ludzi!\n\t\t\t\t\t<\/a>\n\t\t\t\t\t\t\t\t\t\t\t\t\t<p class=\"boxout-excerpt\">Podpisz petycj\u0119 o jak najszybsze odej\u015bcie Polski od spalania paliw kopalnych.<\/p>\n\t\t\t\t                                    <a\n                        class=\"btn btn-primary\"\n                        data-ga-category=\"Take Action Boxout\"\n                        data-ga-action=\"Call to Action\"\n                        data-ga-label=\"n\/a\"\n                        href=\"https:\/\/www.greenpeace.org\/poland\/dzialaj-old\/podpisz-polska-bez-wegla-2030\/\"\n                        \n                    >\n                        Dzia\u0142aj!\n                    <\/a>\n                \t\t\t<\/div>\n\t\t\t\t\t<\/section>\n\t","protected":false},"excerpt":{"rendered":"<p>W \u015brod\u0119, z okazji Dnia Ziemi, przed Kancelari\u0105 Premiera aktywistki i aktywi\u015bci rozwiesili pi\u0119tnastometrowy transparent z has\u0142em Powr\u00f3t do normalno\u015bci=kryzys. W ten spos\u00f3b Greenpeace nawi\u0105zuje do s\u0142\u00f3w premiera Mateusza Morawieckiego&hellip;<\/p>\n","protected":false},"author":32,"featured_media":27903,"comment_status":"closed","ping_status":"open","sticky":false,"template":"","format":"standard","meta":{"ep_exclude_from_search":false,"p4_og_title":"","p4_og_description":"","p4_og_image":"","p4_og_image_id":"","p4_seo_canonical_url":"","p4_campaign_name":"not set","p4_local_project":"","p4_basket_name":"not set","p4_department":"","footnotes":""},"categories":[2,3,4],"tags":[6,24,26,27],"p4-page-type":[14],"class_list":["post-27897","post","type-post","status-publish","format-standard","has-post-thumbnail","hentry","category-klimat-energia","category-przyroda","category-rolnictwo","tag-klimat","tag-aktywizm","tag-ochrona-przyrody","tag-rolnictwo","p4-page-type-aktualnosci"],"_links":{"self":[{"href":"https:\/\/www.greenpeace.org\/poland\/wp-json\/wp\/v2\/posts\/27897","targetHints":{"allow":["GET"]}}],"collection":[{"href":"https:\/\/www.greenpeace.org\/poland\/wp-json\/wp\/v2\/posts"}],"about":[{"href":"https:\/\/www.greenpeace.org\/poland\/wp-json\/wp\/v2\/types\/post"}],"author":[{"embeddable":true,"href":"https:\/\/www.greenpeace.org\/poland\/wp-json\/wp\/v2\/users\/32"}],"replies":[{"embeddable":true,"href":"https:\/\/www.greenpeace.org\/poland\/wp-json\/wp\/v2\/comments?post=27897"}],"version-history":[{"count":8,"href":"https:\/\/www.greenpeace.org\/poland\/wp-json\/wp\/v2\/posts\/27897\/revisions"}],"predecessor-version":[{"id":30984,"href":"https:\/\/www.greenpeace.org\/poland\/wp-json\/wp\/v2\/posts\/27897\/revisions\/30984"}],"wp:featuredmedia":[{"embeddable":true,"href":"https:\/\/www.greenpeace.org\/poland\/wp-json\/wp\/v2\/media\/27903"}],"wp:attachment":[{"href":"https:\/\/www.greenpeace.org\/poland\/wp-json\/wp\/v2\/media?parent=27897"}],"wp:term":[{"taxonomy":"category","embeddable":true,"href":"https:\/\/www.greenpeace.org\/poland\/wp-json\/wp\/v2\/categories?post=27897"},{"taxonomy":"post_tag","embeddable":true,"href":"https:\/\/www.greenpeace.org\/poland\/wp-json\/wp\/v2\/tags?post=27897"},{"taxonomy":"p4-page-type","embeddable":true,"href":"https:\/\/www.greenpeace.org\/poland\/wp-json\/wp\/v2\/p4-page-type?post=27897"}],"curies":[{"name":"wp","href":"https:\/\/api.w.org\/{rel}","templated":true}]}}