{"id":28578,"date":"2020-05-20T06:00:11","date_gmt":"2020-05-20T04:00:11","guid":{"rendered":"https:\/\/www.greenpeace.org\/poland\/?p=28578"},"modified":"2023-05-14T20:05:50","modified_gmt":"2023-05-14T18:05:50","slug":"badanie-obecnosci-pestycydow-w-kwiatostanach-rzepaku-2","status":"publish","type":"post","link":"https:\/\/www.greenpeace.org\/poland\/raporty\/28578\/badanie-obecnosci-pestycydow-w-kwiatostanach-rzepaku-2\/","title":{"rendered":"Badanie obecno\u015bci pestycyd\u00f3w w kwiatostanach rzepaku"},"content":{"rendered":"\n<p>Zapylanie jest jednym z najwa\u017cniejszych proces\u00f3w gwarantuj\u0105cych \u017cycie na l\u0105dach. Prawie 90% gatunk\u00f3w dziko rosn\u0105cych ro\u015blin, a&nbsp; tak\u017ce ponad 75% gatunk\u00f3w ro\u015blin spo\u017cywczych zale\u017cy ca\u0142kowicie lub przynajmniej cz\u0119\u015bciowo od zapylania. Zapylacze nie tylko pracuj\u0105 na nasze bezpiecze\u0144stwo \u017cywno\u015bciowe, ale maj\u0105 kluczowe znaczenie dla zachowania r\u00f3\u017cnorodno\u015bci \u017cycia na Ziemi.<\/p>\n\n<p>Niestety &#8211; w du\u017cej mierze ze wzgl\u0119du na dzia\u0142alno\u015b\u0107 cz\u0142owieka &#8211; owadom zapylaj\u0105cym nie wiedzie si\u0119 najlepiej. W celu podniesienia \u015bwiadomo\u015bci na temat znaczenia owad\u00f3w zapylaj\u0105cych, oraz zagro\u017ce\u0144, jakie napotykaj\u0105, Organizacja Narod\u00f3w Zjednoczonych wyznaczy\u0142a 20 maja \u015awiatowym Dniem Pszcz\u00f3\u0142. Z tej okazji Greenpeace Polska opublikowa\u0142 Raport z badania obecno\u015bci pestycyd\u00f3w w kwiatostanach rzepaku. W raporcie pokazujemy, z jakimi zagro\u017ceniami mierz\u0105 si\u0119 zapylacze.&nbsp;<\/p>\n\n<p>Wyniki bada\u0144 pokazuj\u0105 m.in. piln\u0105 potrzeb\u0119 wyznaczenia cel\u00f3w redukcji zu\u017cycia pestycyd\u00f3w w rolnictwie oraz wyznaczenia ilo\u015bciowych cel\u00f3w zwi\u0119kszania area\u0142u upraw ekologicznych. Ponadto wskazuj\u0105 konieczno\u015b\u0107 zwi\u0119kszenia finansowania bada\u0144 i rozwoju ekologicznych praktyk rolnych, polegaj\u0105cych na odchodzeniu od chemicznych metod ochrony ro\u015blin i stosowaniu rozwi\u0105za\u0144 chroni\u0105cych przed szkodnikami oraz wzmacniaj\u0105cych odporno\u015b\u0107 ca\u0142ego ekosystemu opartych na r\u00f3\u017cnorodno\u015bci biologicznej.<\/p>\n\n<p>Naukowcy, pszczelarze oraz organizacje ekologiczne od lat apeluj\u0105 o dzia\u0142ania, kt\u00f3re zredukowa\u0142y by wp\u0142yw, jaki na owady ma wsp\u00f3\u0142czesny intensywny model rolnictwa, a wraz z nim wzrastaj\u0105ce zu\u017cycie pestycyd\u00f3w. Poszczeg\u00f3lne kraje oraz Unia Europejska wprowadzaj\u0105 ograniczenia w stosowaniu tych \u015brodk\u00f3w, jednak s\u0105 one z regu\u0142y niewystarczaj\u0105ce i niekoniecznie przyczyniaj\u0105 si\u0119 do wyeliminowania szkodliwych dla zapylaczy substancji z upraw i \u015brodowiska. Kilka dni przed tegorocznym dniem pszczo\u0142y minister rolnictwa Jan Krzysztof Ardanowski po raz kolejny zawiesi\u0142 unijny zakaz stosowania neonikotynoid\u00f3w i wyda\u0142 zgod\u0119 na stosowanie szkodliwych dla pszcz\u00f3\u0142 pestycyd\u00f3w w uprawach rzepaku.<\/p>\n\n<p>By przyjrze\u0107 si\u0119 bli\u017cej temu problemowi, Fundacja Greenpeace Polska w roku 2014 podj\u0119\u0142a decyzj\u0119 o rozpocz\u0119ciu wieloletnich bada\u0144 nad obecno\u015bci\u0105 pestycyd\u00f3w w najbardziej popularnej z upraw zale\u017cnych od zapylaczy, czyli rzepaku.<\/p>\n\n<p>Badania i raport zosta\u0142y zrealizowane w ramach akcji spo\u0142ecznej <a href=\"https:\/\/adoptujpszczole.pl\">Adoptuj Pszczo\u0142\u0119<\/a>, kt\u00f3rej celem jest poprawa sytuacji owad\u00f3w zapylaj\u0105cych w Polsce.<\/p>\n\n<p class=\"has-action-yellow-background-color has-background\"><strong>Pobierz Raport<\/strong>: <a rel=\"noreferrer noopener\" href=\"https:\/\/www.greenpeace.org\/static\/planet4-poland-stateless\/2020\/05\/31a6ff45-gp_raport_rzepakowy_online_18_05.pdf\" target=\"_blank\">Badanie obecno\u015bci pestycyd\u00f3w w kwiatostanach rzepaku<\/a><\/p>\n\t\t\t<section\n\t\t\tclass=\"boxout post-709 \"\n\t\t\t\n\t\t>\n\t\t\t<a\n\t\t\t\tdata-ga-category=\"Take Action Boxout\"\n\t\t\t\tdata-ga-action=\"Image\"\n\t\t\t\tdata-ga-label=\"n\/a\"\n\t\t\t\tclass=\"cover-card-overlay\"\n\t\t\t\thref=\"https:\/\/www.greenpeace.org\/poland\/dzialaj-old\/wesprzyj-ochrone-pszczol-darowizna\/\" \n\t\t\t><\/a>\n\t\t\t\t\t\t\t<img\n\t\t\t\t\t\tsrc=\"https:\/\/www.greenpeace.org\/static\/planet4-poland-stateless\/2019\/06\/b733b406-bee-bumblebee-close-up-998248-1024x576.jpg\"\n\t\t\t\t\t\tsrcset=\"https:\/\/www.greenpeace.org\/static\/planet4-poland-stateless\/2019\/06\/b733b406-bee-bumblebee-close-up-998248-300x169.jpg 300w, https:\/\/www.greenpeace.org\/static\/planet4-poland-stateless\/2019\/06\/b733b406-bee-bumblebee-close-up-998248-768x432.jpg 768w, https:\/\/www.greenpeace.org\/static\/planet4-poland-stateless\/2019\/06\/b733b406-bee-bumblebee-close-up-998248-1024x576.jpg 1024w, https:\/\/www.greenpeace.org\/static\/planet4-poland-stateless\/2019\/06\/b733b406-bee-bumblebee-close-up-998248-2048x1152.jpg 2048w, https:\/\/www.greenpeace.org\/static\/planet4-poland-stateless\/2019\/06\/b733b406-bee-bumblebee-close-up-998248-510x287.jpg 510w, https:\/\/www.greenpeace.org\/static\/planet4-poland-stateless\/2019\/06\/b733b406-bee-bumblebee-close-up-998248-e1565274653260.jpg 1500w\"\n\t\t\t\t\t\tsizes=\"(min-width: 1000px) 358px, (min-width: 780px) 313px, 88px\"\n\t\t\t\t\t\talt=\"Pszczo\u0142a miodna\" title=\"Pszczo\u0142a miodna\"\n\t\t\t\t\/>\n            \t\t\t<div class=\"boxout-content\">\n\t\t\t\t\t\t\t\t\t<a\n\t\t\t\t\t\tclass=\"boxout-heading medium\"\n\t\t\t\t\t\tdata-ga-category=\"Take Action Boxout\"\n\t\t\t\t\t\tdata-ga-action=\"Title\"\n\t\t\t\t\t\tdata-ga-label=\"n\/a\"\n\t\t\t\t\t\thref=\"https:\/\/www.greenpeace.org\/poland\/dzialaj-old\/wesprzyj-ochrone-pszczol-darowizna\/\"\n\t\t\t\t\t\t\n\t\t\t\t\t>\n\t\t\t\t\t\tWesprzyj ochron\u0119 pszcz\u00f3\u0142\n\t\t\t\t\t<\/a>\n\t\t\t\t\t\t\t\t\t\t\t\t\t<p class=\"boxout-excerpt\">Wesprzyj dzia\u0142ania na rzecz Polski przyjaznej pszczo\u0142om i innym dzikim zapylaczom \ud83d\ude42<\/p>\n\t\t\t\t                                    <a\n                        class=\"btn btn-primary\"\n                        data-ga-category=\"Take Action Boxout\"\n                        data-ga-action=\"Call to Action\"\n                        data-ga-label=\"n\/a\"\n                        href=\"https:\/\/www.greenpeace.org\/poland\/dzialaj-old\/wesprzyj-ochrone-pszczol-darowizna\/\"\n                        \n                    >\n                        Wesprzyj!\n                    <\/a>\n                \t\t\t<\/div>\n\t\t\t\t\t<\/section>\n\t","protected":false},"excerpt":{"rendered":"<p>Zapylanie jest jednym z najwa\u017cniejszych proces\u00f3w gwarantuj\u0105cych \u017cycie na l\u0105dach. Prawie 90% gatunk\u00f3w dziko rosn\u0105cych ro\u015blin, a&nbsp; tak\u017ce ponad 75% gatunk\u00f3w ro\u015blin spo\u017cywczych zale\u017cy ca\u0142kowicie lub przynajmniej cz\u0119\u015bciowo od zapylania.&hellip;<\/p>\n","protected":false},"author":29,"featured_media":28579,"comment_status":"closed","ping_status":"open","sticky":false,"template":"","format":"standard","meta":{"ep_exclude_from_search":false,"p4_og_title":"","p4_og_description":"","p4_og_image":"","p4_og_image_id":"","p4_seo_canonical_url":"","p4_campaign_name":"not set","p4_local_project":"not set","p4_basket_name":"not set","p4_department":"","footnotes":""},"categories":[4],"tags":[27,28],"p4-page-type":[15],"class_list":["post-28578","post","type-post","status-publish","format-standard","has-post-thumbnail","hentry","category-rolnictwo","tag-rolnictwo","tag-pszczoly","p4-page-type-raporty"],"_links":{"self":[{"href":"https:\/\/www.greenpeace.org\/poland\/wp-json\/wp\/v2\/posts\/28578","targetHints":{"allow":["GET"]}}],"collection":[{"href":"https:\/\/www.greenpeace.org\/poland\/wp-json\/wp\/v2\/posts"}],"about":[{"href":"https:\/\/www.greenpeace.org\/poland\/wp-json\/wp\/v2\/types\/post"}],"author":[{"embeddable":true,"href":"https:\/\/www.greenpeace.org\/poland\/wp-json\/wp\/v2\/users\/29"}],"replies":[{"embeddable":true,"href":"https:\/\/www.greenpeace.org\/poland\/wp-json\/wp\/v2\/comments?post=28578"}],"version-history":[{"count":9,"href":"https:\/\/www.greenpeace.org\/poland\/wp-json\/wp\/v2\/posts\/28578\/revisions"}],"predecessor-version":[{"id":32844,"href":"https:\/\/www.greenpeace.org\/poland\/wp-json\/wp\/v2\/posts\/28578\/revisions\/32844"}],"wp:featuredmedia":[{"embeddable":true,"href":"https:\/\/www.greenpeace.org\/poland\/wp-json\/wp\/v2\/media\/28579"}],"wp:attachment":[{"href":"https:\/\/www.greenpeace.org\/poland\/wp-json\/wp\/v2\/media?parent=28578"}],"wp:term":[{"taxonomy":"category","embeddable":true,"href":"https:\/\/www.greenpeace.org\/poland\/wp-json\/wp\/v2\/categories?post=28578"},{"taxonomy":"post_tag","embeddable":true,"href":"https:\/\/www.greenpeace.org\/poland\/wp-json\/wp\/v2\/tags?post=28578"},{"taxonomy":"p4-page-type","embeddable":true,"href":"https:\/\/www.greenpeace.org\/poland\/wp-json\/wp\/v2\/p4-page-type?post=28578"}],"curies":[{"name":"wp","href":"https:\/\/api.w.org\/{rel}","templated":true}]}}