{"id":28594,"date":"2020-05-20T13:46:22","date_gmt":"2020-05-20T11:46:22","guid":{"rendered":"https:\/\/www.greenpeace.org\/poland\/?p=28594"},"modified":"2023-05-15T13:46:00","modified_gmt":"2023-05-15T11:46:00","slug":"elektrownia-ostroleka-c-na-gaz-bedzie-napedzac-kryzys-klimatyczny","status":"publish","type":"post","link":"https:\/\/www.greenpeace.org\/poland\/aktualnosci\/28594\/elektrownia-ostroleka-c-na-gaz-bedzie-napedzac-kryzys-klimatyczny\/","title":{"rendered":"Elektrownia Ostro\u0142\u0119ka C na gaz b\u0119dzie nap\u0119dza\u0107 kryzys klimatyczny"},"content":{"rendered":"\n<p>Komentarz Joanny Flisowskiej<\/p>\n\n<p>Wczorajszy komunikat PKN Orlen w zasadzie przes\u0105dza, \u017ce Ostro\u0142\u0119ka C na w\u0119giel nigdy nie powstanie. Decyzja sp\u00f3\u0142ki potwierdza fakt, \u017ce w\u0119giel nie ma przysz\u0142o\u015bci. Jednocze\u015bnie PKN Orlen zamiast porzuci\u0107 ten projekt i skupi\u0107 si\u0119 na prawdziwych rozwi\u0105zaniach jakimi s\u0105 mi\u0119dzy innymi OZE,&nbsp; deklaruje gotowo\u015b\u0107 by razem z innymi sp\u00f3\u0142kami skarbu pa\u0144stwa&nbsp; pompowa\u0107 pieni\u0105dze w dalsze nap\u0119dzanie kryzysu klimatycznego &#8211; poprzez budow\u0119 elektrowni Ostro\u0142\u0119ka C na gaz.&nbsp;<\/p>\n\n<p>Dzia\u0142anie PKN Orlen to wyra\u017any symptom gro\u017c\u0105cego Polsce uzale\u017cnienia od kolejnego paliwa kopalnego jakim jest gaz. Spalanie gazu nie tylko emituje du\u017ce ilo\u015bci dwutlenku w\u0119gla nap\u0119dzaj\u0105c w ten spos\u00f3b kryzys klimatyczny, ale tak\u017ce jest nieod\u0142\u0105cznie zwi\u0105zany z wyciekami metanu podczas jego wydobycia i transportu na dalekie odleg\u0142o\u015bci, kt\u00f3re to dodatkowo przyczyniaj\u0105 si\u0119 do post\u0119puj\u0105cej zmiany klimatu.&nbsp;<\/p>\n\n<p>\u017beby powstrzyma\u0107 katastrof\u0119 klimatyczn\u0105 musimy jak najszybciej odej\u015b\u0107 od spalania wszystkich paliw kopalnych. Nowe inwestycje gazowe s\u0105 w\u0105tpliwe tak\u017ce z punktu widzenia ekonomii &#8211; generuj\u0105 bowiem ryzyko pozostania z ogromnymi aktywami osieroconymi &#8211; podobnie jak ma to miejsce obecnie z elektrowniami w\u0119glowymi. Szczeg\u00f3lnie dzisiaj, w dobie kryzysu ekonomicznego, sp\u00f3\u0142ki skarbu pa\u0144stwa powinny skupia\u0107 si\u0119 na inwestycjach, kt\u00f3re pozwol\u0105 nam na przeskok technologiczny z&nbsp; w\u0119gla na odnawialne \u017ar\u00f3d\u0142a energii i pozwol\u0105 na \u0142agodzenie negatywnych skutk\u00f3w kryzysu klimatycznego.<\/p>\n","protected":false},"excerpt":{"rendered":"<p>Wczorajszy komunikat PKN Orlen w zasadzie przes\u0105dza, \u017ce Ostro\u0142\u0119ka C na w\u0119giel nigdy nie powstanie. Decyzja sp\u00f3\u0142ki potwierdza fakt, \u017ce w\u0119giel nie ma przysz\u0142o\u015bci. Jednocze\u015bnie PKN Orlen zamiast porzuci\u0107 ten&hellip;<\/p>\n","protected":false},"author":25,"featured_media":28595,"comment_status":"closed","ping_status":"open","sticky":false,"template":"","format":"standard","meta":{"ep_exclude_from_search":false,"p4_og_title":"","p4_og_description":"","p4_og_image":"","p4_og_image_id":"","p4_seo_canonical_url":"","p4_campaign_name":"not set","p4_local_project":"not set","p4_basket_name":"not set","p4_department":"","footnotes":""},"categories":[2],"tags":[6,25,106],"p4-page-type":[14],"class_list":["post-28594","post","type-post","status-publish","format-standard","has-post-thumbnail","hentry","category-klimat-energia","tag-klimat","tag-paliwakopalne","tag-gaz","p4-page-type-aktualnosci"],"_links":{"self":[{"href":"https:\/\/www.greenpeace.org\/poland\/wp-json\/wp\/v2\/posts\/28594","targetHints":{"allow":["GET"]}}],"collection":[{"href":"https:\/\/www.greenpeace.org\/poland\/wp-json\/wp\/v2\/posts"}],"about":[{"href":"https:\/\/www.greenpeace.org\/poland\/wp-json\/wp\/v2\/types\/post"}],"author":[{"embeddable":true,"href":"https:\/\/www.greenpeace.org\/poland\/wp-json\/wp\/v2\/users\/25"}],"replies":[{"embeddable":true,"href":"https:\/\/www.greenpeace.org\/poland\/wp-json\/wp\/v2\/comments?post=28594"}],"version-history":[{"count":3,"href":"https:\/\/www.greenpeace.org\/poland\/wp-json\/wp\/v2\/posts\/28594\/revisions"}],"predecessor-version":[{"id":32417,"href":"https:\/\/www.greenpeace.org\/poland\/wp-json\/wp\/v2\/posts\/28594\/revisions\/32417"}],"wp:featuredmedia":[{"embeddable":true,"href":"https:\/\/www.greenpeace.org\/poland\/wp-json\/wp\/v2\/media\/28595"}],"wp:attachment":[{"href":"https:\/\/www.greenpeace.org\/poland\/wp-json\/wp\/v2\/media?parent=28594"}],"wp:term":[{"taxonomy":"category","embeddable":true,"href":"https:\/\/www.greenpeace.org\/poland\/wp-json\/wp\/v2\/categories?post=28594"},{"taxonomy":"post_tag","embeddable":true,"href":"https:\/\/www.greenpeace.org\/poland\/wp-json\/wp\/v2\/tags?post=28594"},{"taxonomy":"p4-page-type","embeddable":true,"href":"https:\/\/www.greenpeace.org\/poland\/wp-json\/wp\/v2\/p4-page-type?post=28594"}],"curies":[{"name":"wp","href":"https:\/\/api.w.org\/{rel}","templated":true}]}}