{"id":28643,"date":"2020-06-05T13:36:14","date_gmt":"2020-06-05T11:36:14","guid":{"rendered":"https:\/\/www.greenpeace.org\/poland\/?p=28643"},"modified":"2021-12-01T14:39:22","modified_gmt":"2021-12-01T12:39:22","slug":"minister-wos-i-lasy-panstwowe-znow-chca-palic-polskie-lasy","status":"publish","type":"post","link":"https:\/\/www.greenpeace.org\/poland\/aktualnosci\/28643\/minister-wos-i-lasy-panstwowe-znow-chca-palic-polskie-lasy\/","title":{"rendered":"Minister Wo\u015b i Lasy Pa\u0144stwowe zn\u00f3w chc\u0105 pali\u0107 polskie lasy"},"content":{"rendered":"\n<p><strong>Minister \u015brodowiska Micha\u0142 Wo\u015b, pod dyktando koncernu Lasy Pa\u0144stwowe pr\u00f3buje przeforsowa\u0107 zmiany w prawie, kt\u00f3re znacznie poszerz\u0105 definicj\u0119 drewna energetycznego a przez to utoruj\u0105 drog\u0119 do dalszego intensywnego eksploatacji polskich las\u00f3w i spalania ich w piecach elektrowni. Minister Wo\u015b nie chce podda\u0107 projektu nowelizacji ustawy o odnawialnych \u017ar\u00f3d\u0142ach energii szerokim konsultacjom spo\u0142ecznym, omawia\u0142 go jedynie z niekt\u00f3rymi przedstawicielami przemys\u0142u drzewnego i energetycznego.<\/strong><\/p>\n\n<p>Na stronach Rz\u0105dowego Centrum Legislacji dost\u0119pny jest <a href=\"https:\/\/legislacja.gov.pl\/projekt\/12334454\/katalog\/12691788#12691788\">projekt zmiany ustawy o odnawialnych \u017ar\u00f3d\u0142ach energii<\/a>, przygotowany w Lasach Pa\u0144stwowych i podpisany przez ministra \u015brodowiska, rozszerzaj\u0105cy znacznie definicj\u0119 drewna energetycznego, czyli takiego, kt\u00f3re mo\u017ce by\u0107 spalane m.in. w elektrowniach jako biomasa. Umo\u017cliwi\u0142oby to spalanie w elektrowniach pe\u0142nowymiarowego drewna. Autorzy projektu uzasadniaj\u0105 t\u0119 zmian\u0119 panuj\u0105c\u0105 pandemi\u0105, w zwi\u0105zku z kt\u00f3r\u0105 przemys\u0142 meblarski i papierniczy ograniczy\u0142 odbi\u00f3r drewna z Las\u00f3w Pa\u0144stwowych. Wp\u0142yn\u0119\u0142o to &#8211; zdaniem autor\u00f3w &#8211; na ograniczenie przychod\u00f3w Las\u00f3w Pa\u0144stwowych oraz utrudnia im kontynuowanie wycinek.<\/p>\n\n<p>&#8211; <em>Minister Wo\u015b od samego pocz\u0105tku urz\u0119dowania pokaza\u0142, \u017ce nie liczy si\u0119 dla niego \u015brodowisko, tylko interes tych grup biznesowych, kt\u00f3re \u017cyj\u0105 z eksploatacji tego \u015brodowiska. Forsuj\u0105c zmiany w ustawie, kt\u00f3re s\u0142u\u017c\u0105 wy\u0142\u0105cznie wzmocnieniu i tak gigantycznego bud\u017cetu Las\u00f3w Pa\u0144stwowych, minister Wo\u015b po raz kolejny udowadnia, \u017ce nie rozumie wagi kryzysu ekologiczno-klimatycznego. Polskie Lasy powinno si\u0119 chroni\u0107, zwi\u0119ksza\u0107 ich naturalno\u015b\u0107 i wspomaga\u0107 przyrod\u0119 w adaptacji do post\u0119puj\u0105cego kryzysu klimatycznego. Liczb\u0119 wycinek nale\u017cy zdecydowanie zmniejszy\u0107, a w drzewostanach starych ca\u0142kowicie ich zakaza\u0107. W ten spos\u00f3b b\u0119dziemy nie tylko chroni\u0107 r\u00f3\u017cnorodno\u015b\u0107 biologiczn\u0105, ale r\u00f3wnie\u017c pozwolimy na to, \u017ceby lasy wspiera\u0142y nas w walce ze zmianami klimatu. Minister Wo\u015b ma oczywi\u015bcie \u015bwiadomo\u015b\u0107, jak szkodliwy jest sygnowany przez niego i napisany przez urz\u0119dnik\u00f3w Las\u00f3w Pa\u0144stwowych projekt &#8211; dlatego chce omin\u0105\u0107 konsultacje spo\u0142eczne i jak najszybciej przepchn\u0105\u0107 niebezpieczne zmiany &#8211; <\/em>komentuje Marta Grundland z Greenpeace.<\/p>\n\n<p>&#8211; <em>Nie po raz pierwszy podejmowana jest pr\u00f3ba u\u0142atwienia spalania polskich las\u00f3w. Jeszcze na przyk\u0142ad w roku 2011 elektrownie mog\u0142y &#8211; w ramach procederu wsp\u00f3\u0142spalania w\u0119gla z biomas\u0105 &#8211; pali\u0107 drzewa w\u0142a\u015bnie razem z w\u0119glem. Pojawia\u0142y si\u0119 propozycje zmian w prawie, kt\u00f3re prowadzi\u0142yby do tego, \u017ce elektrownie mog\u0142yby spala\u0107 polskie lasy. By\u0142o to szkodliwe zar\u00f3wno dla dzikiej przyrody, jak i sektora meblarskiego. Te zap\u0119dy do palenia las\u00f3w w elektrowniach uda\u0142o si\u0119 ograniczy\u0107. Czy minister Wo\u015b wraca jednak na niechlubn\u0105 \u015bcie\u017ck\u0119 i chce ponownie otworzy\u0107 furtk\u0119 dla tej szkodliwej praktyki?<\/em> &#8211; powiedzia\u0142a Anna Ogniewska z Greenpeace Polska&nbsp;<\/p>\n\n<p>Greenpeace nie akceptuje ani proponowanej zmiany ustawy o odnawialnych \u017ar\u00f3d\u0142ach energii, ani trybu, w jaki minister i Lasy Pa\u0144stwowe pr\u00f3buj\u0105 j\u0105 przeforsowa\u0107. Definicja surowca drzewnego, kt\u00f3ry m\u00f3g\u0142by by\u0107 wykorzystany energetycznie nie powinna by\u0107 przygotowywana, na kolanie i nie powinna stwarza\u0107 przestrzeni do nadu\u017cy\u0107. Ewentualne nowe zmiany musz\u0105 by\u0107 szeroko konsultowane z naukowcami, organizacjami pozarz\u0105dowymi i samorz\u0105dami.<\/p>\n\t\t\t<section\n\t\t\tclass=\"boxout post-28606 \"\n\t\t\t\n\t\t>\n\t\t\t<a\n\t\t\t\tdata-ga-category=\"Take Action Boxout\"\n\t\t\t\tdata-ga-action=\"Image\"\n\t\t\t\tdata-ga-label=\"n\/a\"\n\t\t\t\tclass=\"cover-card-overlay\"\n\t\t\t\thref=\"https:\/\/www.greenpeace.org\/poland\/dzialaj-old\/podpisz-chronmy-stare-lasy\/\" \n\t\t\t><\/a>\n\t\t\t\t\t\t\t<img\n\t\t\t\t\t\tsrc=\"https:\/\/www.greenpeace.org\/static\/planet4-poland-stateless\/2024\/03\/1c73ae41-natalia-wycinka.jpg\"\n\t\t\t\t\t\tsrcset=\"https:\/\/www.greenpeace.org\/static\/planet4-poland-stateless\/2024\/03\/1c73ae41-natalia-wycinka-500x333.jpg 500w, https:\/\/www.greenpeace.org\/static\/planet4-poland-stateless\/2024\/03\/1c73ae41-natalia-wycinka-768x512.jpg 768w, https:\/\/www.greenpeace.org\/static\/planet4-poland-stateless\/2024\/03\/1c73ae41-natalia-wycinka-510x340.jpg 510w, https:\/\/www.greenpeace.org\/static\/planet4-poland-stateless\/2024\/03\/1c73ae41-natalia-wycinka.jpg 1024w\"\n\t\t\t\t\t\tsizes=\"(min-width: 1000px) 358px, (min-width: 780px) 313px, 88px\"\n\t\t\t\t\t\talt=\"\" title=\"\"\n\t\t\t\t\/>\n            \t\t\t<div class=\"boxout-content\">\n\t\t\t\t\t\t\t\t\t<a\n\t\t\t\t\t\tclass=\"boxout-heading medium\"\n\t\t\t\t\t\tdata-ga-category=\"Take Action Boxout\"\n\t\t\t\t\t\tdata-ga-action=\"Title\"\n\t\t\t\t\t\tdata-ga-label=\"n\/a\"\n\t\t\t\t\t\thref=\"https:\/\/www.greenpeace.org\/poland\/dzialaj-old\/podpisz-chronmy-stare-lasy\/\"\n\t\t\t\t\t\t\n\t\t\t\t\t>\n\t\t\t\t\t\tPodpisz: Chro\u0144my stare lasy\n\t\t\t\t\t<\/a>\n\t\t\t\t\t\t\t\t\t\t\t\t\t<p class=\"boxout-excerpt\">Najstarsze i najcenniejsze przyrodniczo lasy Polski znikaj\u0105. Nie pozw\u00f3lmy na to, podpisz apel do premiera o spe\u0142nienie obietnicy obj\u0119cia ochron\u0105 20% las\u00f3w!<\/p>\n\t\t\t\t                                    <a\n                        class=\"btn btn-primary\"\n                        data-ga-category=\"Take Action Boxout\"\n                        data-ga-action=\"Call to Action\"\n                        data-ga-label=\"n\/a\"\n                        href=\"https:\/\/www.greenpeace.org\/poland\/dzialaj-old\/podpisz-chronmy-stare-lasy\/\"\n                        \n                    >\n                        Dzia\u0142aj!\n                    <\/a>\n                \t\t\t<\/div>\n\t\t\t\t\t<\/section>\n\t","protected":false},"excerpt":{"rendered":"<p>Minister \u015brodowiska Micha\u0142 Wo\u015b, pod dyktando koncernu Lasy Pa\u0144stwowe pr\u00f3buje przeforsowa\u0107 zmiany w prawie, kt\u00f3re znacznie poszerz\u0105 definicj\u0119 drewna energetycznego a przez to utoruj\u0105 drog\u0119 do dalszego intensywnego eksploatacji polskich&hellip;<\/p>\n","protected":false},"author":25,"featured_media":28644,"comment_status":"closed","ping_status":"open","sticky":false,"template":"","format":"standard","meta":{"ep_exclude_from_search":false,"p4_og_title":"","p4_og_description":"","p4_og_image":"","p4_og_image_id":"","p4_seo_canonical_url":"","p4_campaign_name":"not set","p4_local_project":"not set","p4_basket_name":"not set","p4_department":"","footnotes":""},"categories":[2,3],"tags":[6,19],"p4-page-type":[14],"class_list":["post-28643","post","type-post","status-publish","format-standard","has-post-thumbnail","hentry","category-klimat-energia","category-przyroda","tag-klimat","tag-lasy","p4-page-type-aktualnosci"],"_links":{"self":[{"href":"https:\/\/www.greenpeace.org\/poland\/wp-json\/wp\/v2\/posts\/28643","targetHints":{"allow":["GET"]}}],"collection":[{"href":"https:\/\/www.greenpeace.org\/poland\/wp-json\/wp\/v2\/posts"}],"about":[{"href":"https:\/\/www.greenpeace.org\/poland\/wp-json\/wp\/v2\/types\/post"}],"author":[{"embeddable":true,"href":"https:\/\/www.greenpeace.org\/poland\/wp-json\/wp\/v2\/users\/25"}],"replies":[{"embeddable":true,"href":"https:\/\/www.greenpeace.org\/poland\/wp-json\/wp\/v2\/comments?post=28643"}],"version-history":[{"count":3,"href":"https:\/\/www.greenpeace.org\/poland\/wp-json\/wp\/v2\/posts\/28643\/revisions"}],"predecessor-version":[{"id":30974,"href":"https:\/\/www.greenpeace.org\/poland\/wp-json\/wp\/v2\/posts\/28643\/revisions\/30974"}],"wp:featuredmedia":[{"embeddable":true,"href":"https:\/\/www.greenpeace.org\/poland\/wp-json\/wp\/v2\/media\/28644"}],"wp:attachment":[{"href":"https:\/\/www.greenpeace.org\/poland\/wp-json\/wp\/v2\/media?parent=28643"}],"wp:term":[{"taxonomy":"category","embeddable":true,"href":"https:\/\/www.greenpeace.org\/poland\/wp-json\/wp\/v2\/categories?post=28643"},{"taxonomy":"post_tag","embeddable":true,"href":"https:\/\/www.greenpeace.org\/poland\/wp-json\/wp\/v2\/tags?post=28643"},{"taxonomy":"p4-page-type","embeddable":true,"href":"https:\/\/www.greenpeace.org\/poland\/wp-json\/wp\/v2\/p4-page-type?post=28643"}],"curies":[{"name":"wp","href":"https:\/\/api.w.org\/{rel}","templated":true}]}}