{"id":28741,"date":"2020-06-23T18:24:51","date_gmt":"2020-06-23T16:24:51","guid":{"rendered":"https:\/\/www.greenpeace.org\/poland\/?p=28741"},"modified":"2021-12-01T14:39:21","modified_gmt":"2021-12-01T12:39:21","slug":"aktywisci-greenpeace-koncza-protest-na-stumetrowej-wiezy-elektrowni-ostroleka-c-i-namawiaja-do-wziecia-udzialu-w-wyborach","status":"publish","type":"post","link":"https:\/\/www.greenpeace.org\/poland\/aktualnosci\/28741\/aktywisci-greenpeace-koncza-protest-na-stumetrowej-wiezy-elektrowni-ostroleka-c-i-namawiaja-do-wziecia-udzialu-w-wyborach\/","title":{"rendered":"Aktywi\u015bci Greenpeace ko\u0144cz\u0105 protest na stumetrowej wie\u017cy elektrowni Ostro\u0142\u0119ka C i namawiaj\u0105 do wzi\u0119cia udzia\u0142u w wyborach"},"content":{"rendered":"\n<p><strong>Aktywistki i aktywi\u015bci Greenpeace opuszczaj\u0105 ponad stumetrow\u0105 betonow\u0105 wie\u017c\u0119 znajduj\u0105c\u0105 si\u0119 na placu budowy elektrowni Ostro\u0142\u0119ka C. We wtorek umie\u015bcili na niej olbrzymi transparent z has\u0142em \u201eW\u0119giel, gaz, kryzys klimatyczny\u201d. Greenpeace zapowiada prowadzenie dalszej, intensywnej kampanii na rzecz odchodzenia od paliw kopalnych, w tym w\u0119gla i gazu. Dzia\u0142aczki i dzia\u0142acze, ko\u0144cz\u0105c protest, namawiaj\u0105 do wzi\u0119cia udzia\u0142u w niedzielnych wyborach prezydenckich.&nbsp;<\/strong><\/p>\n\n<p>\u2013 <em>By\u0142am w Ostro\u0142\u0119ce, aby zaprotestowa\u0107 przeciw bierno\u015bci rz\u0105du wobec nadci\u0105gaj\u0105cej katastrofy klimatycznej. Nie zgadzam si\u0119, by interesy lobby paliw kopalnych by\u0142y wa\u017cniejsze ni\u017c nasze prawo do \u017cycia w bezpiecznym<br>i czystym \u015brodowisku. Nie zamierzam poddawa\u0107 si\u0119 i bezczynnie patrze\u0107, jak rz\u0105d promuje kolejne inwestycje<br>w gaz i w\u0119giel. Ka\u017cdego kto my\u015bli podobnie namawiam do dzia\u0142ania. Liczy si\u0119 ka\u017cdy gest i ka\u017cdy g\u0142os. Do\u0142\u0105czajcie do ruch\u00f3w i strajk\u00f3w klimatycznych w waszej okolicy. Ale przede wszystkim id\u017acie na wybory<br>i g\u0142osujcie na takich polityk\u00f3w, kt\u00f3rzy nie ignoruj\u0105 powagi sytuacji<\/em> \u2013 powiedzia\u0142a bior\u0105ca udzia\u0142 w prote\u015bcie aktywistka Wioletta Smul.<\/p>\n\n<p>Do dzisiejszego, spektakularnego protestu aktywistek i aktywist\u00f3w odni\u00f3s\u0142 si\u0119 prezes PKN Orlen, firmy kt\u00f3ra ma by\u0107 g\u0142\u00f3wnym inwestorem elektrowni Ostro\u0142\u0119ka C. Daniel Obajtek zaapelowa\u0142 do Greenpeace o \u201ezdrowy rozs\u0105dek\u201d.&nbsp;<\/p>\n\n<p><br>\u2013 <em>150 lat uto\u017csamiania \u201ezdrowego rozs\u0105dku\u201d ze spalaniem&nbsp; paliw kopalnych doprowadzi\u0142o ludzko\u015b\u0107 na skraj katastrofy klimatycznej. Dzisiaj prawdziwy zdrowy rozs\u0105dek mo\u017ce prowadzi\u0107 tylko do jednego wniosku: musimy pilnie zako\u0144czy\u0107 er\u0119 w\u0119gla i gazu! Trwanie przy paliwach kopalnych b\u0119dzie oznacza\u0142o koniec cywilizacji, jak\u0105 znamy i naprawd\u0119 zmusi nas do \u201epowrotu na drzewa\u201d, kt\u00f3rego tak bardzo obawia si\u0119 prezes PKN Orlen. Inwestowanie w paliwa kopalne to inwestowanie w katastrof\u0119. Musimy zacz\u0105\u0107 wreszcie traktowa\u0107 kryzys klimatyczny jak prawdziwy kryzys i ratowa\u0107 siebie oraz nasz\u0105 planet\u0119. Nawet je\u015bli prezesi wielkich sp\u00f3\u0142ek energetycznych i paliwowych m\u00f3wi\u0105, \u017ce jest inaczej i bardziej ceni\u0105 sobie swoje zyski ni\u017c nasze \u017cycie<\/em> \u2013 powiedzia\u0142 Pawe\u0142 Szypulski, dyrektor Greenpeace Polska.<\/p>\n\n<iframe loading=\"lazy\" src=\"https:\/\/player.vimeo.com\/video\/431911718\" width=\"640\" height=\"564\" frameborder=\"0\" allow=\"autoplay; fullscreen\" allowfullscreen=\"\"><\/iframe>\n\n<a data-flickr-embed=\"true\" data-footer=\"true\" href=\"https:\/\/www.flickr.com\/photos\/greenpeacepl\/albums\/72157714825562151\" title=\"W\u0119giel, gaz, kryzys klimatyczny\"><img loading=\"lazy\" decoding=\"async\" src=\"https:\/\/live.staticflickr.com\/65535\/50036264418_6b7bbb68ef_c.jpg\" width=\"800\" height=\"450\" alt=\"W\u0119giel, gaz, kryzys klimatyczny\"><\/a><script async=\"\" src=\"\/\/embedr.flickr.com\/assets\/client-code.js\" charset=\"utf-8\"><\/script>\n\t\t\t<section\n\t\t\tclass=\"boxout post-3090 \"\n\t\t\t\n\t\t>\n\t\t\t<a\n\t\t\t\tdata-ga-category=\"Take Action Boxout\"\n\t\t\t\tdata-ga-action=\"Image\"\n\t\t\t\tdata-ga-label=\"n\/a\"\n\t\t\t\tclass=\"cover-card-overlay\"\n\t\t\t\thref=\"https:\/\/www.greenpeace.org\/poland\/dzialaj-old\/podpisz-polska-bez-wegla-2030\/\" \n\t\t\t><\/a>\n\t\t\t\t\t\t\t<img\n\t\t\t\t\t\tsrc=\"https:\/\/www.greenpeace.org\/static\/planet4-poland-stateless\/2020\/06\/7fe0778a-copy-of-dji_0010-1024x768.jpg\"\n\t\t\t\t\t\tsrcset=\"https:\/\/www.greenpeace.org\/static\/planet4-poland-stateless\/2020\/06\/7fe0778a-copy-of-dji_0010-300x225.jpg 300w, https:\/\/www.greenpeace.org\/static\/planet4-poland-stateless\/2020\/06\/7fe0778a-copy-of-dji_0010-1024x768.jpg 1024w, https:\/\/www.greenpeace.org\/static\/planet4-poland-stateless\/2020\/06\/7fe0778a-copy-of-dji_0010-768x576.jpg 768w, https:\/\/www.greenpeace.org\/static\/planet4-poland-stateless\/2020\/06\/7fe0778a-copy-of-dji_0010-1536x1152.jpg 1536w, https:\/\/www.greenpeace.org\/static\/planet4-poland-stateless\/2020\/06\/7fe0778a-copy-of-dji_0010-2048x1536.jpg 2048w, https:\/\/www.greenpeace.org\/static\/planet4-poland-stateless\/2020\/06\/7fe0778a-copy-of-dji_0010-1821x1366.jpg 1821w, https:\/\/www.greenpeace.org\/static\/planet4-poland-stateless\/2020\/06\/7fe0778a-copy-of-dji_0010-453x340.jpg 453w\"\n\t\t\t\t\t\tsizes=\"(min-width: 1000px) 358px, (min-width: 780px) 313px, 88px\"\n\t\t\t\t\t\talt=\"\" title=\"\"\n\t\t\t\t\/>\n            \t\t\t<div class=\"boxout-content\">\n\t\t\t\t\t\t\t\t\t<a\n\t\t\t\t\t\tclass=\"boxout-heading medium\"\n\t\t\t\t\t\tdata-ga-category=\"Take Action Boxout\"\n\t\t\t\t\t\tdata-ga-action=\"Title\"\n\t\t\t\t\t\tdata-ga-label=\"n\/a\"\n\t\t\t\t\t\thref=\"https:\/\/www.greenpeace.org\/poland\/dzialaj-old\/podpisz-polska-bez-wegla-2030\/\"\n\t\t\t\t\t\t\n\t\t\t\t\t>\n\t\t\t\t\t\tPodpisz: Chro\u0144my klimat, chro\u0144my ludzi!\n\t\t\t\t\t<\/a>\n\t\t\t\t\t\t\t\t\t\t\t\t\t<p class=\"boxout-excerpt\">Podpisz petycj\u0119 o jak najszybsze odej\u015bcie Polski od spalania paliw kopalnych.<\/p>\n\t\t\t\t                                    <a\n                        class=\"btn btn-primary\"\n                        data-ga-category=\"Take Action Boxout\"\n                        data-ga-action=\"Call to Action\"\n                        data-ga-label=\"n\/a\"\n                        href=\"https:\/\/www.greenpeace.org\/poland\/dzialaj-old\/podpisz-polska-bez-wegla-2030\/\"\n                        \n                    >\n                        Dzia\u0142aj!\n                    <\/a>\n                \t\t\t<\/div>\n\t\t\t\t\t<\/section>\n\t","protected":false},"excerpt":{"rendered":"<p>Aktywistki i aktywi\u015bci Greenpeace opuszczaj\u0105 ponad stumetrow\u0105 betonow\u0105 wie\u017c\u0119 znajduj\u0105c\u0105 si\u0119 na placu budowy elektrowni Ostro\u0142\u0119ka C. We wtorek umie\u015bcili na niej olbrzymi transparent z has\u0142em \u201eW\u0119giel, gaz, kryzys klimatyczny\u201d.&hellip;<\/p>\n","protected":false},"author":29,"featured_media":28759,"comment_status":"closed","ping_status":"open","sticky":false,"template":"","format":"standard","meta":{"ep_exclude_from_search":false,"p4_og_title":"","p4_og_description":"","p4_og_image":"","p4_og_image_id":"","p4_seo_canonical_url":"","p4_campaign_name":"not set","p4_local_project":"not set","p4_basket_name":"not set","p4_department":"","footnotes":""},"categories":[2],"tags":[6,7,24],"p4-page-type":[14],"class_list":["post-28741","post","type-post","status-publish","format-standard","has-post-thumbnail","hentry","category-klimat-energia","tag-klimat","tag-czysta-energia","tag-aktywizm","p4-page-type-aktualnosci"],"_links":{"self":[{"href":"https:\/\/www.greenpeace.org\/poland\/wp-json\/wp\/v2\/posts\/28741","targetHints":{"allow":["GET"]}}],"collection":[{"href":"https:\/\/www.greenpeace.org\/poland\/wp-json\/wp\/v2\/posts"}],"about":[{"href":"https:\/\/www.greenpeace.org\/poland\/wp-json\/wp\/v2\/types\/post"}],"author":[{"embeddable":true,"href":"https:\/\/www.greenpeace.org\/poland\/wp-json\/wp\/v2\/users\/29"}],"replies":[{"embeddable":true,"href":"https:\/\/www.greenpeace.org\/poland\/wp-json\/wp\/v2\/comments?post=28741"}],"version-history":[{"count":5,"href":"https:\/\/www.greenpeace.org\/poland\/wp-json\/wp\/v2\/posts\/28741\/revisions"}],"predecessor-version":[{"id":30970,"href":"https:\/\/www.greenpeace.org\/poland\/wp-json\/wp\/v2\/posts\/28741\/revisions\/30970"}],"wp:featuredmedia":[{"embeddable":true,"href":"https:\/\/www.greenpeace.org\/poland\/wp-json\/wp\/v2\/media\/28759"}],"wp:attachment":[{"href":"https:\/\/www.greenpeace.org\/poland\/wp-json\/wp\/v2\/media?parent=28741"}],"wp:term":[{"taxonomy":"category","embeddable":true,"href":"https:\/\/www.greenpeace.org\/poland\/wp-json\/wp\/v2\/categories?post=28741"},{"taxonomy":"post_tag","embeddable":true,"href":"https:\/\/www.greenpeace.org\/poland\/wp-json\/wp\/v2\/tags?post=28741"},{"taxonomy":"p4-page-type","embeddable":true,"href":"https:\/\/www.greenpeace.org\/poland\/wp-json\/wp\/v2\/p4-page-type?post=28741"}],"curies":[{"name":"wp","href":"https:\/\/api.w.org\/{rel}","templated":true}]}}