{"id":28751,"date":"2020-07-02T09:13:16","date_gmt":"2020-07-02T07:13:16","guid":{"rendered":"https:\/\/www.greenpeace.org\/poland\/?p=28751"},"modified":"2021-12-01T14:39:20","modified_gmt":"2021-12-01T12:39:20","slug":"unia-europejska-moze-uzyskac-neutralnosc-klimatyczna-juz-w-2040-roku","status":"publish","type":"post","link":"https:\/\/www.greenpeace.org\/poland\/aktualnosci\/28751\/unia-europejska-moze-uzyskac-neutralnosc-klimatyczna-juz-w-2040-roku\/","title":{"rendered":"Unia Europejska mo\u017ce uzyska\u0107 neutralno\u015b\u0107 klimatyczn\u0105 ju\u017c w 2040 roku"},"content":{"rendered":"\n<p>Komentarz Piotra W\u00f3jcika, analityka rynku energii<\/p>\n\n<p><strong>Neutralno\u015b\u0107 klimatyczna Unii Europejskiej do 2040 roku, energia pochodz\u0105ca w ca\u0142o\u015bci ze \u017ar\u00f3de\u0142 odnawialnych, szybkie odej\u015bcie od paliw kopalnych i ambitne podnoszenie efektywno\u015bci energetycznej jest mo\u017cliwe do osi\u0105gni\u0119cia. Drog\u0119 do realizacji takiego celu i jego wykonalno\u015b\u0107 pokazuje najnowszy raport przygotowany przez Renewables Grid Initiative (RGI), European Environmental Bureau (EEB) i Climate Action Network (CAN) Europe. Scenariusz, kt\u00f3ry jest \u015bcie\u017ck\u0105 realizacji porozumienia paryskiego to efekt wsp\u00f3\u0142pracy \u015brodowiska akademickiego, organizacji pozarz\u0105dowych oraz operator\u00f3w sieci elektroenergetycznych.<\/strong><\/p>\n\n<p>30 czerwca 2020 roku w Brukseli opublikowany zosta\u0142 raport <a href=\"https:\/\/www.pac-scenarios.eu\/scenario-development.html\">\u201cBuilding a Paris Agreement Compatible (PAC) energy scenario\u201d<\/a> przedstawiaj\u0105cy scenariusz doj\u015bcia przez Uni\u0119 Europejsk\u0105 do neutralno\u015bci klimatycznej do roku 2040. Scenariusz przedstawia \u015bcie\u017ck\u0119 realizacji porozumienia paryskiego, kt\u00f3re zak\u0142ada ograniczenie wzrostu \u015bredniej globalnej temperatury na poziomie&nbsp; 1,5 stopnia Celsjusza. Raport, kt\u00f3ry zosta\u0142 przygotowany w konsultacji z wieloma interesariuszami, zostanie przedstawiony organizacjom zrzeszaj\u0105cym operator\u00f3w sieci przesy\u0142u energii elektrycznej (ENTSO-E) i gazu (ENTSOG) celem umo\u017cliwienia lepszego planowania d\u0142ugoterminowego rozwoju tych sieci tak by mo\u017cliwe by\u0142o podniesienie cel\u00f3w klimatycznych UE w duchu realizacji porozumienia paryskiego. Apel o uwzgl\u0119dnienie stworzonego scenariusza w planach rozwoju sieci zosta\u0142 podpisany przez 40 organizacji, w tym tak\u017ce europejskich operator\u00f3w sieci przesy\u0142owych.&nbsp;<\/p>\n\n<p>Wspomniany raport, kt\u00f3ry swoim zakresem obejmuje ca\u0142\u0105 gospodark\u0119, w tym zapotrzebowanie na energi\u0119 w sektorach transportu, rolnictwa, przemys\u0142u i budownictwa, jasno wskazuje, \u017ce Europa posiada ogromny, niewykorzystany potencja\u0142 do zmniejszenia popytu na energi\u0119. We wszystkich obszarach w 2040 roku, mimo czekaj\u0105cej nas intensywnej elektryfikacji transportu, przemys\u0142u i ciep\u0142ownictwa, energia mo\u017ce pochodzi\u0107 w 100% z odnawialnych \u017ar\u00f3de\u0142 energii. Przedstawiony scenariusz uwzgl\u0119dnia przy tym szybkie odej\u015bcie od spalania paliw kopalnych w energetyce, w szczeg\u00f3lno\u015bci w\u0119gla do roku 2030 oraz gazu do roku 2035. Nie zak\u0142ada przy tym konieczno\u015bci budowy nowych mocy nap\u0119dzanych gazem ziemnych, a tak\u017ce nowych mocy w energetyce atomowej na terenie ca\u0142ej Unii Europejskiej. Ponadto w energetyce nie stosuje si\u0119 technologii wychwytywania i sk\u0142adowania dwutlenku w\u0119gla (CCS), kt\u00f3re s\u0105 niepewne i obarczone wysokimi kosztami. Konkluzje raportu wskazuj\u0105 tak\u017ce, \u017ce mo\u017cliwe jest podniesienie unijnego&nbsp; celu redukcji emisji na rok 2030 do poziomu 65%.<\/p>\n\n<p>W dobie trwaj\u0105cego kryzysu klimatycznego Europa jak najszybciej potrzebuje planu osi\u0105gni\u0119cia neutralno\u015bci klimatycznej do 2040 roku. Scenariusz doj\u015bcia do osi\u0105gni\u0119cia tego celu, potwierdza wykonalno\u015b\u0107 tego ambitnego zadania i wskazuje na konieczno\u015b\u0107 szybkiego odej\u015bcia od spalania w\u0119gla i gazu, kt\u00f3ry nie mo\u017ce by\u0107 traktowany jako paliwo przej\u015bciowe. W kontek\u015bcie przedstawionego planu, Polska powinna jak najszybciej wyznaczy\u0107&nbsp; rok 2030 jako graniczn\u0105 dat\u0119 odej\u015bcia od w\u0119gla i stworzy\u0107 plan osi\u0105gni\u0119cia neutralno\u015bci klimatycznej w oparciu o dynamiczny rozw\u00f3j odnawialnych \u017ar\u00f3de\u0142 energii- tak, by nie pozosta\u0107 w tyle za innymi krajami, nie tylko pod wzgl\u0119dem realizacji cel\u00f3w klimatycznych, ale tak\u017ce ekonomicznym.<\/p>\n\n<p>Wi\u0119cej informacji o scenariuszu jest dost\u0119pnych tu:<\/p>\n\n<p><a href=\"https:\/\/www.pac-scenarios.eu\/scenario-development.html\">https:\/\/www.pac-scenarios.eu\/scenario-development.html<\/a><\/p>\n\n<p>Apel o uwzgl\u0119dnienie konkluzji raportu w planowaniu d\u0142ugoterminowym sieci w Europie dost\u0119pny jest tu:&nbsp;<\/p>\n\n<p><a href=\"https:\/\/renewables-grid.eu\/publications\/press-releases\/detail\/news\/request-to-adapt-european-energy-planning-scenarios-unites-stakeholders-on-need-for-high-res-energ.html\">https:\/\/renewables-grid.eu\/publications\/press-releases\/detail\/news\/request-to-adapt-european-energy-planning-scenarios-unites-stakeholders-on-need-for-high-res-energ.html<\/a><\/p>\n\n<p><\/p>\n\t\t\t<section\n\t\t\tclass=\"boxout post-3090 \"\n\t\t\t\n\t\t>\n\t\t\t<a\n\t\t\t\tdata-ga-category=\"Take Action Boxout\"\n\t\t\t\tdata-ga-action=\"Image\"\n\t\t\t\tdata-ga-label=\"n\/a\"\n\t\t\t\tclass=\"cover-card-overlay\"\n\t\t\t\thref=\"https:\/\/www.greenpeace.org\/poland\/dzialaj-old\/podpisz-polska-bez-wegla-2030\/\" \n\t\t\t><\/a>\n\t\t\t\t\t\t\t<img\n\t\t\t\t\t\tsrc=\"https:\/\/www.greenpeace.org\/static\/planet4-poland-stateless\/2020\/06\/7fe0778a-copy-of-dji_0010-1024x768.jpg\"\n\t\t\t\t\t\tsrcset=\"https:\/\/www.greenpeace.org\/static\/planet4-poland-stateless\/2020\/06\/7fe0778a-copy-of-dji_0010-300x225.jpg 300w, https:\/\/www.greenpeace.org\/static\/planet4-poland-stateless\/2020\/06\/7fe0778a-copy-of-dji_0010-1024x768.jpg 1024w, https:\/\/www.greenpeace.org\/static\/planet4-poland-stateless\/2020\/06\/7fe0778a-copy-of-dji_0010-768x576.jpg 768w, https:\/\/www.greenpeace.org\/static\/planet4-poland-stateless\/2020\/06\/7fe0778a-copy-of-dji_0010-1536x1152.jpg 1536w, https:\/\/www.greenpeace.org\/static\/planet4-poland-stateless\/2020\/06\/7fe0778a-copy-of-dji_0010-2048x1536.jpg 2048w, https:\/\/www.greenpeace.org\/static\/planet4-poland-stateless\/2020\/06\/7fe0778a-copy-of-dji_0010-1821x1366.jpg 1821w, https:\/\/www.greenpeace.org\/static\/planet4-poland-stateless\/2020\/06\/7fe0778a-copy-of-dji_0010-453x340.jpg 453w\"\n\t\t\t\t\t\tsizes=\"(min-width: 1000px) 358px, (min-width: 780px) 313px, 88px\"\n\t\t\t\t\t\talt=\"\" title=\"\"\n\t\t\t\t\/>\n            \t\t\t<div class=\"boxout-content\">\n\t\t\t\t\t\t\t\t\t<a\n\t\t\t\t\t\tclass=\"boxout-heading medium\"\n\t\t\t\t\t\tdata-ga-category=\"Take Action Boxout\"\n\t\t\t\t\t\tdata-ga-action=\"Title\"\n\t\t\t\t\t\tdata-ga-label=\"n\/a\"\n\t\t\t\t\t\thref=\"https:\/\/www.greenpeace.org\/poland\/dzialaj-old\/podpisz-polska-bez-wegla-2030\/\"\n\t\t\t\t\t\t\n\t\t\t\t\t>\n\t\t\t\t\t\tPodpisz: Chro\u0144my klimat, chro\u0144my ludzi!\n\t\t\t\t\t<\/a>\n\t\t\t\t\t\t\t\t\t\t\t\t\t<p class=\"boxout-excerpt\">Podpisz petycj\u0119 o jak najszybsze odej\u015bcie Polski od spalania paliw kopalnych.<\/p>\n\t\t\t\t                                    <a\n                        class=\"btn btn-primary\"\n                        data-ga-category=\"Take Action Boxout\"\n                        data-ga-action=\"Call to Action\"\n                        data-ga-label=\"n\/a\"\n                        href=\"https:\/\/www.greenpeace.org\/poland\/dzialaj-old\/podpisz-polska-bez-wegla-2030\/\"\n                        \n                    >\n                        Dzia\u0142aj!\n                    <\/a>\n                \t\t\t<\/div>\n\t\t\t\t\t<\/section>\n\t","protected":false},"excerpt":{"rendered":"<p>Neutralno\u015b\u0107 klimatyczna Unii Europejskiej do 2040 roku, energia pochodz\u0105ca w ca\u0142o\u015bci ze \u017ar\u00f3de\u0142 odnawialnych, szybkie odej\u015bcie od paliw kopalnych i ambitne podnoszenie efektywno\u015bci energetycznej jest mo\u017cliwe do osi\u0105gni\u0119cia. Drog\u0119 do&hellip;<\/p>\n","protected":false},"author":32,"featured_media":28752,"comment_status":"closed","ping_status":"open","sticky":false,"template":"","format":"standard","meta":{"ep_exclude_from_search":false,"p4_og_title":"","p4_og_description":"","p4_og_image":"","p4_og_image_id":"","p4_seo_canonical_url":"","p4_campaign_name":"not set","p4_local_project":"not set","p4_basket_name":"not set","p4_department":"","footnotes":""},"categories":[2],"tags":[6,7,18],"p4-page-type":[14],"class_list":["post-28751","post","type-post","status-publish","format-standard","has-post-thumbnail","hentry","category-klimat-energia","tag-klimat","tag-czysta-energia","tag-wegiel","p4-page-type-aktualnosci"],"_links":{"self":[{"href":"https:\/\/www.greenpeace.org\/poland\/wp-json\/wp\/v2\/posts\/28751","targetHints":{"allow":["GET"]}}],"collection":[{"href":"https:\/\/www.greenpeace.org\/poland\/wp-json\/wp\/v2\/posts"}],"about":[{"href":"https:\/\/www.greenpeace.org\/poland\/wp-json\/wp\/v2\/types\/post"}],"author":[{"embeddable":true,"href":"https:\/\/www.greenpeace.org\/poland\/wp-json\/wp\/v2\/users\/32"}],"replies":[{"embeddable":true,"href":"https:\/\/www.greenpeace.org\/poland\/wp-json\/wp\/v2\/comments?post=28751"}],"version-history":[{"count":2,"href":"https:\/\/www.greenpeace.org\/poland\/wp-json\/wp\/v2\/posts\/28751\/revisions"}],"predecessor-version":[{"id":30969,"href":"https:\/\/www.greenpeace.org\/poland\/wp-json\/wp\/v2\/posts\/28751\/revisions\/30969"}],"wp:featuredmedia":[{"embeddable":true,"href":"https:\/\/www.greenpeace.org\/poland\/wp-json\/wp\/v2\/media\/28752"}],"wp:attachment":[{"href":"https:\/\/www.greenpeace.org\/poland\/wp-json\/wp\/v2\/media?parent=28751"}],"wp:term":[{"taxonomy":"category","embeddable":true,"href":"https:\/\/www.greenpeace.org\/poland\/wp-json\/wp\/v2\/categories?post=28751"},{"taxonomy":"post_tag","embeddable":true,"href":"https:\/\/www.greenpeace.org\/poland\/wp-json\/wp\/v2\/tags?post=28751"},{"taxonomy":"p4-page-type","embeddable":true,"href":"https:\/\/www.greenpeace.org\/poland\/wp-json\/wp\/v2\/p4-page-type?post=28751"}],"curies":[{"name":"wp","href":"https:\/\/api.w.org\/{rel}","templated":true}]}}