{"id":29245,"date":"2020-08-10T11:55:12","date_gmt":"2020-08-10T09:55:12","guid":{"rendered":"https:\/\/www.greenpeace.org\/poland\/?p=29245"},"modified":"2023-02-21T21:21:58","modified_gmt":"2023-02-21T19:21:58","slug":"oswiadczenie-w-sprawie-zajsc-w-warszawie-w-nocy-z-7-na-8-sierpnia-2020-r-po-zatrzymaniu-aktywistki-lgbt-margot","status":"publish","type":"post","link":"https:\/\/www.greenpeace.org\/poland\/aktualnosci\/29245\/oswiadczenie-w-sprawie-zajsc-w-warszawie-w-nocy-z-7-na-8-sierpnia-2020-r-po-zatrzymaniu-aktywistki-lgbt-margot\/","title":{"rendered":"O\u015bwiadczenie w sprawie zaj\u015b\u0107 w Warszawie w nocy z 7 na 8 sierpnia 2020 r. po zatrzymaniu aktywistki LGBT+, Margot"},"content":{"rendered":"\n<p><strong>W nocy z 7 na 8 sierpnia byli\u015bmy \u015bwiadkami zamieszek w Warszawie w zwi\u0105zku z zatrzymaniem Margot, dzia\u0142aczki LGBT+ z kolektywu Stop Bzdurom. Zamieszki te to efekt trwaj\u0105cych od wielu miesi\u0119cy dzia\u0142a\u0144 propagandowych wymierzonych w \u015brodowisko LGBT+, niedopuszczalnych w cywilizowanym \u015bwiecie wypowiedzi polityk\u00f3w obozu rz\u0105dz\u0105cego oraz nagonki ze strony medi\u00f3w rz\u0105dowych.<\/strong><\/p>\n\n<p>Pr\u00f3ba sk\u0142\u00f3cenia spo\u0142ecze\u0144stwa i wykreowania wroga publicznego zako\u0144czy\u0142a si\u0119 brutaln\u0105 pacyfikacj\u0105 zgromadzenia na Krakowskim Przedmie\u015bciu, u\u017cyciem przemocy fizycznej, wieloma zatrzymaniami. O\u015bwiadczamy, \u017ce winnymi eskalacji przemocy s\u0105 przede wszystkim ci przedstawiciele w\u0142adzy, kt\u00f3rzy od miesi\u0119cy nakr\u0119cali spiral\u0119 nienawi\u015bci i pogardy wobec os\u00f3b LGBT+.<\/p>\n\n<p>Niezrozumia\u0142e&nbsp;i nieproporcjonalne do zarzucanego czynu zastosowanie&nbsp; wobec Margot tymczasowego aresztowania przela\u0142o czar\u0119 goryczy. Niech\u0119\u0107 do opresyjnego pa\u0144stwa wyprowadzi\u0142a dzia\u0142aczy i sympatyk\u00f3w \u015brodowiska LGBT+ na ulic\u0119 dla wyra\u017cenia protestu przeciwko dzia\u0142aniom w\u0142adz pa\u0144stwowych. Manifestacja, podczas kt\u00f3rej pr\u00f3bowano przeszkodzi\u0107 w wywiezieniu Margot do aresztu spotka\u0142a si\u0119 z wyj\u0105tkow\u0105 brutalno\u015bci\u0105 funkcjonariuszy policji. U\u017cyto nieproporcjonalnej i nieuzasadnionej sytuacj\u0105 przemocy wobec zgromadzonych, w tym wobec dziennikarzy, pos\u0142\u00f3w i polityk\u00f3w. Zatrzymywano r\u00f3wnie\u017c osoby postronne, nieuczestnicz\u0105ce w zgromadzeniu.<\/p>\n\n<p>Naruszone zosta\u0142o tak\u017ce prawo do obrony. Obro\u0144com odmawiano informacji o miejscu, do kt\u00f3rego przewieziono zatrzymanych, zatrzymanym utrudniano skontaktowanie si\u0119 z obro\u0144cami i nak\u0142aniano ich do z\u0142o\u017cenia o\u015bwiadczenia, \u017ce nie wnosz\u0105 skarg na zatrzymanie.<\/p>\n\n<p>Przypominamy, \u017ce prawa cz\u0142owieka s\u0105 uniwersalne i przys\u0142uguj\u0105 ka\u017cdemu, niezale\u017cnie od rasy, wyznania, narodowo\u015bci, wyznawanych warto\u015bci, orientacji seksualnej czy to\u017csamo\u015bci p\u0142ciowej, a funkcjonariusze policji zobowi\u0105zani s\u0105 do ich przestrzegania oraz traktowania ka\u017cdego w spos\u00f3b godny i humanitarny.<\/p>\n\n<p>Domagamy si\u0119 od w\u0142adz pa\u0144stwowych zaprzestania dzia\u0142a\u0144 szkaluj\u0105cych \u015brodowiska LGBT+ oraz wszelkie inne grupy mniejszo\u015bciowe. Wywo\u0142ywanie nienawi\u015bci w spo\u0142ecze\u0144stwie i dzielenie go prowadzi do eskalacji przemocy i jest ca\u0142kowicie sprzeczne z dobrem wsp\u00f3lnym.<\/p>\n\n<p>Apelujemy do funkcjonariuszy policji o stosowanie przepis\u00f3w prawa w duchu zagwarantowanych w Konstytucji i przyj\u0119tych przez Polsk\u0119 konwencji mi\u0119dzynarodowych praw cz\u0142owieka. \u017b\u0105damy te\u017c wnikliwego i szybkiego \u015bledztwa w sprawie nadu\u017cy\u0107, jakie mia\u0142y miejsce w trakcie zamieszek.<\/p>\n\n<p>Wyra\u017camy solidarno\u015b\u0107 z dzia\u0142aczami i dzia\u0142aczkami, &nbsp;aktywistami i aktywistkami LGBT+ w ich sprzeciwie wobec szerzonej przeciw nim propagandzie pogardy i znies\u0142awiania.<\/p>\n\n<p>Dzi\u0119kujemy obro\u0144com, prawnikom, prawniczkom, dzia\u0142aczom i dzia\u0142aczkom, kt\u00f3rzy w\u0142\u0105czyli si\u0119 w natychmiastow\u0105 pomoc dla os\u00f3b zatrzymanych.<\/p>\n\n<p>Apelujemy o solidarno\u015b\u0107 i wsparcie dla poszkodowanych.<\/p>\n\n<p><strong>Sygnatariusze<\/strong><\/p>\n\n<p><em>Amnesty International<br>Fundacja Autonomia<br>Fundacja Centrum im. Prof. Bronis\u0142awa Geremka<br>Fundacja ClientEarth Prawnicy dla Ziemi<br>Fundacja im. Stefana Batorego<br>Fundacja Liberte<br>Fundacja Nowej Kultury B\u0119c Zmiana<br>Fundacja O\u015brodka KARTA<br>Fundacja Pole Dialogu<br>Fundacja Stocznia<br>Fundacja WWF Polska<br>Greenpeace Polska<br>Helsi\u0144ska Fundacja Praw Cz\u0142owieka<br>Inicjatywa Wolne S\u0105dy<br>Instytut Psychologii Zdrowia PTP<br>Instytut Spraw Publicznych<br>Komitet Obrony Demokracji<br>Krytyka Polityczna, Stowarzyszenie im. Stanis\u0142awa Brzozowskiego<br>Polska Fundacja im Roberta Schumana<br>Stowarzyszenie im. Prof. Zbigniewa Ho\u0142dy<\/em><em><br>Stowarzyszenie Interwencji Prawnej<br>Stowarzyszenie Kongres Kobiet<br>Stowarzyszenie Przeciw Antysemityzmowi i Ksenofobii Otwarta Rzeczpospolita<br>Wydawnictwo Znak<br>Zesp\u00f3\u0142 Og\u00f3lnopolskiego Pogotowia dla Ofiar Przemocy w Rodzinie \u201eNiebieska Linia\u201d<\/em><\/p>\n","protected":false},"excerpt":{"rendered":"<p>W nocy z 7 na 8 sierpnia byli\u015bmy \u015bwiadkami zamieszek w Warszawie w zwi\u0105zku z zatrzymaniem Margot, dzia\u0142aczki LGBT+ z kolektywu Stop Bzdurom. Zamieszki te to efekt trwaj\u0105cych od wielu&hellip;<\/p>\n","protected":false},"author":25,"featured_media":29248,"comment_status":"closed","ping_status":"open","sticky":false,"template":"","format":"standard","meta":{"ep_exclude_from_search":false,"p4_og_title":"","p4_og_description":"","p4_og_image":"","p4_og_image_id":"","p4_seo_canonical_url":"","p4_campaign_name":"not set","p4_local_project":"not set","p4_basket_name":"not set","p4_department":"","footnotes":""},"categories":[33],"tags":[31,24],"p4-page-type":[14],"class_list":["post-29245","post","type-post","status-publish","format-standard","has-post-thumbnail","hentry","category-greenpeace","tag-demokracjaiprawaczlowieka","tag-aktywizm","p4-page-type-aktualnosci"],"_links":{"self":[{"href":"https:\/\/www.greenpeace.org\/poland\/wp-json\/wp\/v2\/posts\/29245","targetHints":{"allow":["GET"]}}],"collection":[{"href":"https:\/\/www.greenpeace.org\/poland\/wp-json\/wp\/v2\/posts"}],"about":[{"href":"https:\/\/www.greenpeace.org\/poland\/wp-json\/wp\/v2\/types\/post"}],"author":[{"embeddable":true,"href":"https:\/\/www.greenpeace.org\/poland\/wp-json\/wp\/v2\/users\/25"}],"replies":[{"embeddable":true,"href":"https:\/\/www.greenpeace.org\/poland\/wp-json\/wp\/v2\/comments?post=29245"}],"version-history":[{"count":2,"href":"https:\/\/www.greenpeace.org\/poland\/wp-json\/wp\/v2\/posts\/29245\/revisions"}],"predecessor-version":[{"id":29247,"href":"https:\/\/www.greenpeace.org\/poland\/wp-json\/wp\/v2\/posts\/29245\/revisions\/29247"}],"wp:featuredmedia":[{"embeddable":true,"href":"https:\/\/www.greenpeace.org\/poland\/wp-json\/wp\/v2\/media\/29248"}],"wp:attachment":[{"href":"https:\/\/www.greenpeace.org\/poland\/wp-json\/wp\/v2\/media?parent=29245"}],"wp:term":[{"taxonomy":"category","embeddable":true,"href":"https:\/\/www.greenpeace.org\/poland\/wp-json\/wp\/v2\/categories?post=29245"},{"taxonomy":"post_tag","embeddable":true,"href":"https:\/\/www.greenpeace.org\/poland\/wp-json\/wp\/v2\/tags?post=29245"},{"taxonomy":"p4-page-type","embeddable":true,"href":"https:\/\/www.greenpeace.org\/poland\/wp-json\/wp\/v2\/p4-page-type?post=29245"}],"curies":[{"name":"wp","href":"https:\/\/api.w.org\/{rel}","templated":true}]}}