{"id":29329,"date":"2020-09-03T12:03:45","date_gmt":"2020-09-03T10:03:45","guid":{"rendered":"https:\/\/www.greenpeace.org\/poland\/?p=29329"},"modified":"2020-09-03T12:03:46","modified_gmt":"2020-09-03T10:03:46","slug":"czy-marszalek-wielkopolski-pozwoli-ze-pak-owi-na-dalsze-trucie","status":"publish","type":"post","link":"https:\/\/www.greenpeace.org\/poland\/aktualnosci\/29329\/czy-marszalek-wielkopolski-pozwoli-ze-pak-owi-na-dalsze-trucie\/","title":{"rendered":"Czy marsza\u0142ek Wielkopolski pozwoli ZE PAK-owi na dalsze trucie?"},"content":{"rendered":"\n<p><strong>W najbli\u017cszych dniach marsza\u0142ek wojew\u00f3dztwa wielkopolskiego Marek Wo\u017aniak ma podj\u0105\u0107 decyzj\u0119 dotycz\u0105c\u0105 przyznania odst\u0119pstw od stosowania przepis\u00f3w \u015brodowiskowych dla sp\u00f3\u0142ki ZE PAK. Je\u015bli marsza\u0142ek zezwoli na specjalne traktowanie dla koncernu energetycznego Zygmunta Solorza-\u017baka, elektrownie Konin i P\u0105tn\u00f3w I b\u0119d\u0105 mog\u0142y zanieczyszcza\u0107 powietrze szkodliwymi dla zdrowia substancjami, ponad przewidziane prawem normy nawet przez kolejne 10 lat. Blisko trzy tysi\u0105ce os\u00f3b wzi\u0119\u0142o udzia\u0142 w konsultacjach spo\u0142ecznych w tej sprawie, opowiadaj\u0105c si\u0119 przeciwko odst\u0119pstwom. Liczymy na to, \u017ce marsza\u0142ek stanie po stronie obywateli i czystego powietrza, a nie brudnego biznesu &#8211; m\u00f3wi Anna Meres z Greenpeace Polska.\u00a0<\/strong><\/p>\n\n<p>Marsza\u0142ek wojew\u00f3dztwa wielkopolskiego Marek Wo\u017aniak prowadzi obecnie post\u0119powanie w sprawie przyznania elektrowniom Konin i P\u0105tn\u00f3w I wieloletniego odst\u0119pstwa od nowych limit\u00f3w emisji szkodliwych dla zdrowia zanieczyszcze\u0144 powietrza. Je\u015bli odst\u0119pstwo zostanie przyznane, elektrownia P\u0105tn\u00f3w I b\u0119dzie mog\u0142a emitowa\u0107 przez 10 lat wi\u0119cej dwutlenku siarki oraz rt\u0119ci ni\u017c zak\u0142adaj\u0105 to europejskie przepisy, a elektrownia Konin b\u0119dzie mog\u0142a emitowa\u0107 wi\u0119cej rt\u0119ci.<\/p>\n\n<p>&#8211; W Polsce dotkliwie odczuwamy ju\u017c kryzys klimatyczny: mamy cz\u0119stsze susze, huraganowe wiatry i powodzie. Nie powinni\u015bmy dzisiaj dywagowa\u0107 nad specjalnym traktowaniem brudnego biznesu jakim jest energetyka w\u0119glowa, a nad szybkim odej\u015bciem od w\u0119gla i nad wsparciem sprawiedliwej transformacji regionu Wschodniej Wielkopolski. W\u0119giel nigdy nie b\u0119dzie ekologicznym paliwem, jednak ju\u017c dzi\u015b marsza\u0142ek Marek Wo\u017aniak mo\u017ce sprawi\u0107, \u017ce dzia\u0142alno\u015b\u0107 ZE PAK-u b\u0119dzie mia\u0142a mniejszy wp\u0142yw na nasze zdrowie. Musia\u0142by jednak nie pozwoli\u0107 na specjalne odst\u0119pstwo od przepis\u00f3w, o kt\u00f3re ubiega si\u0119 w\u0142a\u015bciciel elektrowni Konin i P\u0105tn\u00f3w I &#8211; m\u00f3wi Anna Meres, koordynatorka kampanii ds. energetyki w\u0119glowej w Greenpeace Polska.&nbsp;<\/p>\n\n<p>Konieczno\u015b\u0107 modernizacji zak\u0142ad\u00f3w przemys\u0142owych takich jak elektrownie w\u0119glowe wynika z unijnych przepis\u00f3w &#8211; konkluzji dotycz\u0105cych najlepszych dost\u0119pnych technik (tzw. Konkluzje BAT), przyj\u0119tych w kwietniu 2017 roku. Odst\u0119pstwa od nich mog\u0105 by\u0107 przyznane tylko w bardzo szczeg\u00f3lnych przypadkach. W ramach og\u0142oszonych w lipcu 2020 roku przez marsza\u0142ka konsultacji spo\u0142ecznych prowadzonych w toku post\u0119powania dotycz\u0105cego odst\u0119pstw, ponad 2800 obywatelek i obywateli zaapelowa\u0142o do marsza\u0142ka o nieprzyznanie odst\u0119pstwa elektrowniom.&nbsp;<\/p>\n\n<p>&#8211; Zdrowie mieszka\u0144c\u00f3w powinno by\u0107 bezwzgl\u0119dnym priorytetem marsza\u0142ka Wo\u017aniaka przy wydawaniu decyzji. Sektor energetyczny wiedzia\u0142 od lat o zbli\u017caj\u0105cej si\u0119 zmianie przepis\u00f3w i mia\u0142 wystarczaj\u0105co du\u017co czasu, aby si\u0119 do niej przygotowa\u0107. Koncern ZE PAK, a tak\u017ce jego w\u0142a\u015bciciel &#8211; Zygmunt Solorz-\u017bak podkre\u015blaj\u0105 w ostatnim czasie, \u017ce \u201cprzechodz\u0105 na zielon\u0105 stron\u0105 mocy\u201d i zamierzaj\u0105 stawia\u0107 na ekologi\u0119. W tym kontek\u015bcie samo ubieganie si\u0119 firmy o specjalne odst\u0119pstwa od przepis\u00f3w \u015brodowiskowych, kt\u00f3re maj\u0105 chroni\u0107 nasze zdrowie jest zupe\u0142nie niezrozumia\u0142e i \u015bwiadczy o hipokryzji. Je\u015bli marsza\u0142ek przyzna odst\u0119pstwa koncernowi ZE PAK, b\u0119dziemy si\u0119 od takiej decyzji odwo\u0142ywa\u0107 &#8211; komentuje Anna Meres.&nbsp;<\/p>\n","protected":false},"excerpt":{"rendered":"<p>W najbli\u017cszych dniach marsza\u0142ek wojew\u00f3dztwa wielkopolskiego Marek Wo\u017aniak ma podj\u0105\u0107 decyzj\u0119 dotycz\u0105c\u0105 przyznania odst\u0119pstw od stosowania przepis\u00f3w \u015brodowiskowych dla sp\u00f3\u0142ki ZE PAK. Je\u015bli marsza\u0142ek zezwoli na specjalne traktowanie dla koncernu&hellip;<\/p>\n","protected":false},"author":37,"featured_media":576,"comment_status":"closed","ping_status":"open","sticky":false,"template":"","format":"standard","meta":{"ep_exclude_from_search":false,"p4_og_title":"","p4_og_description":"","p4_og_image":"","p4_og_image_id":"","p4_seo_canonical_url":"","p4_campaign_name":"not set","p4_local_project":"not set","p4_basket_name":"not set","p4_department":"","footnotes":""},"categories":[2],"tags":[6,18,34],"p4-page-type":[14],"class_list":["post-29329","post","type-post","status-publish","format-standard","has-post-thumbnail","hentry","category-klimat-energia","tag-klimat","tag-wegiel","tag-smog","p4-page-type-aktualnosci"],"_links":{"self":[{"href":"https:\/\/www.greenpeace.org\/poland\/wp-json\/wp\/v2\/posts\/29329","targetHints":{"allow":["GET"]}}],"collection":[{"href":"https:\/\/www.greenpeace.org\/poland\/wp-json\/wp\/v2\/posts"}],"about":[{"href":"https:\/\/www.greenpeace.org\/poland\/wp-json\/wp\/v2\/types\/post"}],"author":[{"embeddable":true,"href":"https:\/\/www.greenpeace.org\/poland\/wp-json\/wp\/v2\/users\/37"}],"replies":[{"embeddable":true,"href":"https:\/\/www.greenpeace.org\/poland\/wp-json\/wp\/v2\/comments?post=29329"}],"version-history":[{"count":1,"href":"https:\/\/www.greenpeace.org\/poland\/wp-json\/wp\/v2\/posts\/29329\/revisions"}],"predecessor-version":[{"id":29330,"href":"https:\/\/www.greenpeace.org\/poland\/wp-json\/wp\/v2\/posts\/29329\/revisions\/29330"}],"wp:featuredmedia":[{"embeddable":true,"href":"https:\/\/www.greenpeace.org\/poland\/wp-json\/wp\/v2\/media\/576"}],"wp:attachment":[{"href":"https:\/\/www.greenpeace.org\/poland\/wp-json\/wp\/v2\/media?parent=29329"}],"wp:term":[{"taxonomy":"category","embeddable":true,"href":"https:\/\/www.greenpeace.org\/poland\/wp-json\/wp\/v2\/categories?post=29329"},{"taxonomy":"post_tag","embeddable":true,"href":"https:\/\/www.greenpeace.org\/poland\/wp-json\/wp\/v2\/tags?post=29329"},{"taxonomy":"p4-page-type","embeddable":true,"href":"https:\/\/www.greenpeace.org\/poland\/wp-json\/wp\/v2\/p4-page-type?post=29329"}],"curies":[{"name":"wp","href":"https:\/\/api.w.org\/{rel}","templated":true}]}}