{"id":29346,"date":"2020-09-08T15:45:58","date_gmt":"2020-09-08T13:45:58","guid":{"rendered":"https:\/\/www.greenpeace.org\/poland\/?p=29346"},"modified":"2020-09-08T15:48:25","modified_gmt":"2020-09-08T13:48:25","slug":"wazny-krok-w-strone-poprawy-dobrostanu-zwierzat-liczymy-na-kolejne-komentarz-greenpeace-ws-programu-pis-piatka-dla-zwierzat","status":"publish","type":"post","link":"https:\/\/www.greenpeace.org\/poland\/aktualnosci\/29346\/wazny-krok-w-strone-poprawy-dobrostanu-zwierzat-liczymy-na-kolejne-komentarz-greenpeace-ws-programu-pis-piatka-dla-zwierzat\/","title":{"rendered":"Wa\u017cny krok w stron\u0119 poprawy dobrostanu zwierz\u0105t. Liczymy na kolejne &#8211; komentarz Greenpeace ws. programu PiS &#8222;Pi\u0105tka dla zwierz\u0105t&#8221;"},"content":{"rendered":"\n<p><em>Prawo i Sprawiedliwo\u015b\u0107 og\u0142osi\u0142o dzi\u015b program &#8222;Pi\u0105tka dla zwierz\u0105t&#8221;, w kt\u00f3rym znajduje si\u0119 m.in zakaz hodowli zwierz\u0105t na futro oraz zwi\u0119kszenie kompetencji organizacji pozarz\u0105dowych w zakresie spo\u0142ecznej kontroli ochrony zwierz\u0105t. To bardzo dobra informacja dla nas wszystkich i wa\u017cny krok w stron\u0119 poprawy obecnej sytuacji w tym obszarze. Oczekujemy, \u017ce tym razem obietnice prze\u0142o\u017c\u0105 si\u0119 na realne dzia\u0142ania. Liczymy na to, \u017ce to dopiero pocz\u0105tek niezb\u0119dnych zmian w obszarze chowu i hodowli zwierz\u0105t, a w trakcie prac nad zmianami legislacyjnymi politycy i polityczki zwr\u00f3c\u0105 uwag\u0119 te\u017c na dobrostan innych zwierz\u0105t hodowlanych. Obecnie trwaj\u0105 prace nad wsp\u00f3ln\u0105 polityk\u0105 roln\u0105 UE, a zatem jest to bardzo dobry moment na to, by spojrze\u0107 szerzej na relacje mi\u0119dzy cz\u0142owiekiem a przyrod\u0105. W\u0142a\u015bnie teraz potrzebujemy zdecydowanych dzia\u0142a\u0144 ze strony rz\u0105dz\u0105cych, by zaprzesta\u0107 wspierania w\u0105skiego grona baron\u00f3w chowu przemys\u0142owego, a skupi\u0107 si\u0119 na realnym wspieraniu rolnik\u00f3w produkuj\u0105cym \u017cywno\u015b\u0107 w spos\u00f3b przyjazny ludziom, zwierz\u0119tom i przyrodzie<\/em> &#8211; komentuje Dominika Soko\u0142owska z Greenpeace Polska.<\/p>\n\n<p>Podpisz petycj\u0119 i zatrzymaj ekspansj\u0119 ferm przemys\u0142owych: <a href=\"https:\/\/act.gp\/fermyprzemyslowe\">https:\/\/act.gp\/fermyprzemyslowe<\/a>&nbsp;<\/p>\n","protected":false},"excerpt":{"rendered":"<p>PiS og\u0142osi\u0142 dzi\u015b program &#8222;Pi\u0105tka dla zwierz\u0105t&#8221;, w kt\u00f3rym znajduje si\u0119 m.in zakaz hodowli zwierz\u0105t na futro oraz zwi\u0119kszenie kompetencji organizacji pozarz\u0105dowych w zakresie spo\u0142ecznej kontroli ochrony zwierz\u0105t. To bardzo&hellip;<\/p>\n","protected":false},"author":25,"featured_media":2798,"comment_status":"closed","ping_status":"open","sticky":false,"template":"","format":"standard","meta":{"ep_exclude_from_search":false,"p4_og_title":"","p4_og_description":"","p4_og_image":"","p4_og_image_id":"","p4_seo_canonical_url":"","p4_campaign_name":"not set","p4_local_project":"not set","p4_basket_name":"not set","p4_department":"","footnotes":""},"categories":[4],"tags":[27,29,35],"p4-page-type":[14],"class_list":["post-29346","post","type-post","status-publish","format-standard","has-post-thumbnail","hentry","category-rolnictwo","tag-rolnictwo","tag-zywnosc","tag-chowprzemyslowy","p4-page-type-aktualnosci"],"_links":{"self":[{"href":"https:\/\/www.greenpeace.org\/poland\/wp-json\/wp\/v2\/posts\/29346","targetHints":{"allow":["GET"]}}],"collection":[{"href":"https:\/\/www.greenpeace.org\/poland\/wp-json\/wp\/v2\/posts"}],"about":[{"href":"https:\/\/www.greenpeace.org\/poland\/wp-json\/wp\/v2\/types\/post"}],"author":[{"embeddable":true,"href":"https:\/\/www.greenpeace.org\/poland\/wp-json\/wp\/v2\/users\/25"}],"replies":[{"embeddable":true,"href":"https:\/\/www.greenpeace.org\/poland\/wp-json\/wp\/v2\/comments?post=29346"}],"version-history":[{"count":1,"href":"https:\/\/www.greenpeace.org\/poland\/wp-json\/wp\/v2\/posts\/29346\/revisions"}],"predecessor-version":[{"id":29347,"href":"https:\/\/www.greenpeace.org\/poland\/wp-json\/wp\/v2\/posts\/29346\/revisions\/29347"}],"wp:featuredmedia":[{"embeddable":true,"href":"https:\/\/www.greenpeace.org\/poland\/wp-json\/wp\/v2\/media\/2798"}],"wp:attachment":[{"href":"https:\/\/www.greenpeace.org\/poland\/wp-json\/wp\/v2\/media?parent=29346"}],"wp:term":[{"taxonomy":"category","embeddable":true,"href":"https:\/\/www.greenpeace.org\/poland\/wp-json\/wp\/v2\/categories?post=29346"},{"taxonomy":"post_tag","embeddable":true,"href":"https:\/\/www.greenpeace.org\/poland\/wp-json\/wp\/v2\/tags?post=29346"},{"taxonomy":"p4-page-type","embeddable":true,"href":"https:\/\/www.greenpeace.org\/poland\/wp-json\/wp\/v2\/p4-page-type?post=29346"}],"curies":[{"name":"wp","href":"https:\/\/api.w.org\/{rel}","templated":true}]}}