{"id":29458,"date":"2020-10-05T12:21:03","date_gmt":"2020-10-05T10:21:03","guid":{"rendered":"https:\/\/www.greenpeace.org\/poland\/?p=29458"},"modified":"2021-12-01T14:39:08","modified_gmt":"2021-12-01T12:39:08","slug":"elektrownia-patnow-i-ze-zgoda-na-dalsze-trucie-mieszkancow","status":"publish","type":"post","link":"https:\/\/www.greenpeace.org\/poland\/aktualnosci\/29458\/elektrownia-patnow-i-ze-zgoda-na-dalsze-trucie-mieszkancow\/","title":{"rendered":"Elektrownia P\u0105tn\u00f3w I ze zgod\u0105 na dalsze trucie mieszka\u0144c\u00f3w"},"content":{"rendered":"\n<p><strong>Marsza\u0142ek wojew\u00f3dztwa wielkopolskiego Marek Wo\u017aniak &#8211; wg doniesie\u0144 Polityki Insight &#8211; przyzna\u0142 nale\u017c\u0105cej do sp\u00f3\u0142ki ZE PAK elektrowni P\u0105tn\u00f3w I odst\u0119pstwo od tzw. konkluzji BAT, czyli unijnych przepis\u00f3w nakazuj\u0105cych ograniczenie emisji szkodliwych dla zdrowia zanieczyszcze\u0144 powietrza. Zdaniem Fundacji Greenpeace, odst\u0119pstwo nie powinno by\u0107 przyznane, a marsza\u0142ek Wo\u017aniak przy wydawaniu decyzji powinien wzi\u0105\u0107 pod uwag\u0119 nowe okoliczno\u015bci, tj. planowane przez ZE PAK wy\u0142\u0105czenie instalacji w 2024 roku.&nbsp;<\/strong><\/p>\n\n<p>Odst\u0119pstwo od unijnych przepis\u00f3w przyznane przez marsza\u0142ka ma dotyczy\u0107 emisji rt\u0119ci i dwutlenku siarki &#8211; zanieczyszcze\u0144 maj\u0105cych negatywny wp\u0142yw na zdrowie cz\u0142owieka. Substancje te zwi\u0119kszaj\u0105 ryzyko udaru, raka p\u0142uc, chor\u00f3b serca i uk\u0142adu oddechowego u doros\u0142ych, a tak\u017ce infekcji dr\u00f3g oddechowych i zaburze\u0144 rozwoju poznawczego u dzieci.&nbsp;<\/p>\n\n<p><em>&#8211; Marsza\u0142ek przy wydawaniu decyzji powinien przede wszystkim kierowa\u0107 si\u0119 dobrem obywatelek i obywateli. Decyzja ta pokazuje, \u017ce Marek Wo\u017aniak stawia na pierwszym miejscu kiesze\u0144 koncernu energetycznego, a nie zdrowie Polek i Polak\u00f3w. W\u0119giel nigdy nie b\u0119dzie czystym paliwem, dlatego sp\u00f3\u0142ki w\u0119glowe powinny jak najszybciej odej\u015b\u0107 od jego spalania, a przyznanie odst\u0119pstw w og\u00f3le nie powinno mie\u0107 miejsca. B\u0119dziemy odwo\u0142ywa\u0107 si\u0119 od tej decyzji &#8211;<\/em> m\u00f3wi Anna Meres, koordynatorka kampanii klimatycznych w Greenpeace Polska.<\/p>\n\n<p>Fundacja Greenpeace Polska, b\u0119d\u0105ca stron\u0105 w post\u0119powaniu w sprawie odst\u0119pstw od konkluzji BAT, skierowa\u0142a w pi\u0105tek 2 pa\u017adziernika pismo do marsza\u0142ka Marka Wo\u017aniaka, w kt\u00f3rym zwraca uwag\u0119 na zmian\u0119&nbsp; w stosunku do dotychczas przyjmowanych w post\u0119powaniu przez ZE PAK za\u0142o\u017ce\u0144. Zgodnie z opublikowanym przez sp\u00f3\u0142k\u0119 sprawozdaniem finansowym za ostatnie p\u00f3\u0142rocze, bloki elektrowni P\u0105tn\u00f3w I mia\u0142yby dzia\u0142a\u0107 do 2024 roku. Z kolei decyzja marsza\u0142ka wojew\u00f3dztwa wielkopolskiego ma przyznawa\u0107 odst\u0119pstwo od regulacji chroni\u0105cych zdrowie mieszka\u0144c\u00f3w a\u017c do 2030 roku.&nbsp;<\/p>\n\n<p><em>&#8211; Informacja o wcze\u015bniejszym ni\u017c zak\u0142adano zamkni\u0119ciu blok\u00f3w elektrowni P\u0105tn\u00f3w I powinna zosta\u0107 wzi\u0119ta&nbsp; pod uwag\u0119 i rozwa\u017cona przez marsza\u0142ka przy wydawaniu decyzji. Decyzja o przyznaniu b\u0105d\u017a te\u017c nie przyznaniu odst\u0119pstwa, nie powinna wykracza\u0107 poza horyzont czasowy planowanej eksploatacji instalacji tj. poza 2024 rok<\/em> &#8211; komentuje Anna Meres z Greenpeace Polska.<\/p>\n\n<p>Ubieganie si\u0119 przez koncern ZE PAK o odst\u0119pstwo do 2030 roku wskazuje, \u017ce sp\u00f3\u0142ka nadal rozwa\u017ca scenariusz, w kt\u00f3rym by\u0142aby mo\u017cliwa eksploatacja kopalni odkrywkowej w\u0119gla brunatnego O\u015bcis\u0142owo. W opublikowanym niedawno przez ZE PAK komentarzu, sp\u00f3\u0142ka potwierdzi\u0142a, \u017ce nie zrezygnuje z ubiegania&nbsp; si\u0119 o koncesj\u0119 na budow\u0119 nowej odkrywki.&nbsp;<\/p>\n\t\t\t<section\n\t\t\tclass=\"boxout post-3090 \"\n\t\t\t\n\t\t>\n\t\t\t<a\n\t\t\t\tdata-ga-category=\"Take Action Boxout\"\n\t\t\t\tdata-ga-action=\"Image\"\n\t\t\t\tdata-ga-label=\"n\/a\"\n\t\t\t\tclass=\"cover-card-overlay\"\n\t\t\t\thref=\"https:\/\/www.greenpeace.org\/poland\/dzialaj-old\/podpisz-polska-bez-wegla-2030\/\" \n\t\t\t><\/a>\n\t\t\t\t\t\t\t<img\n\t\t\t\t\t\tsrc=\"https:\/\/www.greenpeace.org\/static\/planet4-poland-stateless\/2020\/06\/7fe0778a-copy-of-dji_0010-1024x768.jpg\"\n\t\t\t\t\t\tsrcset=\"https:\/\/www.greenpeace.org\/static\/planet4-poland-stateless\/2020\/06\/7fe0778a-copy-of-dji_0010-300x225.jpg 300w, https:\/\/www.greenpeace.org\/static\/planet4-poland-stateless\/2020\/06\/7fe0778a-copy-of-dji_0010-1024x768.jpg 1024w, https:\/\/www.greenpeace.org\/static\/planet4-poland-stateless\/2020\/06\/7fe0778a-copy-of-dji_0010-768x576.jpg 768w, https:\/\/www.greenpeace.org\/static\/planet4-poland-stateless\/2020\/06\/7fe0778a-copy-of-dji_0010-1536x1152.jpg 1536w, https:\/\/www.greenpeace.org\/static\/planet4-poland-stateless\/2020\/06\/7fe0778a-copy-of-dji_0010-2048x1536.jpg 2048w, https:\/\/www.greenpeace.org\/static\/planet4-poland-stateless\/2020\/06\/7fe0778a-copy-of-dji_0010-1821x1366.jpg 1821w, https:\/\/www.greenpeace.org\/static\/planet4-poland-stateless\/2020\/06\/7fe0778a-copy-of-dji_0010-453x340.jpg 453w\"\n\t\t\t\t\t\tsizes=\"(min-width: 1000px) 358px, (min-width: 780px) 313px, 88px\"\n\t\t\t\t\t\talt=\"\" title=\"\"\n\t\t\t\t\/>\n            \t\t\t<div class=\"boxout-content\">\n\t\t\t\t\t\t\t\t\t<a\n\t\t\t\t\t\tclass=\"boxout-heading medium\"\n\t\t\t\t\t\tdata-ga-category=\"Take Action Boxout\"\n\t\t\t\t\t\tdata-ga-action=\"Title\"\n\t\t\t\t\t\tdata-ga-label=\"n\/a\"\n\t\t\t\t\t\thref=\"https:\/\/www.greenpeace.org\/poland\/dzialaj-old\/podpisz-polska-bez-wegla-2030\/\"\n\t\t\t\t\t\t\n\t\t\t\t\t>\n\t\t\t\t\t\tPodpisz: Chro\u0144my klimat, chro\u0144my ludzi!\n\t\t\t\t\t<\/a>\n\t\t\t\t\t\t\t\t\t\t\t\t\t<p class=\"boxout-excerpt\">Podpisz petycj\u0119 o jak najszybsze odej\u015bcie Polski od spalania paliw kopalnych.<\/p>\n\t\t\t\t                                    <a\n                        class=\"btn btn-primary\"\n                        data-ga-category=\"Take Action Boxout\"\n                        data-ga-action=\"Call to Action\"\n                        data-ga-label=\"n\/a\"\n                        href=\"https:\/\/www.greenpeace.org\/poland\/dzialaj-old\/podpisz-polska-bez-wegla-2030\/\"\n                        \n                    >\n                        Dzia\u0142aj!\n                    <\/a>\n                \t\t\t<\/div>\n\t\t\t\t\t<\/section>\n\t","protected":false},"excerpt":{"rendered":"<p>Marsza\u0142ek wojew\u00f3dztwa wielkopolskiego Marek Wo\u017aniak &#8211; wg doniesie\u0144 Polityki Insight &#8211; przyzna\u0142 nale\u017c\u0105cej do sp\u00f3\u0142ki ZE PAK elektrowni P\u0105tn\u00f3w I odst\u0119pstwo od tzw. konkluzji BAT, czyli unijnych przepis\u00f3w nakazuj\u0105cych ograniczenie&hellip;<\/p>\n","protected":false},"author":29,"featured_media":28565,"comment_status":"closed","ping_status":"open","sticky":false,"template":"","format":"standard","meta":{"ep_exclude_from_search":false,"p4_og_title":"","p4_og_description":"","p4_og_image":"","p4_og_image_id":"","p4_seo_canonical_url":"","p4_campaign_name":"not set","p4_local_project":"not set","p4_basket_name":"not set","p4_department":"","footnotes":""},"categories":[2],"tags":[6],"p4-page-type":[14],"class_list":["post-29458","post","type-post","status-publish","format-standard","has-post-thumbnail","hentry","category-klimat-energia","tag-klimat","p4-page-type-aktualnosci"],"_links":{"self":[{"href":"https:\/\/www.greenpeace.org\/poland\/wp-json\/wp\/v2\/posts\/29458","targetHints":{"allow":["GET"]}}],"collection":[{"href":"https:\/\/www.greenpeace.org\/poland\/wp-json\/wp\/v2\/posts"}],"about":[{"href":"https:\/\/www.greenpeace.org\/poland\/wp-json\/wp\/v2\/types\/post"}],"author":[{"embeddable":true,"href":"https:\/\/www.greenpeace.org\/poland\/wp-json\/wp\/v2\/users\/29"}],"replies":[{"embeddable":true,"href":"https:\/\/www.greenpeace.org\/poland\/wp-json\/wp\/v2\/comments?post=29458"}],"version-history":[{"count":2,"href":"https:\/\/www.greenpeace.org\/poland\/wp-json\/wp\/v2\/posts\/29458\/revisions"}],"predecessor-version":[{"id":30947,"href":"https:\/\/www.greenpeace.org\/poland\/wp-json\/wp\/v2\/posts\/29458\/revisions\/30947"}],"wp:featuredmedia":[{"embeddable":true,"href":"https:\/\/www.greenpeace.org\/poland\/wp-json\/wp\/v2\/media\/28565"}],"wp:attachment":[{"href":"https:\/\/www.greenpeace.org\/poland\/wp-json\/wp\/v2\/media?parent=29458"}],"wp:term":[{"taxonomy":"category","embeddable":true,"href":"https:\/\/www.greenpeace.org\/poland\/wp-json\/wp\/v2\/categories?post=29458"},{"taxonomy":"post_tag","embeddable":true,"href":"https:\/\/www.greenpeace.org\/poland\/wp-json\/wp\/v2\/tags?post=29458"},{"taxonomy":"p4-page-type","embeddable":true,"href":"https:\/\/www.greenpeace.org\/poland\/wp-json\/wp\/v2\/p4-page-type?post=29458"}],"curies":[{"name":"wp","href":"https:\/\/api.w.org\/{rel}","templated":true}]}}