{"id":29510,"date":"2020-10-19T12:59:33","date_gmt":"2020-10-19T10:59:33","guid":{"rendered":"https:\/\/www.greenpeace.org\/poland\/?p=29510"},"modified":"2020-10-19T13:01:11","modified_gmt":"2020-10-19T11:01:11","slug":"pge-umywa-rece-od-wegla-i-odpowiedzialnosci-za-klimat","status":"publish","type":"post","link":"https:\/\/www.greenpeace.org\/poland\/komentarze\/29510\/pge-umywa-rece-od-wegla-i-odpowiedzialnosci-za-klimat\/","title":{"rendered":"PGE umywa r\u0119ce od w\u0119gla i odpowiedzialno\u015bci za klimat"},"content":{"rendered":"\n<p><strong>Zaprezentowana przez prezesa PGE Wojciecha D\u0105browskiego strategia sp\u00f3\u0142ki do roku 2050 to mydlenie oczu i pozbywanie si\u0119 odpowiedzialno\u015bci za klimat, \u015brodowisko, a tak\u017ce przysz\u0142o\u015b\u0107 Polek i Polak\u00f3w &#8211; komentuje Piotr W\u00f3jcik, analityk rynku energii z Greenpeace Polska. <\/strong><\/p>\n\n<p>Po raz kolejny s\u0142yszymy od prezesa koncernu b\u0119d\u0105cego najwi\u0119kszym emitentem gaz\u00f3w cieplarnianych w Polsce du\u017co pi\u0119knych s\u0142\u00f3w o zielonych inwestycjach. Jednocze\u015bnie sp\u00f3\u0142ka nie podaje konkret\u00f3w na temat procesu i dat zamykania istniej\u0105cych elektrowni w\u0119glowych. Co gorsza grupa nadal nie wycofa\u0142a si\u0119 z planu budowy nierentownej &#8211; zdaniem prezesa D\u0105browskiego &#8211; odkrywki w\u0119gla brunatnego w Z\u0142oczewie i wci\u0105\u017c ubiega si\u0119 o przed\u0142u\u017cenie o 25 lat koncesji dla odkrywki Tur\u00f3w. Odpowiedzi\u0105 na wszystkie pytania dotycz\u0105ce przysz\u0142o\u015bci konwencjonalnych \u017ar\u00f3de\u0142 energii oraz region\u00f3w g\u00f3rniczych, ma by\u0107 wydzielenie aktyw\u00f3w w\u0119glowych do nowego podmiotu, kt\u00f3ry b\u0119dzie zarz\u0105dzany przez Skarb Pa\u0144stwa.&nbsp;<\/p>\n\n<p>Transformacja polegaj\u0105ca na pozbyciu si\u0119 aktyw\u00f3w w\u0119glowych nie jest \u017cadn\u0105 transformacj\u0105. Z perspektywy \u015brodowiska, Polek i Polak\u00f3w, kryzysu klimatycznego to jedynie przeniesienie brudnych aktyw\u00f3w z jednej kieszeni do drugiej. To ucieczka od odpowiedzialno\u015bci za prawdziw\u0105 transformacj\u0119 niezb\u0119dn\u0105 by przeciwdzia\u0142a\u0107 kryzysowi klimatycznemu.<\/p>\n\n<p>Dodatkowo udzia\u0142 przedstawicieli rz\u0105du w prezentacji nowej strategii PGE \u015bwiadczy o tym, i\u017c jest to kolejne \u0107wiczenie robione przez polski rz\u0105d z cyklu \u201cco zrobi\u0107 by jak najd\u0142u\u017cej utrzyma\u0107 w\u0119giel w Polsce i zdj\u0105\u0107 rynkow\u0105 presj\u0119 z bran\u017cy w\u0119glowej\u201d, za kt\u00f3re na ko\u0144cu zap\u0142ac\u0105 podatnicy.&nbsp;<\/p>\n\n<p><\/p>\n","protected":false},"excerpt":{"rendered":"<p>Zaprezentowana przez prezesa PGE Wojciecha D\u0105browskiego strategia sp\u00f3\u0142ki do roku 2050 to mydlenie oczu i pozbywanie si\u0119 odpowiedzialno\u015bci za klimat, \u015brodowisko, a tak\u017ce przysz\u0142o\u015b\u0107 Polek i Polak\u00f3w &#8211; komentuje Piotr W\u00f3jcik, analityk rynku energii z Greenpeace Polska. <\/p>\n","protected":false},"author":37,"featured_media":29401,"comment_status":"closed","ping_status":"open","sticky":false,"template":"","format":"standard","meta":{"ep_exclude_from_search":false,"p4_og_title":"","p4_og_description":"","p4_og_image":"","p4_og_image_id":"","p4_seo_canonical_url":"","p4_campaign_name":"not set","p4_local_project":"not set","p4_basket_name":"not set","p4_department":"","footnotes":""},"categories":[2],"tags":[6,18,25],"p4-page-type":[30],"class_list":["post-29510","post","type-post","status-publish","format-standard","has-post-thumbnail","hentry","category-klimat-energia","tag-klimat","tag-wegiel","tag-paliwakopalne","p4-page-type-komentarze"],"_links":{"self":[{"href":"https:\/\/www.greenpeace.org\/poland\/wp-json\/wp\/v2\/posts\/29510","targetHints":{"allow":["GET"]}}],"collection":[{"href":"https:\/\/www.greenpeace.org\/poland\/wp-json\/wp\/v2\/posts"}],"about":[{"href":"https:\/\/www.greenpeace.org\/poland\/wp-json\/wp\/v2\/types\/post"}],"author":[{"embeddable":true,"href":"https:\/\/www.greenpeace.org\/poland\/wp-json\/wp\/v2\/users\/37"}],"replies":[{"embeddable":true,"href":"https:\/\/www.greenpeace.org\/poland\/wp-json\/wp\/v2\/comments?post=29510"}],"version-history":[{"count":2,"href":"https:\/\/www.greenpeace.org\/poland\/wp-json\/wp\/v2\/posts\/29510\/revisions"}],"predecessor-version":[{"id":29512,"href":"https:\/\/www.greenpeace.org\/poland\/wp-json\/wp\/v2\/posts\/29510\/revisions\/29512"}],"wp:featuredmedia":[{"embeddable":true,"href":"https:\/\/www.greenpeace.org\/poland\/wp-json\/wp\/v2\/media\/29401"}],"wp:attachment":[{"href":"https:\/\/www.greenpeace.org\/poland\/wp-json\/wp\/v2\/media?parent=29510"}],"wp:term":[{"taxonomy":"category","embeddable":true,"href":"https:\/\/www.greenpeace.org\/poland\/wp-json\/wp\/v2\/categories?post=29510"},{"taxonomy":"post_tag","embeddable":true,"href":"https:\/\/www.greenpeace.org\/poland\/wp-json\/wp\/v2\/tags?post=29510"},{"taxonomy":"p4-page-type","embeddable":true,"href":"https:\/\/www.greenpeace.org\/poland\/wp-json\/wp\/v2\/p4-page-type?post=29510"}],"curies":[{"name":"wp","href":"https:\/\/api.w.org\/{rel}","templated":true}]}}