{"id":29629,"date":"2020-12-04T14:56:52","date_gmt":"2020-12-04T12:56:52","guid":{"rendered":"https:\/\/www.greenpeace.org\/poland\/?p=29629"},"modified":"2020-12-10T20:48:53","modified_gmt":"2020-12-10T18:48:53","slug":"ruchy-wlaczace-na-rzecz-klimatu-i-walczace-o-prawa-czlowieka-wyjda-na-ulice-przed-szczytem-rady-europejskiej","status":"publish","type":"post","link":"https:\/\/www.greenpeace.org\/poland\/aktualnosci\/29629\/ruchy-wlaczace-na-rzecz-klimatu-i-walczace-o-prawa-czlowieka-wyjda-na-ulice-przed-szczytem-rady-europejskiej\/","title":{"rendered":"Ruchy walcz\u0105ce o klimat i dzia\u0142aj\u0105ce na rzecz praw cz\u0142owieka wyjd\u0105 na ulice przed Szczytem Rady Europejskiej"},"content":{"rendered":"\n<p>M\u0142odzie\u017cowy Strajk Klimatyczny, Extinction Rebellion i Greenpeace oraz inne ruchy klimatyczne wspierane przez Og\u00f3lnopolski Strajk Kobiet og\u0142osi\u0142y dzi\u015b wielk\u0105 mobilizacj\u0119 na rzecz klimatu, praw cz\u0142owieka i lepszej przysz\u0142o\u015bci.&nbsp; Og\u00f3lnopolska akcja odb\u0119dzie si\u0119&nbsp; 9 grudnia o 17.00, na dzie\u0144 przed szczytem Rady Europejskiej. Pod Kancelari\u0105 Premiera wybrzmi g\u0142os m\u0142odych ludzi, zaniepokojonych o swoj\u0105 przysz\u0142o\u015b\u0107 w kontek\u015bcie zbli\u017caj\u0105cego si\u0119 Szczytu Rady Europejskiej (10-11.12). Przez europejskich przyw\u00f3dc\u00f3w omawiane b\u0119d\u0105 kluczowe kwestie dotycz\u0105ce najbli\u017cszych lat polityki Unii Europejskiej, jak bud\u017cet, czy polityka klimatyczna do 2030 roku. Stanowisko Polski i reprezentuj\u0105cego j\u0105 Premiera Mateusza Morawieckiego wci\u0105\u017c nie jest jasne. Niestabilno\u015b\u0107 obecnego systemu politycznego, spo\u0142ecznego i gospodarczego budzi obawy, \u017ce dzia\u0142ania klimatyczne zostan\u0105 od\u0142o\u017cone na bok.<\/p>\n\n<p>W\u015br\u00f3d wielu ruch\u00f3w i organizacji, swoje stanowisko wyg\u0142osi\u0142 M\u0142odzie\u017cowy Strajk Klimatyczny, Greenpeace, Og\u00f3lnopolski Strajk Kobiet i Extinction Rebellion. Dominika Lasota z MSK powiedzia\u0142a, \u017ce ruch wielokrotnie wysy\u0142a\u0142 listy i maile do rz\u0105dz\u0105cych z apelami i pro\u015bbami o spotkanie. Otrzymali je Premier Mateusz Morawiecki, Minister Micha\u0142 Kurtyka oraz wiceminister klimatu i \u015brodowiska Adam Guibourg\u00e9-Czetwerty\u0144ski oraz minister do spraw Unii Europejskiej Konrad Szyma\u0144ski. M\u0142odzi ludzie nie dostali odpowiedzi nawet po tym, jak tysi\u0105cami wyszli na ulic\u0119 w ramach globalnych mobilizacji.&nbsp;<\/p>\n\n<p>Maya Ozbayoglu, M\u0142odzie\u017cowy Strajk Klimatyczny: <em>M\u0142odzi ludzie na ca\u0142ym \u015bwiecie ju\u017c teraz cierpi\u0105 z powodu skutk\u00f3w kryzysu klimatycznego. Nadszed\u0142 czas, aby urzeczywistni\u0107 sprawiedliwo\u015b\u0107 klimatyczn\u0105. Je\u017celi ochrona praw cz\u0142owieka jest fundamentem Unii Europejskiej, musi porzuci\u0107 swoj\u0105 dotychczasow\u0105 \u015bcie\u017ck\u0119 biznesow\u0105 i zbudowa\u0107 system, kt\u00f3ry pozwoli\u0142by chroni\u0107 \u017cycie na naszej planecie. Kryzysu klimatycznego nie mo\u017cna postrzega\u0107 jedynie przez pryzmat za\u0142amania ekologicznego. Musi by\u0107 postrzegany z ca\u0142o\u015bciowej perspektywy &#8211; jako kryzys praw cz\u0142owieka &#8211; i wymaga odpowiedniej reakcji.<\/em><\/p>\n\n<p>M\u0142odzi \u017c\u0105daj\u0105 odpowiedzialnej i odwa\u017cnej walki o przysz\u0142o\u015b\u0107, a nie op\u00f3\u017aniania realizacji polityki klimatycznej oraz wetowania praworz\u0105dno\u015bci. Wzywaj\u0105 do budowania przysz\u0142o\u015bci opartej na bezpiecze\u0144stwie klimatycznym i prawach cz\u0142owieka. Chc\u0105 natychmiastowych dzia\u0142a\u0144 maj\u0105cych na celu osi\u0105gni\u0119cie neutralno\u015bci klimatycznej i tym samym zatrzymanie wzrostu \u015bredniej rocznej temperatury na poziomie nie wy\u017cszym ni\u017c 1,5\u00b0C (w stosunku do okresu preindustrialnego). Bowiem jest to cel, do kt\u00f3rego zobowi\u0105za\u0142y si\u0119 wszystkie pa\u0144stwa cz\u0142onkowskie Unii Europejskiej, w tym Polska, 5 lat temu podpisuj\u0105c porozumienie paryskie. Zgodnie z nim 2020 mia\u0142 by\u0107 rokiem znacz\u0105cych zmian oraz ambitniejszej polityki klimatycznej. M\u0142odzie\u017c apeluje wi\u0119c, by te obietnice zosta\u0142y dotrzymane.<\/p>\n\n<p>Katarzyna Guzek, Greenpeace Polska: <em>Mija pi\u0119\u0107 lat od zawarcia porozumienia paryskiego pod kt\u00f3rym podpisa\u0142a si\u0119 Polska a wci\u0105\u017c stoimy u progu katastrofy klimatycznej. Dlatego potrzebujemy rewolucyjnych zmian w naszym podej\u015bciu do polityki spo\u0142eczno-gospodarczej i transformacji w kierunku neutralno\u015bci klimatycznej. Pierwszym krokiem jaki powinien podj\u0105\u0107 rz\u0105d musi by\u0107 wyznaczenie daty odej\u015bcia do w\u0119gla do 2030 roku a w kolejnej dekadzie rezygnacja ze spalania pozosta\u0142ych paliw kopalnych<\/em>.<\/p>\n\n<p>Wobec tego, 9 grudnia strajkuj\u0105cy zaapeluj\u0105 do polskiego rz\u0105du i przyw\u00f3dc\u00f3w Unii Europejskiej, by podj\u0119li wsp\u00f3ln\u0105 i adekwatn\u0105 do skali wyzwania walk\u0119 o lepsze jutro dla wszystkich mieszka\u0144c\u00f3w naszej planety.&nbsp;<\/p>\n\n<p>Marta Lempart, Og\u00f3lnopolski Strajk Kobiet: <em>Przysz\u0142otygodniowy szczyt Rady Europejskiej to nie jest kwestia walki politycznej wewn\u0105trz polskiej koalicji rz\u0105dz\u0105cej, kt\u00f3ra to walka przenios\u0142a si\u0119 na poziom mi\u0119dzynarodowy. To jest kwestia przysz\u0142o\u015bci &#8211; i to nawet nie naszej, czyli pokolenia 40-latk\u00f3w, ale tej m\u0142odzie\u017cy, spo\u015br\u00f3d kt\u00f3rej 29% bierze udzia\u0142 w protestach, kt\u00f3re rozpocz\u0119\u0142y si\u0119 22 pa\u017adziernika. Dlatego to ta m\u0142odzie\u017c ma teraz g\u0142os i to ona zajmuje stanowisko w imieniu nas wszystkich.<\/em>&nbsp;<\/p>\n\n<p>Podczas konferencji prasowej, zaapelowano do ruch\u00f3w i organizacji z ca\u0142ej Unii Europejskiej dzia\u0142aj\u0105cych na rzecz klimatu oraz praw cz\u0142owieka, by przy\u0142\u0105czyli si\u0119 do m\u0142odych podczas mobilizacji. Dla os\u00f3b nieobecnych na wydarzeniu jest mo\u017cliwo\u015b\u0107 okazania solidarno\u015bci wstawiaj\u0105c tego dnia zdj\u0119cia z hashtagiem #WszyscyDlaPrzysz\u0142o\u015bci, #ClimateActionBeyondBorders na mediach spo\u0142eczno\u015bciowych.<\/p>\n\n<p><strong><a href=\"http:\/\/Spacer dla przysz\u0142o\u015bci\">Spacer dla przysz\u0142o\u015bci<\/a><\/strong><\/p>\n\n<p><strong>KIEDY: 9 grudnia, godz. 17:00<\/strong><\/p>\n\n<p><strong>GDZIE: Warszawa, Kancelaria Prezesa Rady Ministr\u00f3w, al. Ujazdowskie 1\/3<\/strong><\/p>\n\n<p><strong>KTO: ruchy i organizacje klimatyczne, Og\u00f3lnopolski Strajk Kobiet<\/strong><\/p>\n\n<div class=\"wp-block-file\"><a href=\"https:\/\/www.greenpeace.org\/static\/planet4-poland-stateless\/ddeedb46-apel-do-ruch\u00d3w-i-organizacji-o-solidarn\u0104-mobilizacj\u0118-na-rzecz-klimatu-i-praw-cz\u0141owieka.pdf\"><strong>Apel do ruch\u00f3w i organizacji o solidarn\u0105 mobilizacj\u0119 na rzecz klimatu i praw cz\u0142owieka<\/strong><\/a><\/div>\n","protected":false},"excerpt":{"rendered":"<p>M\u0142odzie\u017cowy Strajk Klimatyczny, Extinction Rebellion i Greenpeace oraz inne ruchy klimatyczne wspierane przez Og\u00f3lnopolski Strajk Kobiet og\u0142osi\u0142y dzi\u015b wielk\u0105 mobilizacj\u0119 na rzecz klimatu, praw cz\u0142owieka i lepszej przysz\u0142o\u015bci.&nbsp; Og\u00f3lnopolska akcja&hellip;<\/p>\n","protected":false},"author":32,"featured_media":29464,"comment_status":"closed","ping_status":"open","sticky":false,"template":"","format":"standard","meta":{"ep_exclude_from_search":false,"p4_og_title":"","p4_og_description":"","p4_og_image":"","p4_og_image_id":"","p4_seo_canonical_url":"","p4_campaign_name":"not set","p4_local_project":"not set","p4_basket_name":"not set","p4_department":"","footnotes":""},"categories":[33,2],"tags":[6,24,31],"p4-page-type":[14],"class_list":["post-29629","post","type-post","status-publish","format-standard","has-post-thumbnail","hentry","category-greenpeace","category-klimat-energia","tag-klimat","tag-aktywizm","tag-demokracjaiprawaczlowieka","p4-page-type-aktualnosci"],"_links":{"self":[{"href":"https:\/\/www.greenpeace.org\/poland\/wp-json\/wp\/v2\/posts\/29629","targetHints":{"allow":["GET"]}}],"collection":[{"href":"https:\/\/www.greenpeace.org\/poland\/wp-json\/wp\/v2\/posts"}],"about":[{"href":"https:\/\/www.greenpeace.org\/poland\/wp-json\/wp\/v2\/types\/post"}],"author":[{"embeddable":true,"href":"https:\/\/www.greenpeace.org\/poland\/wp-json\/wp\/v2\/users\/32"}],"replies":[{"embeddable":true,"href":"https:\/\/www.greenpeace.org\/poland\/wp-json\/wp\/v2\/comments?post=29629"}],"version-history":[{"count":5,"href":"https:\/\/www.greenpeace.org\/poland\/wp-json\/wp\/v2\/posts\/29629\/revisions"}],"predecessor-version":[{"id":29652,"href":"https:\/\/www.greenpeace.org\/poland\/wp-json\/wp\/v2\/posts\/29629\/revisions\/29652"}],"wp:featuredmedia":[{"embeddable":true,"href":"https:\/\/www.greenpeace.org\/poland\/wp-json\/wp\/v2\/media\/29464"}],"wp:attachment":[{"href":"https:\/\/www.greenpeace.org\/poland\/wp-json\/wp\/v2\/media?parent=29629"}],"wp:term":[{"taxonomy":"category","embeddable":true,"href":"https:\/\/www.greenpeace.org\/poland\/wp-json\/wp\/v2\/categories?post=29629"},{"taxonomy":"post_tag","embeddable":true,"href":"https:\/\/www.greenpeace.org\/poland\/wp-json\/wp\/v2\/tags?post=29629"},{"taxonomy":"p4-page-type","embeddable":true,"href":"https:\/\/www.greenpeace.org\/poland\/wp-json\/wp\/v2\/p4-page-type?post=29629"}],"curies":[{"name":"wp","href":"https:\/\/api.w.org\/{rel}","templated":true}]}}