{"id":29869,"date":"2021-03-19T08:55:30","date_gmt":"2021-03-19T06:55:30","guid":{"rendered":"https:\/\/www.greenpeace.org\/poland\/?p=29869"},"modified":"2025-07-10T12:35:03","modified_gmt":"2025-07-10T10:35:03","slug":"w-sprawie-wegla-sasin-klamie-jak-z-nut","status":"publish","type":"post","link":"https:\/\/www.greenpeace.org\/poland\/aktualnosci\/29869\/w-sprawie-wegla-sasin-klamie-jak-z-nut\/","title":{"rendered":"W sprawie w\u0119gla Sasin k\u0142amie jak z nut"},"content":{"rendered":"\n<p><strong>Dzisiejszej nocy na ch\u0142odni kominowej elektrowni Opole aktywi\u015bci Greenpeace wy\u015bwietlili napis \u201cSasin k\u0142amie jak z nut\u201d. W ten spos\u00f3b krytykuj\u0105 polityk\u0119 ministra Jacka Sasina wobec pracownik\u00f3w sektora energetycznego i g\u00f3rniczego. Szef resortu aktyw\u00f3w pa\u0144stwowych doskonale zdaje sobie spraw\u0119 z tego, \u017ce wydobycie w\u0119gla do po\u0142owy wieku jest nierealne, a podlegli mu urz\u0119dnicy sk\u0142adaj\u0105 obietnice, kt\u00f3rych nie da si\u0119 zrealizowa\u0107.&nbsp;<\/strong><\/p>\n\n<p>\u2013 Jacek Sasin i jego podw\u0142adni, w\u015br\u00f3d nich Artur Sobo\u0144, k\u0142ami\u0105 jak z nut m\u00f3wi\u0105c, \u017ce wydobycie w\u0119gla w Polsce uda si\u0119 utrzyma\u0107 do 2049 r. W obecnych warunkach produkcja energii z w\u0119gla, nawet w najnowszych elektrowniach, jak ta w Opolu nale\u017c\u0105ca do PGE, b\u0119dzie nieop\u0142acalna po 2030 roku. Subsydiowanie g\u00f3rnictwa do po\u0142owy wieku by\u0142oby te\u017c niezgodne z prawem unijnym. Chyba \u017ce minister zak\u0142ada nielegalne finansowanie wydobycia w\u0119gla i wyj\u015bcie z UE. Nie zdziwi\u0119 si\u0119, je\u015bli nied\u0142ugo Jacek Sasin lub Artur Sobo\u0144 obiecaj\u0105, \u017ce aby utrzyma\u0107 zatrudnienie w g\u00f3rnictwie, wydobywany do 2049 r. w\u0119giel zaczniemy z powrotem zakopywa\u0107 \u2013 powiedzia\u0142 Pawe\u0142 Szypulski, dyrektor Greenpeace Polska.&nbsp;<\/p>\n\n<p>Na pocz\u0105tku tygodnia Jacek Sasin zosta\u0142 og\u0142oszony <a href=\"https:\/\/www.greenpeace.org\/poland\/aktualnosci\/29860\/kryzys-klimatyczny-no-i-chj-jackowi-sasinowi-przekazano-nagrode-czlowieka-roku\/\">Cz\u0142owiekiem Roku<\/a> Instytutu Sztuki i Rozwoju. Z\u0142ot\u0105 statuetk\u0119 uzyska\u0142 za efektywne wdra\u017canie strategii \u201cNo i Ch*j\u201d, kt\u00f3ra \u0142\u0105czy pozorne wyra\u017canie troski o kryzys klimatyczny z brakiem dzia\u0142a\u0144 na rzecz ochrony klimatu. Z kolei w \u015brod\u0119 aktywistki i aktywi\u015bci Greenpeace weszli na teren kopalni odkrywkowej Tur\u00f3w, nale\u017c\u0105cej do PGE, gdzie wspi\u0119li si\u0119 na olbrzymi\u0105 kopark\u0119 domagaj\u0105c si\u0119 odej\u015bcia Polski od w\u0119gla do 2030 roku. W czwartek kolejna grupa os\u00f3b dzia\u0142aj\u0105cych na rzecz klimatu odwiedzi\u0142a ministerstwo aktyw\u00f3w pa\u0144stwowych, by wr\u0119czy\u0107 ministrowi Sasinowi dyplom Cz\u0142owieka Roku Instytutu Sztuki i Rozwoju.&nbsp;<\/p>\n\n<p>\u2013 Na Jacku Sasinie, kt\u00f3ry nadzoruje pa\u0144stwowe koncerny g\u00f3rnicze i energetyczne, takie jak PGE, ci\u0105\u017cy szczeg\u00f3lna odpowiedzialno\u015b\u0107. Spo\u0142eczno\u015bci, kt\u00f3rych funkcjonowanie zale\u017cy od wydobycia i spalania w\u0119gla, pilnie potrzebuj\u0105 uczciwej rozmowy i realnego planu sprawiedliwej transformacji, przyjmuj\u0105cego za dat\u0119 odej\u015bcia od w\u0119gla najp\u00f3\u017aniej rok 2030 \u2013 powiedzia\u0142a Joanna Flisowska, szefowa zespo\u0142u klimat i energia w Greenpeace Polska.&nbsp;<\/p>\n<div data-render=\"planet4-blocks\/gallery\" data-attributes=\"{&quot;attributes&quot;:{&quot;gallery_block_style&quot;:0,&quot;gallery_block_title&quot;:&quot;&quot;,&quot;gallery_block_description&quot;:&quot;&quot;,&quot;multiple_image&quot;:&quot;&quot;,&quot;gallery_block_focus_points&quot;:&quot;&quot;,&quot;image_data&quot;:[],&quot;images&quot;:[]}}\"><\/div>\n<p>Zobacz:<a href=\"https:\/\/www.greenpeace.org\/poland\/aktualnosci\/29832\/kryzys-klimatyczny-no-i-chj-wielki-transparent-greenpeace-w-odkrywce-turow\/\"> Protest w odkrywce Tur\u00f3w<\/a><\/p>\n\n<p>Zobacz:<a href=\"https:\/\/www.greenpeace.org\/poland\/aktualnosci\/29860\/kryzys-klimatyczny-no-i-chj-jackowi-sasinowi-przekazano-nagrode-czlowieka-roku\/\"> Jackowi Sasinowi przyznano nagrod\u0119 Cz\u0142owieka Roku za strategi\u0119 &#8222;No i ch*j&#8221;<\/a><\/p>\n\t\t\t<section\n\t\t\tclass=\"boxout  \"\n\t\t\t\n\t\t>\n\t\t\t<a\n\t\t\t\tdata-ga-category=\"Take Action Boxout\"\n\t\t\t\tdata-ga-action=\"Image\"\n\t\t\t\tdata-ga-label=\"n\/a\"\n\t\t\t\tclass=\"cover-card-overlay\"\n\t\t\t\thref=\"https:\/\/act.greenpeace.org\/page\/44482\/subscribe\/1\" \n\t\t\t><\/a>\n\t\t\t\t\t\t\t<img\n\t\t\t\t\t\tsrc=\"https:\/\/www.greenpeace.org\/static\/planet4-poland-stateless\/2021\/03\/12adc1bd-gp1suxl3-683x1024.jpg\"\n\t\t\t\t\t\tsrcset=\"https:\/\/www.greenpeace.org\/static\/planet4-poland-stateless\/2021\/03\/12adc1bd-gp1suxl3-200x300.jpg 200w, https:\/\/www.greenpeace.org\/static\/planet4-poland-stateless\/2021\/03\/12adc1bd-gp1suxl3-683x1024.jpg 683w, https:\/\/www.greenpeace.org\/static\/planet4-poland-stateless\/2021\/03\/12adc1bd-gp1suxl3-768x1152.jpg 768w, https:\/\/www.greenpeace.org\/static\/planet4-poland-stateless\/2021\/03\/12adc1bd-gp1suxl3-227x340.jpg 227w, https:\/\/www.greenpeace.org\/static\/planet4-poland-stateless\/2021\/03\/12adc1bd-gp1suxl3.jpg 800w\"\n\t\t\t\t\t\tsizes=\"(min-width: 1000px) 358px, (min-width: 780px) 313px, 88px\"\n\t\t\t\t\t\talt=\"Action at the Turow Open Pit Mine in Poland. \u00a9 Max Zielinski \/ Greenpeace\" title=\"Action at the Turow Open Pit Mine in Poland. \u00a9 Max Zielinski \/ Greenpeace\"\n\t\t\t\t\/>\n            \t\t\t<div class=\"boxout-content\">\n\t\t\t\t\t\t\t\t\t<a\n\t\t\t\t\t\tclass=\"boxout-heading medium\"\n\t\t\t\t\t\tdata-ga-category=\"Take Action Boxout\"\n\t\t\t\t\t\tdata-ga-action=\"Title\"\n\t\t\t\t\t\tdata-ga-label=\"n\/a\"\n\t\t\t\t\t\thref=\"https:\/\/act.greenpeace.org\/page\/44482\/subscribe\/1\"\n\t\t\t\t\t\t\n\t\t\t\t\t>\n\t\t\t\t\t\tDzia\u0142aj z nami dla klimatu!\n\t\t\t\t\t<\/a>\n\t\t\t\t\t\t\t\t\t\t\t\t\t<p class=\"boxout-excerpt\">Masz do\u015b\u0107 bierno\u015bci wobec nadchodz\u0105ce katastrofy klimatycznej? Do\u0142\u0105cz do naszych aktywistek i aktywist\u00f3w!<\/p>\n\t\t\t\t                                    <a\n                        class=\"btn btn-primary\"\n                        data-ga-category=\"Take Action Boxout\"\n                        data-ga-action=\"Call to Action\"\n                        data-ga-label=\"n\/a\"\n                        href=\"https:\/\/act.greenpeace.org\/page\/44482\/subscribe\/1\"\n                        \n                    >\n                        Do\u0142\u0105czam!\n                    <\/a>\n                \t\t\t<\/div>\n\t\t\t\t\t<\/section>\n\t","protected":false},"excerpt":{"rendered":"<p>Dzisiejszej nocy na ch\u0142odni kominowej elektrowni Opole aktywi\u015bci Greenpeace wy\u015bwietlili napis \u201cSasin k\u0142amie jak z nut\u201d. W ten spos\u00f3b krytykuj\u0105 polityk\u0119 ministra Jacka Sasina wobec pracownik\u00f3w sektora energetycznego i g\u00f3rniczego.&hellip;<\/p>\n","protected":false},"author":32,"featured_media":29870,"comment_status":"closed","ping_status":"open","sticky":false,"template":"","format":"standard","meta":{"ep_exclude_from_search":false,"p4_og_title":"","p4_og_description":"","p4_og_image":"","p4_og_image_id":"","p4_seo_canonical_url":"","p4_campaign_name":"not set","p4_local_project":"not set","p4_basket_name":"not set","p4_department":"","footnotes":""},"categories":[2],"tags":[6,18,24],"p4-page-type":[14],"class_list":["post-29869","post","type-post","status-publish","format-standard","has-post-thumbnail","hentry","category-klimat-energia","tag-klimat","tag-wegiel","tag-aktywizm","p4-page-type-aktualnosci"],"_links":{"self":[{"href":"https:\/\/www.greenpeace.org\/poland\/wp-json\/wp\/v2\/posts\/29869","targetHints":{"allow":["GET"]}}],"collection":[{"href":"https:\/\/www.greenpeace.org\/poland\/wp-json\/wp\/v2\/posts"}],"about":[{"href":"https:\/\/www.greenpeace.org\/poland\/wp-json\/wp\/v2\/types\/post"}],"author":[{"embeddable":true,"href":"https:\/\/www.greenpeace.org\/poland\/wp-json\/wp\/v2\/users\/32"}],"replies":[{"embeddable":true,"href":"https:\/\/www.greenpeace.org\/poland\/wp-json\/wp\/v2\/comments?post=29869"}],"version-history":[{"count":6,"href":"https:\/\/www.greenpeace.org\/poland\/wp-json\/wp\/v2\/posts\/29869\/revisions"}],"predecessor-version":[{"id":37379,"href":"https:\/\/www.greenpeace.org\/poland\/wp-json\/wp\/v2\/posts\/29869\/revisions\/37379"}],"wp:featuredmedia":[{"embeddable":true,"href":"https:\/\/www.greenpeace.org\/poland\/wp-json\/wp\/v2\/media\/29870"}],"wp:attachment":[{"href":"https:\/\/www.greenpeace.org\/poland\/wp-json\/wp\/v2\/media?parent=29869"}],"wp:term":[{"taxonomy":"category","embeddable":true,"href":"https:\/\/www.greenpeace.org\/poland\/wp-json\/wp\/v2\/categories?post=29869"},{"taxonomy":"post_tag","embeddable":true,"href":"https:\/\/www.greenpeace.org\/poland\/wp-json\/wp\/v2\/tags?post=29869"},{"taxonomy":"p4-page-type","embeddable":true,"href":"https:\/\/www.greenpeace.org\/poland\/wp-json\/wp\/v2\/p4-page-type?post=29869"}],"curies":[{"name":"wp","href":"https:\/\/api.w.org\/{rel}","templated":true}]}}