{"id":29992,"date":"2021-04-09T14:36:22","date_gmt":"2021-04-09T12:36:22","guid":{"rendered":"https:\/\/www.greenpeace.org\/poland\/?p=29992"},"modified":"2021-04-09T14:38:11","modified_gmt":"2021-04-09T12:38:11","slug":"sad-przyznal-racje-greenpeace-ze-pak-musi-przestac-truc-rtecia","status":"publish","type":"post","link":"https:\/\/www.greenpeace.org\/poland\/aktualnosci\/29992\/sad-przyznal-racje-greenpeace-ze-pak-musi-przestac-truc-rtecia\/","title":{"rendered":"S\u0105d przyzna\u0142 racj\u0119 Greenpeace. ZE PAK musi przesta\u0107 tru\u0107 rt\u0119ci\u0105"},"content":{"rendered":"\n<p><strong>Wojew\u00f3dzki S\u0105d Administracyjny w Warszawie uchyli\u0142 decyzj\u0119 Ministra Klimatu utrzymuj\u0105c\u0105 odst\u0119pstwo od przepis\u00f3w ochrony powietrza dla koncernu ZE PAK. S\u0105d przyzna\u0142 racj\u0119 Fundacji Greenpeace Polska, kt\u00f3ra z\u0142o\u017cy\u0142a skarg\u0119 na decyzj\u0119 Ministra Klimatu i \u015arodowiska Micha\u0142a Kurtyki. Wyrok s\u0105du jest szans\u0105 na zdrowsze powietrze dla nas wszystkich &#8211; komentuje organizacja.&nbsp;<\/strong><\/p>\n\n<p>&#8211; Cieszymy si\u0119, \u017ce s\u0105d stan\u0105\u0142 po stronie ochrony zdrowia Polek i Polak\u00f3w. Liczymy, \u017ce koncern ZE PAK jak najszybciej zmodernizuje swoje instalacje w elektrowni P\u0105tn\u00f3w II. Przez lata wskazywali\u015bmy, \u017ce koncern powinien korzysta\u0107 z najlepszych dost\u0119pnych technologii, \u017ceby ograniczy\u0107 sw\u00f3j negatywny wp\u0142yw na \u015brodowisko i na zdrowie mieszka\u0144c\u00f3w &#8211; komentuje Piotr W\u00f3jcik, analityk rynku energetycznego Greenpeace Polska.&nbsp;<\/p>\n\n<p>Obowi\u0105zek stosowania najlepszych dost\u0119pnych technologii przez elektrownie w\u0119glowe wynika z przepis\u00f3w unijnych, tzw. konkluzji BAT. Marsza\u0142ek Wojew\u00f3dztwa Wielkopolskiego Marek Wo\u017aniak przyzna\u0142 elektrowni P\u0105tn\u00f3w II odst\u0119pstwo od przepis\u00f3w wprowadzaj\u0105cych bardziej rygorystyczne standardy dotycz\u0105ce emisji szkodliwych dla zdrowia zanieczyszcze\u0144 powietrza: tlenk\u00f3w azotu, dwutlenku siarki, py\u0142u oraz rt\u0119ci na okres trzech lat \u2013 od sierpnia 2021 do sierpnia 2024 roku. Na skutek decyzji marsza\u0142ka &#8211; utrzymanej przez ministra klimatu &#8211; do powietrza mo\u017ce dosta\u0107 si\u0119 m.in. dodatkowe 150 kilogram\u00f3w rt\u0119ci (czyli tyle ile znajduje si\u0119 w ponad 200 tysi\u0105cach termometr\u00f3w starego typu), kt\u00f3rym zgodnie z przepisami sp\u00f3\u0142ka ZE PAK powinna zapobiec, stosuj\u0105c lepsze technologie ochrony \u015brodowiska.<\/p>\n\n<p>&#8211; Sp\u00f3\u0142ka Zygmunta Solorza-\u017baka nie mo\u017ce szuka\u0107 oszcz\u0119dno\u015bci kosztem naszego zdrowia. Liczymy na to, \u017ce decyzja s\u0105du u\u015bwiadomi szefostwu koncernu, \u017ce zdrowie Polek i Polak\u00f3w powinno zawsze by\u0107 najwa\u017cniejsze, a energetyka w\u0119glowa nie ma przysz\u0142o\u015bci. ZE PAK powinien przyspieszy\u0107 swoj\u0105 transformacj\u0119 w kierunku odnawialnych \u017ar\u00f3de\u0142 energii. Przy odpowiedniej polityce koncernu i dobremu wykorzystaniu \u015brodk\u00f3w unijnych, Wielkopolska Wschodnia ma szans\u0119 sta\u0107 si\u0119 regionem g\u00f3rniczym, kt\u00f3ry z sukcesem przejdzie przez proces sprawiedliwej transformacji energetycznej &#8211; dodaje Piotr W\u00f3jcik z Greenpeace.&nbsp;<\/p>\n","protected":false},"excerpt":{"rendered":"<p>Wojew\u00f3dzki S\u0105d Administracyjny w Warszawie uchyli\u0142 decyzj\u0119 Ministra Klimatu utrzymuj\u0105c\u0105 odst\u0119pstwo od przepis\u00f3w ochrony powietrza dla koncernu ZE PAK. S\u0105d przyzna\u0142 racj\u0119 Fundacji Greenpeace Polska, kt\u00f3ra z\u0142o\u017cy\u0142a skarg\u0119 na decyzj\u0119&hellip;<\/p>\n","protected":false},"author":45,"featured_media":28565,"comment_status":"closed","ping_status":"open","sticky":false,"template":"","format":"standard","meta":{"ep_exclude_from_search":false,"p4_og_title":"","p4_og_description":"","p4_og_image":"","p4_og_image_id":"","p4_seo_canonical_url":"","p4_campaign_name":"not set","p4_local_project":"not set","p4_basket_name":"not set","p4_department":"","footnotes":""},"categories":[2],"tags":[6,18,25,26],"p4-page-type":[14],"class_list":["post-29992","post","type-post","status-publish","format-standard","has-post-thumbnail","hentry","category-klimat-energia","tag-klimat","tag-wegiel","tag-paliwakopalne","tag-ochrona-przyrody","p4-page-type-aktualnosci"],"_links":{"self":[{"href":"https:\/\/www.greenpeace.org\/poland\/wp-json\/wp\/v2\/posts\/29992","targetHints":{"allow":["GET"]}}],"collection":[{"href":"https:\/\/www.greenpeace.org\/poland\/wp-json\/wp\/v2\/posts"}],"about":[{"href":"https:\/\/www.greenpeace.org\/poland\/wp-json\/wp\/v2\/types\/post"}],"author":[{"embeddable":true,"href":"https:\/\/www.greenpeace.org\/poland\/wp-json\/wp\/v2\/users\/45"}],"replies":[{"embeddable":true,"href":"https:\/\/www.greenpeace.org\/poland\/wp-json\/wp\/v2\/comments?post=29992"}],"version-history":[{"count":1,"href":"https:\/\/www.greenpeace.org\/poland\/wp-json\/wp\/v2\/posts\/29992\/revisions"}],"predecessor-version":[{"id":29993,"href":"https:\/\/www.greenpeace.org\/poland\/wp-json\/wp\/v2\/posts\/29992\/revisions\/29993"}],"wp:featuredmedia":[{"embeddable":true,"href":"https:\/\/www.greenpeace.org\/poland\/wp-json\/wp\/v2\/media\/28565"}],"wp:attachment":[{"href":"https:\/\/www.greenpeace.org\/poland\/wp-json\/wp\/v2\/media?parent=29992"}],"wp:term":[{"taxonomy":"category","embeddable":true,"href":"https:\/\/www.greenpeace.org\/poland\/wp-json\/wp\/v2\/categories?post=29992"},{"taxonomy":"post_tag","embeddable":true,"href":"https:\/\/www.greenpeace.org\/poland\/wp-json\/wp\/v2\/tags?post=29992"},{"taxonomy":"p4-page-type","embeddable":true,"href":"https:\/\/www.greenpeace.org\/poland\/wp-json\/wp\/v2\/p4-page-type?post=29992"}],"curies":[{"name":"wp","href":"https:\/\/api.w.org\/{rel}","templated":true}]}}