{"id":30101,"date":"2021-05-25T18:59:59","date_gmt":"2021-05-25T16:59:59","guid":{"rendered":"https:\/\/www.greenpeace.org\/poland\/?p=30101"},"modified":"2021-05-25T19:00:02","modified_gmt":"2021-05-25T17:00:02","slug":"polska-popiera-neutralnosc-klimatyczna-ue-ale","status":"publish","type":"post","link":"https:\/\/www.greenpeace.org\/poland\/aktualnosci\/30101\/polska-popiera-neutralnosc-klimatyczna-ue-ale\/","title":{"rendered":"Polska popiera neutralno\u015b\u0107 klimatyczn\u0105 UE, ale&#8230;"},"content":{"rendered":"\n<p>Podczas dzisiejszego posiedzenia Rady Europejskiej na konferencji prasowej przewodnicz\u0105ca Komisji Europejskiej, Ursula von der Leyen potwierdzi\u0142a, \u017ce \u017caden kraj UE nie kwestionuje ju\u017c unijnego celu osi\u0105gni\u0119cia neutralno\u015bci klimatycznej do 2050 roku. Powinni\u015bmy zatem og\u0142osi\u0107 sukces i cieszy\u0107 si\u0119 z tego faktu, \u017ce Polska przesta\u0142a by\u0107 w ko\u0144cu jedynym krajem, kt\u00f3ry nie podpisa\u0142 si\u0119 pod celem UE. Jednak w praktyce na szczycie zosta\u0142o potwierdzone co\u015b, co powinno by\u0107 oczywiste od samego pocz\u0105tku. Polski rz\u0105d niepotrzebnie marnowa\u0142 czas, realnie deprecjonowa\u0142 swoj\u0105 pozycj\u0119 na mi\u0119dzynarodowej arenie politycznej. Co wi\u0119cej, o\u015bli up\u00f3r rz\u0105du po\u0142o\u017cy\u0142 na szali unijne fundusze \u2013 gdyby rz\u0105d formalnie nie potwierdzi\u0142, \u017ce zgadza si\u0119 z unijnym celem osi\u0105gni\u0119cia neutralno\u015bci klimatycznej do roku 2050, polskie regiony w\u0119glowe mog\u0142yby straci\u0107 po\u0142ow\u0119 \u015brodk\u00f3w z Funduszu Sprawiedliwej Transformacji &nbsp;\u2013 komentuje Anna Ogniewska z Greenpeace Polska, ekspertka Koalicji Klimatycznej.<\/p>\n\n<p>Niestety, premier Morawiecki nadal robi wszystko by nadw\u0105tla\u0107 ten wizerunek z jednej strony akceptuj\u0105c konkluzje Rady, a z drugiej \u2013 planuj\u0105c&nbsp; spotkanie z szefow\u0105 KE po\u015bwi\u0119cone zastrze\u017ceniom Polski wobec nowych cel\u00f3w klimatycznych i ich realizacji. Zamiast pozytywnie m\u00f3wi\u0107 o szukaniu rozwi\u0105za\u0144, m\u00f3wi o zagro\u017ceniach i obiekcjach \u2013 to nie jest najbardziej skuteczna postawa negocjacyjna.<\/p>\n\n<p>Dodatkowo, ze szczytem zbieg\u0142a si\u0119 decyzja Trybuna\u0142 Sprawiedliwo\u015bci Unii Europejskiej (TSUE) dotycz\u0105ca skargi Republiki Czeskiej dotycz\u0105cej negatywnego wp\u0142ywu kopalni na rejony przygraniczne. 21 maja br. Trybuna\u0142 podj\u0105\u0142 decyzj\u0119 o zastosowaniu \u015brodka zabezpieczaj\u0105cego w postaci nakazu natychmiastowego wstrzymania pracy odkrywki w\u0119gla brunatnego Tur\u00f3w. Przy okazji szczytu, przedstawiciele strony polskiej i czeskiej prowadzili rozmowy maj\u0105ce na celu rozwi\u0105zanie sytuacji kryzysowej, kt\u00f3re przeplatane by\u0142y sprzecznymi ze sob\u0105 wypowiedziami premier\u00f3w obu pa\u0144stw.&nbsp;<\/p>\n\n<p>Oba te przypadki obna\u017caj\u0105 nieudolno\u015b\u0107 i chaotyczno\u015b\u0107 polskiej polityki klimatycznej i energetycznej oraz nonszalanckie bagatelizowanie problem\u00f3w. Zamiast realnie w\u0142\u0105czy\u0107 si\u0119 w unijn\u0105 polityk\u0119 klimatyczn\u0105 od samego pocz\u0105tku i szuka\u0107 jak najlepszych rozwi\u0105za\u0144 dla Polski i jej obywateli, konieczne by\u0142y sprzeciwy i przek\u0142adanie formalnego potwierdzenia do momentu kiedy ju\u017c nie by\u0142o wyj\u015bcia. Zamiast wyj\u015b\u0107 naprzeciw \u017c\u0105daniom strony czeskiej, doprowadzono do sytuacji krytycznej, kt\u00f3ra mog\u0142aby doprowadzi\u0107 do dramatycznych konsekwencji dla regionu i jego mieszka\u0144c\u00f3w. Polski rz\u0105d wci\u0105\u017c zaj\u0119ty jest panicznym gaszeniem ognia, kt\u00f3ry co rusz si\u0119 pojawia, zamiast ugasi\u0107 prawdziwe \u017ar\u00f3d\u0142o po\u017caru, kt\u00f3rym jest brak daty odej\u015bcia Polski od w\u0119gla i brak planu transformacji energetycznej &nbsp;\u2013 dodaje Anna Ogniewska. &nbsp;<\/p>\n","protected":false},"excerpt":{"rendered":"<p>Podczas dzisiejszego posiedzenia Rady Europejskiej na konferencji prasowej przewodnicz\u0105ca Komisji Europejskiej, Ursula von der Leyen potwierdzi\u0142a, \u017ce \u017caden kraj UE nie kwestionuje ju\u017c unijnego celu osi\u0105gni\u0119cia neutralno\u015bci klimatycznej do 2050&hellip;<\/p>\n","protected":false},"author":25,"featured_media":29305,"comment_status":"closed","ping_status":"open","sticky":false,"template":"","format":"standard","meta":{"ep_exclude_from_search":false,"p4_og_title":"","p4_og_description":"","p4_og_image":"","p4_og_image_id":"","p4_seo_canonical_url":"","p4_campaign_name":"not set","p4_local_project":"not set","p4_basket_name":"not set","p4_department":"","footnotes":""},"categories":[2],"tags":[6,18,25],"p4-page-type":[14],"class_list":["post-30101","post","type-post","status-publish","format-standard","has-post-thumbnail","hentry","category-klimat-energia","tag-klimat","tag-wegiel","tag-paliwakopalne","p4-page-type-aktualnosci"],"_links":{"self":[{"href":"https:\/\/www.greenpeace.org\/poland\/wp-json\/wp\/v2\/posts\/30101","targetHints":{"allow":["GET"]}}],"collection":[{"href":"https:\/\/www.greenpeace.org\/poland\/wp-json\/wp\/v2\/posts"}],"about":[{"href":"https:\/\/www.greenpeace.org\/poland\/wp-json\/wp\/v2\/types\/post"}],"author":[{"embeddable":true,"href":"https:\/\/www.greenpeace.org\/poland\/wp-json\/wp\/v2\/users\/25"}],"replies":[{"embeddable":true,"href":"https:\/\/www.greenpeace.org\/poland\/wp-json\/wp\/v2\/comments?post=30101"}],"version-history":[{"count":1,"href":"https:\/\/www.greenpeace.org\/poland\/wp-json\/wp\/v2\/posts\/30101\/revisions"}],"predecessor-version":[{"id":30102,"href":"https:\/\/www.greenpeace.org\/poland\/wp-json\/wp\/v2\/posts\/30101\/revisions\/30102"}],"wp:featuredmedia":[{"embeddable":true,"href":"https:\/\/www.greenpeace.org\/poland\/wp-json\/wp\/v2\/media\/29305"}],"wp:attachment":[{"href":"https:\/\/www.greenpeace.org\/poland\/wp-json\/wp\/v2\/media?parent=30101"}],"wp:term":[{"taxonomy":"category","embeddable":true,"href":"https:\/\/www.greenpeace.org\/poland\/wp-json\/wp\/v2\/categories?post=30101"},{"taxonomy":"post_tag","embeddable":true,"href":"https:\/\/www.greenpeace.org\/poland\/wp-json\/wp\/v2\/tags?post=30101"},{"taxonomy":"p4-page-type","embeddable":true,"href":"https:\/\/www.greenpeace.org\/poland\/wp-json\/wp\/v2\/p4-page-type?post=30101"}],"curies":[{"name":"wp","href":"https:\/\/api.w.org\/{rel}","templated":true}]}}