{"id":30443,"date":"2021-08-31T09:59:30","date_gmt":"2021-08-31T07:59:30","guid":{"rendered":"https:\/\/www.greenpeace.org\/poland\/?p=30443"},"modified":"2023-11-08T16:31:27","modified_gmt":"2023-11-08T14:31:27","slug":"turow-102-dni-od-postanowienia-tsue-czy-polske-czekaja-kary","status":"publish","type":"post","link":"https:\/\/www.greenpeace.org\/poland\/aktualnosci\/30443\/turow-102-dni-od-postanowienia-tsue-czy-polske-czekaja-kary\/","title":{"rendered":"Tur\u00f3w: 102 dni od postanowienia TSUE. Czy Polsk\u0119 czekaj\u0105 kary?"},"content":{"rendered":"\n<p><strong>102 dni po wydaniu przez Trybuna\u0142 Sprawiedliwo\u015bci Unii Europejskiej postanowienia nakazuj\u0105cego wstrzymanie wydobycia w Turowie, kopalnia odkrywkowa nale\u017c\u0105ca do grupy kapita\u0142owej PGE, funkcjonuje bez zmian. Przed\u0142u\u017caj\u0105ce si\u0119 negocjacje mi\u0119dzy rz\u0105dem polskim i czeskim nie przynios\u0142y dot\u0105d \u017cadnych efekt\u00f3w. Czesi jasno sygnalizuj\u0105, \u017ce nie ufaj\u0105 stronie polskiej, po tym jak wielokrotnie przedstawia\u0142a nieprawdziwe informacje i \u0142ama\u0142a obietnice.&nbsp;<\/strong><\/p>\n\n<p>Dok\u0142adnie 102 dni up\u0142yn\u0119\u0142y od momentu, kiedy TSUE wyda\u0142 postanowienie w kt\u00f3rym czytamy: \u201ePolska zostaje zobowi\u0105zana do natychmiastowego zaprzestania wydobycia w\u0119gla brunatnego w kopalni Tur\u00f3w. Podnoszone przez Czechy zarzuty dotycz\u0105ce stanu faktycznego i prawnego uzasadniaj\u0105 zarz\u0105dzenie wnioskowanych \u015brodk\u00f3w tymczasowych&#8221;.&nbsp;<\/p>\n\n<p>Pomimo decyzji TSUE kopalnia w\u0119gla brunatnego Tur\u00f3w nieprzerwanie funkcjonuje. Strona czeska, kt\u00f3ra wnios\u0142a skarg\u0119, zgodzi\u0142a si\u0119 wzi\u0105\u0107 udzia\u0142 w negocjacjach. Informowano, \u017ce je\u015bli Polska spe\u0142ni warunki Czech\u00f3w, skarga zostanie wycofana. Jednak od ponad trzech miesi\u0119cy nie wida\u0107 post\u0119p\u00f3w w tych rozmowach, a rachunek za niedostosowanie si\u0119 do orzeczenia TSUE wci\u0105\u017c ro\u015bnie. Je\u015bli Trybuna\u0142 przychyli si\u0119 do wniosku Czech\u00f3w o na\u0142o\u017cenie kar finansowych na dzie\u0144 dzisiejszy wyni\u00f3s\u0142by on 2,3 miliarda z\u0142otych. Powodem mo\u017ce by\u0107 brak woli porozumienia i otwarto\u015bci ze strony Polski.&nbsp;<\/p>\n\n<p>\u2014 Mamy sygna\u0142y z r\u00f3\u017cnych \u017ar\u00f3de\u0142 polskich i czeskich, \u017ce negocjacje id\u0105 jak po grudzie ze wzgl\u0119du na nierzetelne informacje, kt\u00f3re prezentuje strona polska. To stary zarzut Czech\u00f3w dotycz\u0105cy Turowa. Dlatego ich rz\u0105d domaga si\u0119 twardych gwarancji prawnych i finansowych zanim zgodzi si\u0119 na ewentualne wycofanie wniosku do TSUE \u2014 informuje <strong>Rados\u0142aw Gawlik<\/strong>, prezes stowarzyszenia EKO-UNIA. \u2014 Wisi nad nami astronomiczna kwota przesz\u0142o 6 miliard\u00f3w z\u0142otych kary, kt\u00f3r\u0105 Polska by\u0107 mo\u017ce b\u0119dzie musia\u0142a zap\u0142aci\u0107 za niedostosowanie si\u0119 do orzeczenia TSUE. Mog\u0142aby ona zosta\u0107 przeznaczona na transformacj\u0119 regionu, kt\u00f3ry ju\u017c straci\u0142 setki milion\u00f3w z\u0142otych z unijnego Funduszu Sprawiedliwej Transformacji \u2014 dodaje Gawlik.<\/p>\n\n<p>\u2014 Konflikt wok\u00f3\u0142 Turowa jak w soczewce pokazuje dok\u0105d prowadzi uzale\u017cnienie Polski od spalania paliw kopalnych. Pog\u0142\u0119biaj\u0105cy si\u0119 kryzys klimatyczny wymaga od rz\u0105dz\u0105cych realizacji ambitnej strategii polegaj\u0105cej na odchodzeniu od spalania paliw kopalnych. W\u0119giel musimy przesta\u0107 spala\u0107 ju\u017c w 2030 roku. Wyznaczenie daty odej\u015bcia od w\u0119gla pomo\u017ce regionowi Turoszowskiemu w uzyskaniu wsparcia na sprawiedliw\u0105 transformacj\u0119 i pozwoli na zako\u0144czenie konfliktu z s\u0105siadami \u2014 m\u00f3wi <strong>Anna Meres<\/strong>, koordynatorka kampanii klimatycznych z Greenpeace.<\/p>\n\n<p>Polska do tej pory wci\u0105\u017c nie przyzna\u0142a, \u017ce dzia\u0142alno\u015b\u0107 kopalni Tur\u00f3w ma wp\u0142yw na wody po czeskiej stronie granicy, a budowana przez PGE zapora ma dzia\u0142anie jedynie prewencyjnie. Tymczasem, pomimo budowy zapory poziom w\u00f3d w Czechach wci\u0105\u017c spada.&nbsp;<\/p>\n\n<p>\u2014 PGE i polski rz\u0105d od pocz\u0105tku sporu wok\u00f3\u0142 Turowa przedstawiaj\u0105 nieprawdziwe informacje i manipuluje danymi \u2014&nbsp; komentuje <strong>Kuba Gogolewski<\/strong>, koordynator projekt\u00f3w fundacji \u201eRozw\u00f3j TAK &#8211; Odkrywki NIE\u201d \u2014 Czesi widz\u0105, \u017ce Polska nie jest zainteresowana takim rozwi\u0105zaniem sprawy, kt\u00f3re uchroni\u0142oby spo\u0142eczno\u015b\u0107 mieszkaj\u0105c\u0105 przy granicy przed dalsz\u0105 utrat\u0105 wody. W zesz\u0142ym tygodniu czeski minister \u015brodowiska przyzna\u0142, \u017ce po wcze\u015bniejszym niespe\u0142nianiu obietnic przez Polsk\u0119, na s\u0142owach naszego rz\u0105du nie mo\u017cna ju\u017c polega\u0107. PGE ju\u017c dawno przesta\u0142o kierowa\u0107 si\u0119 rachunkiem ekonomicznym i gotowe jest p\u0142aci\u0107 200 euro za uprawnienia do emisji CO2 ni\u017c wsp\u00f3lnie z rz\u0105dem zaplanowa\u0107 stopniowe wygaszanie kompleksu turowskiego, kt\u00f3re jest technicznie wykonalne i du\u017co bardziej racjonalne ni\u017c obrona turowskich okop\u00f3w \u015aw. Tr\u00f3jcy. Spos\u00f3b, w jaki Polska od pocz\u0105tku tej sprawy traktuje s\u0105siad\u00f3w, jest skandaliczny!<\/p>\n\n<p>Jutro ko\u0144czy si\u0119 okres wakacyjny TSUE i cz\u0142onkowie trybuna\u0142u powracaj\u0105 do pracy. Poniewa\u017c stronom dotychczas nie uda\u0142o si\u0119 porozumie\u0107, prawdopodobne jest, \u017ce Trybuna\u0142 na\u0142o\u017cy na Polsk\u0119 kary za niedostosowanie si\u0119 do orzeczenia z 21 maja. Pierwsza rozprawa w tej sprawie zosta\u0142a zaplanowana na 9 listopada.<\/p>\n\n<p>Odniesienia:<\/p>\n\n<ol class=\"wp-block-list\">\n<li><a href=\"https:\/\/wroclaw.wyborcza.pl\/wroclaw\/7,35771,27473324,pge-konczy-budowe-podziemnej-sciany-pomiedzy-czechami-a-kopalnia.html\">https:\/\/wroclaw.wyborcza.pl\/wroclaw\/7,35771,27473324,pge-konczy-budowe-podziemnej-sciany-pomiedzy-czechami-a-kopalnia.html<\/a>&nbsp;<\/li>\n\n\n\n<li><a href=\"https:\/\/stopturow.com\/pl1.php?dzial=2&amp;kat=14&amp;art=78\">https:\/\/stopturow.com\/pl1.php?dzial=2&amp;kat=14&amp;art=78<\/a>&nbsp;<\/li>\n\n\n\n<li><a href=\"https:\/\/www.idnes.cz\/zpravy\/domaci\/turow-tezba-dul.A210820_211026_domaci_frum\">https:\/\/www.idnes.cz\/zpravy\/domaci\/turow-tezba-dul.A210820_211026_domaci_frum<\/a>&nbsp;<\/li>\n\n\n\n<li><a href=\"https:\/\/curia.europa.eu\/jcms\/upload\/docs\/application\/pdf\/2021-05\/cp210089pl.pdf\">https:\/\/curia.europa.eu\/jcms\/upload\/docs\/application\/pdf\/2021-05\/cp210089pl.pdf<\/a><\/li>\n<\/ol>\n","protected":false},"excerpt":{"rendered":"<p>102 dni po wydaniu przez Trybuna\u0142 Sprawiedliwo\u015bci Unii Europejskiej postanowienia nakazuj\u0105cego wstrzymanie wydobycia w Turowie, kopalnia odkrywkowa nale\u017c\u0105ca do grupy kapita\u0142owej PGE, funkcjonuje bez zmian. Przed\u0142u\u017caj\u0105ce si\u0119 negocjacje mi\u0119dzy rz\u0105dem&hellip;<\/p>\n","protected":false},"author":32,"featured_media":29834,"comment_status":"closed","ping_status":"open","sticky":false,"template":"","format":"standard","meta":{"ep_exclude_from_search":false,"p4_og_title":"","p4_og_description":"","p4_og_image":"","p4_og_image_id":"","p4_seo_canonical_url":"","p4_campaign_name":"not set","p4_local_project":"not set","p4_basket_name":"not set","p4_department":"","footnotes":""},"categories":[2],"tags":[18,6,110],"p4-page-type":[14],"class_list":["post-30443","post","type-post","status-publish","format-standard","has-post-thumbnail","hentry","category-klimat-energia","tag-wegiel","tag-klimat","tag-turow","p4-page-type-aktualnosci"],"_links":{"self":[{"href":"https:\/\/www.greenpeace.org\/poland\/wp-json\/wp\/v2\/posts\/30443","targetHints":{"allow":["GET"]}}],"collection":[{"href":"https:\/\/www.greenpeace.org\/poland\/wp-json\/wp\/v2\/posts"}],"about":[{"href":"https:\/\/www.greenpeace.org\/poland\/wp-json\/wp\/v2\/types\/post"}],"author":[{"embeddable":true,"href":"https:\/\/www.greenpeace.org\/poland\/wp-json\/wp\/v2\/users\/32"}],"replies":[{"embeddable":true,"href":"https:\/\/www.greenpeace.org\/poland\/wp-json\/wp\/v2\/comments?post=30443"}],"version-history":[{"count":2,"href":"https:\/\/www.greenpeace.org\/poland\/wp-json\/wp\/v2\/posts\/30443\/revisions"}],"predecessor-version":[{"id":33719,"href":"https:\/\/www.greenpeace.org\/poland\/wp-json\/wp\/v2\/posts\/30443\/revisions\/33719"}],"wp:featuredmedia":[{"embeddable":true,"href":"https:\/\/www.greenpeace.org\/poland\/wp-json\/wp\/v2\/media\/29834"}],"wp:attachment":[{"href":"https:\/\/www.greenpeace.org\/poland\/wp-json\/wp\/v2\/media?parent=30443"}],"wp:term":[{"taxonomy":"category","embeddable":true,"href":"https:\/\/www.greenpeace.org\/poland\/wp-json\/wp\/v2\/categories?post=30443"},{"taxonomy":"post_tag","embeddable":true,"href":"https:\/\/www.greenpeace.org\/poland\/wp-json\/wp\/v2\/tags?post=30443"},{"taxonomy":"p4-page-type","embeddable":true,"href":"https:\/\/www.greenpeace.org\/poland\/wp-json\/wp\/v2\/p4-page-type?post=30443"}],"curies":[{"name":"wp","href":"https:\/\/api.w.org\/{rel}","templated":true}]}}