{"id":30584,"date":"2021-10-14T17:04:53","date_gmt":"2021-10-14T15:04:53","guid":{"rendered":"https:\/\/www.greenpeace.org\/poland\/?p=30584"},"modified":"2021-12-01T14:38:37","modified_gmt":"2021-12-01T12:38:37","slug":"wycinka-debow-niszczenie-mlodych-drzew-ciezkimi-maszynami-ruszyly-zabiegi-ochronne-w-puszczy-organizacje-pozarzadowe-to-nie-ma-nic-wspolnego-z-ochrona","status":"publish","type":"post","link":"https:\/\/www.greenpeace.org\/poland\/aktualnosci\/30584\/wycinka-debow-niszczenie-mlodych-drzew-ciezkimi-maszynami-ruszyly-zabiegi-ochronne-w-puszczy-organizacje-pozarzadowe-to-nie-ma-nic-wspolnego-z-ochrona\/","title":{"rendered":"Wycinka d\u0119b\u00f3w, niszczenie m\u0142odych drzew ci\u0119\u017ckimi maszynami &#8211; ruszy\u0142y &#8222;zabiegi ochronne&#8221; w Puszczy. Organizacje pozarz\u0105dowe: to nie ma nic wsp\u00f3lnego z ochron\u0105"},"content":{"rendered":"\n<h2 class=\"wp-block-heading\"><strong>W Puszczy Bia\u0142owieskiej, w Nadle\u015bnictwie Browsk, ruszy\u0142y wycinki w ramach aneksu do planu urz\u0105dzania lasu. Wed\u0142ug le\u015bnik\u00f3w ci\u0119cia maj\u0105 stanowi\u0107 zabiegi ochronne uj\u0119te w planie zada\u0144 ochronnych Natura 2000, kt\u00f3rych celem jest zwi\u0119kszenie udzia\u0142u gatunk\u00f3w li\u015bciastych \u2013 zw\u0142aszcza d\u0119bu &#8211; w chronionych siedliskach gr\u0105dowych. Jednak materia\u0142y zgromadzone przez Fundacj\u0119 Dzika Polska wskazuj\u0105, \u017ce wykonywane prace nie maj\u0105 nic wsp\u00f3lnego z zabiegami ochronnymi i ochron\u0105 przyrody, przeciwnie \u2013 dewastuj\u0105 przyrod\u0119 Puszczy i s\u0105 wykonywane wbrew obowi\u0105zuj\u0105cym standardom i przepisom. Greenpeace, Pracownia na rzecz Wszystkich Istot, Fundacja Greenpeace i Fundacja Dzika Polska apeluj\u0105 do ministra o natychmiastowe wstrzymanie prac sprzecznych z planem zada\u0144 ochronnych Natura 2000. obj\u0119cie natychmiastowego nadzoru nad pracami.<\/strong><\/h2>\n\n<p>Przypominamy, \u017ce 9 marca br. wiceminister \u015brodowiska Edward Siarka, podpisa\u0142 aneksy do plan\u00f3w urz\u0105dzenia lasu dla nadle\u015bnictw Bia\u0142owie\u017ca i Browsk. Organizacje zwracaj\u0105 uwag\u0119, \u017ce decyzja zezwalaj\u0105ca na dalsze ci\u0119cia wprowadza kolejne zagro\u017cenia dla puszcza\u0144skiej przyrody.<\/p>\n\n<p>Pod wp\u0142ywem presji spo\u0142ecznej Lasy Pa\u0144stwowe znacznie obni\u017cy\u0142y planowany poziom wycinek, zrezygnowa\u0142y z ci\u0119\u0107 w starszych drzewostanach i deklarowa\u0142y, \u017ce zaplanowane zabiegi nie b\u0119d\u0105 stanowi\u0142y powa\u017cnej ingerencji w drzewostan Puszczy i <a href=\"https:\/\/www.radio.bialystok.pl\/gosc\/index\/id\/197301\">b\u0119d\u0105 wykonywane z uwzgl\u0119dnieniem wra\u017cliwo\u015bci i dba\u0142o\u015bci o siedliska<\/a>. Niestety, jak dowodz\u0105 materia\u0142y zgromadzone przez Fundacj\u0119 Dzika Polska w 90 letnim drzewostanie ( wydzielenie 147Ca) \u2013 Lasy Pa\u0144stwowe po raz kolejny dowiod\u0142y, \u017ce nie sprawdzaj\u0105 si\u0119 w roli gospodarza tak cennego i wra\u017cliwego obszaru jakim jest Puszcza Bia\u0142owieska.<\/p>\n\n<p>Prace prowadzone s\u0105 wbrew wielu obowi\u0105zuj\u0105cym przepisom, dobrym praktykom i deklaracjom Las\u00f3w Pa\u0144stwowych:<\/p>\n\n<ul class=\"wp-block-list\"><li>obejmuj\u0105 kilkunastoarowe powierzchnie w obr\u0119bie kt\u00f3rych wycinane s\u0105 wszystkie drzewa bez wzgl\u0119du na obecno\u015b\u0107 gatunk\u00f3w chronionych, wiek i gatunek drzew, w tym drzewa biocenotyczne, dziuplaste, martwe, co koliduje z wymaganiami dobrej praktyki w zakresie gospodarki le\u015bnej;<\/li><li>na siedlisku gr\u0105dowym wycinane s\u0105 dojrza\u0142e graby i ok. 30-letnie d\u0119by, co <a href=\"http:\/\/bip.bialystok.rdos.gov.pl\/zarzadzenie-regionalnego-dyrektora-ochrony-srodowiska-w-bialymstoku-z-dnia-6-listopada-2015-r-publikowane-w-dzienniku-urzedowym-wojewodztwa-podlaskiego-poz-3600\">koliduje z Planem Zada\u0144 Ochronnych Natura 2000<\/a>, kt\u00f3ry zak\u0142ada zwi\u0119kszenie udzia\u0142u drzew li\u015bciastych, zw\u0142aszcza d\u0119b\u00f3w na takim siedlisku;<\/li><li>wycinane i niszczone jest odnowienie naturalne drzew, kt\u00f3rego zachowanie, ochron\u0119 i wykorzystanie zak\u0142ada <a href=\"https:\/\/browsk.bialystok.lasy.gov.pl\/documents\/62664\/0\/Plan+Urz%C4%85dzenia+Lasu+2012-2021.pdf\/232ee0ab-2660-41b1-84a9-1dd98fd32372\">plan urz\u0105dzania lasu<\/a>dla tego terenu;<\/li><li>pomimo obietnic ministra Siarki, \u017ce <a href=\"https:\/\/www.radio.bialystok.pl\/gosc\/index\/id\/197301\">\u201e\u017cadne harwestery do Puszczy nie wjad\u0105\u201d<\/a> do prac wykorzystywane s\u0105 wielotonowe forwardery o szeroko\u015bci ok. 4 metr\u00f3w, co wi\u0105\u017ce si\u0119 z przygotowaniem szerokich szlak\u00f3w zrywkowych w lesie, ogromnym naciskiem na gleb\u0119, niszczeniem m\u0142odych i pozostawionych drzew. Mo\u017cliwe jest wykorzystanie znacznie w\u0119\u017cszych i l\u017cejszych ci\u0105gnik\u00f3w;<\/li><li>wyci\u0119te powierzchnie maj\u0105 by\u0107 obsadzone drzewami w rz\u0105dek a nast\u0119pnie ogrodzone,\u00a0 podczas gdy jest mo\u017cliwo\u015b\u0107 miejscowego sadzenia na powierzchniach zaj\u0119tych przez ro\u015blinno\u015b\u0107 zieln\u0105, lub dosiewania, oraz zabezpieczanie m\u0142odnik\u00f3w repelentami.<\/li><\/ul>\n\n<p>Tego typu fragmenty Puszczy nie powinny by\u0107 przekszta\u0142cane w ogrodzone plantacje. Dlatego apelujemy do Ministra Kurtyki&nbsp; o natychmiastowe wstrzymanie prac stoj\u0105cych w sprzeczno\u015bci z Planem Zada\u0144 Ochronnych Natura 2000, oraz obj\u0119cie nadzoru nad prowadzonymi pracami by zapewni\u0107:<\/p>\n\n<ul class=\"wp-block-list\"><li>pozostawianie na powierzchniach\u00a0 drzew biocenotycznie cennych, w tym drzew martwych;<\/li><li>pozostawianie w obr\u0119bie siedlisk gr\u0105dowych drzew li\u015bciastych, zw\u0142aszcza d\u0119b\u00f3w, grab\u00f3w, lip;<\/li><li>priorytetow\u0105 ochron\u0119 odnowienia naturalnego drzew;<\/li><li>wycofanie z prac wielotonowych forwarder\u00f3w;<\/li><li>zaniechanie przygotowania gleby i zaniechanie sadzenia pod sznurek na rzecz dosiewania i ewentualnego punktowego sadzenia w lukach;<\/li><li>ochron\u0119 m\u0142odych drzew\u00a0 z wykorzystaniem repelent\u00f3w, zamiast grodze\u0144; Puszcza Bia\u0142owieska jako las o wyj\u0105tkowych walorach przyrodniczych zas\u0142uguje na najwy\u017csze standardy, a zabiegi ochronne nie mog\u0105 by\u0107 w \u017caden spos\u00f3b uto\u017csamiane z regularnym pozyskaniem drewna.<\/li><\/ul>\n\t\t\t<section\n\t\t\tclass=\"boxout post-28606 \"\n\t\t\t\n\t\t>\n\t\t\t<a\n\t\t\t\tdata-ga-category=\"Take Action Boxout\"\n\t\t\t\tdata-ga-action=\"Image\"\n\t\t\t\tdata-ga-label=\"n\/a\"\n\t\t\t\tclass=\"cover-card-overlay\"\n\t\t\t\thref=\"https:\/\/www.greenpeace.org\/poland\/dzialaj-old\/podpisz-chronmy-stare-lasy\/\" \n\t\t\t><\/a>\n\t\t\t\t\t\t\t<img\n\t\t\t\t\t\tsrc=\"https:\/\/www.greenpeace.org\/static\/planet4-poland-stateless\/2024\/03\/1c73ae41-natalia-wycinka.jpg\"\n\t\t\t\t\t\tsrcset=\"https:\/\/www.greenpeace.org\/static\/planet4-poland-stateless\/2024\/03\/1c73ae41-natalia-wycinka-500x333.jpg 500w, https:\/\/www.greenpeace.org\/static\/planet4-poland-stateless\/2024\/03\/1c73ae41-natalia-wycinka-768x512.jpg 768w, https:\/\/www.greenpeace.org\/static\/planet4-poland-stateless\/2024\/03\/1c73ae41-natalia-wycinka-510x340.jpg 510w, https:\/\/www.greenpeace.org\/static\/planet4-poland-stateless\/2024\/03\/1c73ae41-natalia-wycinka.jpg 1024w\"\n\t\t\t\t\t\tsizes=\"(min-width: 1000px) 358px, (min-width: 780px) 313px, 88px\"\n\t\t\t\t\t\talt=\"\" title=\"\"\n\t\t\t\t\/>\n            \t\t\t<div class=\"boxout-content\">\n\t\t\t\t\t\t\t\t\t<a\n\t\t\t\t\t\tclass=\"boxout-heading medium\"\n\t\t\t\t\t\tdata-ga-category=\"Take Action Boxout\"\n\t\t\t\t\t\tdata-ga-action=\"Title\"\n\t\t\t\t\t\tdata-ga-label=\"n\/a\"\n\t\t\t\t\t\thref=\"https:\/\/www.greenpeace.org\/poland\/dzialaj-old\/podpisz-chronmy-stare-lasy\/\"\n\t\t\t\t\t\t\n\t\t\t\t\t>\n\t\t\t\t\t\tPodpisz: Chro\u0144my stare lasy\n\t\t\t\t\t<\/a>\n\t\t\t\t\t\t\t\t\t\t\t\t\t<p class=\"boxout-excerpt\">Najstarsze i najcenniejsze przyrodniczo lasy Polski znikaj\u0105. Nie pozw\u00f3lmy na to, podpisz apel do premiera o spe\u0142nienie obietnicy obj\u0119cia ochron\u0105 20% las\u00f3w!<\/p>\n\t\t\t\t                                    <a\n                        class=\"btn btn-primary\"\n                        data-ga-category=\"Take Action Boxout\"\n                        data-ga-action=\"Call to Action\"\n                        data-ga-label=\"n\/a\"\n                        href=\"https:\/\/www.greenpeace.org\/poland\/dzialaj-old\/podpisz-chronmy-stare-lasy\/\"\n                        \n                    >\n                        Dzia\u0142aj!\n                    <\/a>\n                \t\t\t<\/div>\n\t\t\t\t\t<\/section>\n\t","protected":false},"excerpt":{"rendered":"<p>W Puszczy Bia\u0142owieskiej, w Nadle\u015bnictwie Browsk, ruszy\u0142y wycinki w ramach aneksu do planu urz\u0105dzania lasu. Organizacje pozarz\u0105dowe domagaj\u0105 si\u0119 wstrzymania dzia\u0142a\u0144 sprzecznych z planem zada\u0144 ochronnych!<\/p>\n","protected":false},"author":29,"featured_media":30585,"comment_status":"closed","ping_status":"open","sticky":false,"template":"","format":"standard","meta":{"ep_exclude_from_search":false,"p4_og_title":"","p4_og_description":"","p4_og_image":"","p4_og_image_id":"","p4_seo_canonical_url":"","p4_campaign_name":"not set","p4_local_project":"not set","p4_basket_name":"not set","p4_department":"","footnotes":""},"categories":[3],"tags":[19,22],"p4-page-type":[14],"class_list":["post-30584","post","type-post","status-publish","format-standard","has-post-thumbnail","hentry","category-przyroda","tag-lasy","tag-puszcza-bialowieska","p4-page-type-aktualnosci"],"_links":{"self":[{"href":"https:\/\/www.greenpeace.org\/poland\/wp-json\/wp\/v2\/posts\/30584","targetHints":{"allow":["GET"]}}],"collection":[{"href":"https:\/\/www.greenpeace.org\/poland\/wp-json\/wp\/v2\/posts"}],"about":[{"href":"https:\/\/www.greenpeace.org\/poland\/wp-json\/wp\/v2\/types\/post"}],"author":[{"embeddable":true,"href":"https:\/\/www.greenpeace.org\/poland\/wp-json\/wp\/v2\/users\/29"}],"replies":[{"embeddable":true,"href":"https:\/\/www.greenpeace.org\/poland\/wp-json\/wp\/v2\/comments?post=30584"}],"version-history":[{"count":4,"href":"https:\/\/www.greenpeace.org\/poland\/wp-json\/wp\/v2\/posts\/30584\/revisions"}],"predecessor-version":[{"id":30885,"href":"https:\/\/www.greenpeace.org\/poland\/wp-json\/wp\/v2\/posts\/30584\/revisions\/30885"}],"wp:featuredmedia":[{"embeddable":true,"href":"https:\/\/www.greenpeace.org\/poland\/wp-json\/wp\/v2\/media\/30585"}],"wp:attachment":[{"href":"https:\/\/www.greenpeace.org\/poland\/wp-json\/wp\/v2\/media?parent=30584"}],"wp:term":[{"taxonomy":"category","embeddable":true,"href":"https:\/\/www.greenpeace.org\/poland\/wp-json\/wp\/v2\/categories?post=30584"},{"taxonomy":"post_tag","embeddable":true,"href":"https:\/\/www.greenpeace.org\/poland\/wp-json\/wp\/v2\/tags?post=30584"},{"taxonomy":"p4-page-type","embeddable":true,"href":"https:\/\/www.greenpeace.org\/poland\/wp-json\/wp\/v2\/p4-page-type?post=30584"}],"curies":[{"name":"wp","href":"https:\/\/api.w.org\/{rel}","templated":true}]}}