{"id":30608,"date":"2021-10-26T15:53:43","date_gmt":"2021-10-26T13:53:43","guid":{"rendered":"https:\/\/www.greenpeace.org\/poland\/?p=30608"},"modified":"2021-10-26T16:40:59","modified_gmt":"2021-10-26T14:40:59","slug":"kosmetyczne-zmiany-w-rzadzie-nie-beda-odpowiedzia-na-kryzys","status":"publish","type":"post","link":"https:\/\/www.greenpeace.org\/poland\/aktualnosci\/30608\/kosmetyczne-zmiany-w-rzadzie-nie-beda-odpowiedzia-na-kryzys\/","title":{"rendered":"Kosmetyczne zmiany w rz\u0105dzie nie b\u0119d\u0105 odpowiedzi\u0105 na kryzys"},"content":{"rendered":"\n<p><strong>Komentarz Anny Ogniewskiej z Greenpeace Polska:<\/strong><\/p>\n\n<p>Zmiany w rz\u0105dzie dotkn\u0119\u0142y ministerstw, kt\u00f3re w dobie pog\u0142\u0119biaj\u0105cego si\u0119 kryzysu klimatycznego i przyrodniczego s\u0105 kluczowe dla naszego bezpiecze\u0144stwa &#8211; klimatu i \u015brodowiska oraz rolnictwa. Kolejna rekonstrukcja ma na celu wzmocnienie rz\u0105du Prawa i Sprawiedliwo\u015bci, ale w\u0105tpliwe, by wzmocni\u0142a te\u017c ochron\u0119 przyrody i wspiera\u0142a dzia\u0142ania na rzecz ograniczenia skutk\u00f3w kryzysu klimatycznego. Pojawiaj\u0105 si\u0119 w rz\u0105dzie &#8211; Anna Moskwa (zast\u0105pi\u0142a Micha\u0142a Kurtyk\u0119) i Henryk Kowalczyk (zast\u0105pi\u0142 Grzegorza Pud\u0119). Do tej pory ci politycy nie pokazali spo\u0142ecze\u0144stwu swojej sprawczo\u015bci w tym zakresie, cho\u0107 wci\u0105\u017c maj\u0105 szans\u0119 wprowadzi\u0107 swoje resorty na bardziej zr\u00f3wnowa\u017cone i zielone tory. Niestety wyzwania od lat pozostaj\u0105 te same, a problemy si\u0119 pog\u0142\u0119biaj\u0105.<\/p>\n\n<p>Powo\u0142anie dwa lata temu ministerstwa klimatu odpowiedzialnego za sprawy klimatu, a nast\u0119pnie po\u0142\u0105czenie go z resortem \u015brodowiska, mog\u0142o rodzi\u0107 du\u017ce oczekiwania na proklimatyczny zwrot w polityce partii rz\u0105dz\u0105cej. Po latach anty\u015brodowiskowych dzia\u0142a\u0144 wydawa\u0142o si\u0119, \u017ce kwestia przeciwdzia\u0142ania kryzysowi klimatycznemu mo\u017ce sta\u0107 wy\u017cej w priorytetach rz\u0105du, zgodnie z tym czego oczekuje polskie spo\u0142ecze\u0144stwo. Niestety, minister Micha\u0142 Kurtka, niezale\u017cnie od posiadanego do\u015bwiadczenia i kompetencji nie zrobi\u0142 wiele wi\u0119cej poza realizacj\u0105 wyznaczonych przez parti\u0119 kierunk\u00f3w. W dzia\u0142aniach ministra wi\u0119cej by\u0142o PR-u ni\u017c realnych rozwi\u0105za\u0144, kt\u00f3re mog\u0142yby przyczyni\u0107 si\u0119 do przeciwdzia\u0142ania kryzysowi klimatycznemu.<\/p>\n\n<p>Nowa osoba na stanowisku ministra klimatu i \u015brodowiska b\u0119dzie musia\u0142a zmierzy\u0107 si\u0119 z szeregiem trudnych wyzwa\u0144. Kluczowe powinno by\u0107 przygotowanie harmonogramu odej\u015bcia od w\u0119gla do 2030 roku oraz dzia\u0142anie na rzecz znacz\u0105cego przyspieszenia rozwoju energetyki odnawialnej, a w tym odblokowania rozwoju energetyki wiatrowej na l\u0105dzie i budowy morskich farm wiatrowych. Micha\u0142 Kurtyka zostawi\u0142 po sobie do\u015b\u0107 wstydliw\u0105 sched\u0119 &#8211; wraz z rozpocz\u0119ciem rozm\u00f3w na temat odej\u015bcia od w\u0119gla przez rz\u0105d Bu\u0142garii &#8211; Polska pozostaje jedynym krajem UE bez planu odej\u015bcia od w\u0119gla lub bez rozpocz\u0119tej debaty na ten temat. R\u00f3wnie wa\u017cne s\u0105 kwestie ochrony przyrody, poniewa\u017c to przyroda ma najwi\u0119kszy potencja\u0142 wsparcia nas w przeciwdzia\u0142aniu skutkom kryzysu klimatycznego. Na polityce ministerstwa cieniem po\u0142o\u017cy\u0142y si\u0119 dzia\u0142ania koncernu Lasy Pa\u0144stwowe, kt\u00f3ry dewastowa\u0142 polskie lasy, wycinaj\u0105c nawet stare lasy w Bieszczadach, na Pog\u00f3rzu Przemyskim czy trzebi\u0105c tereny Puszczy Bia\u0142owieskiej. Zmiana powinna polega\u0107 na wyznaczeniu nowych cel\u00f3w ochronnych &#8211; do 2030 roku 30 procent powierzchni Polski powinno zosta\u0107 obj\u0119tych zostanie r\u00f3\u017cnego rodzaju formami ochrony, w tym 10 procent ochron\u0105 \u015bcis\u0142\u0105. Kolejnym krokiem powinno by\u0107 utworzenie nowych i powi\u0119kszenie istniej\u0105cych park\u00f3w narodowych. Ca\u0142kowicie wy\u0142\u0105czonych z gospodarki le\u015bnej powinno by\u0107 co najmniej 15 procent las\u00f3w. W ten spos\u00f3b natura dostanie przestrze\u0144 do odrodzenia si\u0119, a my wszyscy &#8211; szans\u0119 na kontakt z dzik\u0105 przyrod\u0105.<\/p>\n\n<p>Obok rozwoju obszar\u00f3w wiejskich, przeciwdzia\u0142anie kryzysom &#8211; klimatycznemu i przyrodniczemu &#8211; powinno by\u0107 jednym z priorytet\u00f3w nowego ministra rolnictwa i rozwoju wsi.&nbsp; Ju\u017c dzi\u015b rolnicy s\u0105 jednymi z pierwszych poszkodowanych przez skutki zmiany klimatu, dlatego konieczne jest pilne podj\u0119cie dzia\u0142a\u0144 w tym obszarze. Jeste\u015bmy w decyduj\u0105cym momencie, w kt\u00f3rym politycy musz\u0105 zacz\u0105\u0107 dzia\u0142a\u0107 tak, \u017ceby uchroni\u0107 nas przed katastrof\u0105. Polityka rolna wymaga radykalnej przebudowy, konieczne jest odej\u015bcie od przemys\u0142owej hodowli zwierz\u0105t. Kolejne zmiany osobowe w resorcie jak na razie nie przynios\u0142y po\u017c\u0105danych zmian, wi\u0119kszo\u015b\u0107 hase\u0142 programu PiS &#8211; w tym te o obronie tradycyjnego, polskiego rolnictwa &#8211; pozosta\u0142a na papierze, a trac\u0105 wszyscy &#8211; zar\u00f3wno rolnicy, jak i konsumenci. Zyskuje tylko du\u017cy biznes. W latach 2015-2020 liczba przemys\u0142owych megaferm wzros\u0142a w Polsce dwukrotnie, do ponad 1600 zak\u0142ad\u00f3w!&nbsp;<\/p>\n\n<p>Obserwuj\u0105c dotychczasow\u0105 polityk\u0119 polskiego rz\u0105du trudno nie odnie\u015b\u0107 wra\u017cenia, \u017ce czeka nas kolejna kosmetyczna zmiana, a nie faktyczny zwrot, kt\u00f3ry pozwoli na przeprowadzenie szybkiej i sprawiedliwej transformacji sektora energetycznego, reforma systemu ochrony przyrody czy odej\u015bcie od szkodliwych praktyk w rolnictwie. Czas ucieka, a skutki nasilania si\u0119 ekstremalnych zjawisk pogodowych powodowanych nasilaniem si\u0119 kryzysu klimatycznego odczuwamy ju\u017c dzi\u015b. Wyborcy wcze\u015bniej czy chwil\u0119 p\u00f3\u017aniej rozlicz\u0105 rz\u0105dz\u0105cych za brak podj\u0119cia zdecydowanych dzia\u0142a\u0144 w tym obszarze.<\/p>\n\n<p><\/p>\n","protected":false},"excerpt":{"rendered":"<p>Kolejna rekonstrukcja ma na celu wzmocnienie rz\u0105du Prawa i Sprawiedliwo\u015bci, ale w\u0105tpliwe, by wzmocni\u0142a te\u017c ochron\u0119 przyrody i wspiera\u0142a dzia\u0142ania na rzecz ograniczenia skutk\u00f3w kryzysu klimatycznego &#8211; komentarz Anny Ogniewskiej.<\/p>\n","protected":false},"author":32,"featured_media":29253,"comment_status":"closed","ping_status":"open","sticky":false,"template":"","format":"standard","meta":{"ep_exclude_from_search":false,"p4_og_title":"","p4_og_description":"","p4_og_image":"","p4_og_image_id":"","p4_seo_canonical_url":"","p4_campaign_name":"not set","p4_local_project":"not set","p4_basket_name":"not set","p4_department":"","footnotes":""},"categories":[2,3,4],"tags":[6,26,27],"p4-page-type":[14],"class_list":["post-30608","post","type-post","status-publish","format-standard","has-post-thumbnail","hentry","category-klimat-energia","category-przyroda","category-rolnictwo","tag-klimat","tag-ochrona-przyrody","tag-rolnictwo","p4-page-type-aktualnosci"],"_links":{"self":[{"href":"https:\/\/www.greenpeace.org\/poland\/wp-json\/wp\/v2\/posts\/30608","targetHints":{"allow":["GET"]}}],"collection":[{"href":"https:\/\/www.greenpeace.org\/poland\/wp-json\/wp\/v2\/posts"}],"about":[{"href":"https:\/\/www.greenpeace.org\/poland\/wp-json\/wp\/v2\/types\/post"}],"author":[{"embeddable":true,"href":"https:\/\/www.greenpeace.org\/poland\/wp-json\/wp\/v2\/users\/32"}],"replies":[{"embeddable":true,"href":"https:\/\/www.greenpeace.org\/poland\/wp-json\/wp\/v2\/comments?post=30608"}],"version-history":[{"count":3,"href":"https:\/\/www.greenpeace.org\/poland\/wp-json\/wp\/v2\/posts\/30608\/revisions"}],"predecessor-version":[{"id":30611,"href":"https:\/\/www.greenpeace.org\/poland\/wp-json\/wp\/v2\/posts\/30608\/revisions\/30611"}],"wp:featuredmedia":[{"embeddable":true,"href":"https:\/\/www.greenpeace.org\/poland\/wp-json\/wp\/v2\/media\/29253"}],"wp:attachment":[{"href":"https:\/\/www.greenpeace.org\/poland\/wp-json\/wp\/v2\/media?parent=30608"}],"wp:term":[{"taxonomy":"category","embeddable":true,"href":"https:\/\/www.greenpeace.org\/poland\/wp-json\/wp\/v2\/categories?post=30608"},{"taxonomy":"post_tag","embeddable":true,"href":"https:\/\/www.greenpeace.org\/poland\/wp-json\/wp\/v2\/tags?post=30608"},{"taxonomy":"p4-page-type","embeddable":true,"href":"https:\/\/www.greenpeace.org\/poland\/wp-json\/wp\/v2\/p4-page-type?post=30608"}],"curies":[{"name":"wp","href":"https:\/\/api.w.org\/{rel}","templated":true}]}}