{"id":30618,"date":"2021-11-02T04:41:55","date_gmt":"2021-11-02T02:41:55","guid":{"rendered":"https:\/\/www.greenpeace.org\/poland\/?p=30618"},"modified":"2021-12-01T14:38:37","modified_gmt":"2021-12-01T12:38:37","slug":"licznik-dla-klimatu-tyka-nieublaganie-juz-tylko-9-lat-na-odejscie-polski-od-wegla","status":"publish","type":"post","link":"https:\/\/www.greenpeace.org\/poland\/aktualnosci\/30618\/licznik-dla-klimatu-tyka-nieublaganie-juz-tylko-9-lat-na-odejscie-polski-od-wegla\/","title":{"rendered":"Licznik dla Klimatu tyka nieub\u0142aganie. Ju\u017c tylko 9 lat na odej\u015bcie Polski od w\u0119gla"},"content":{"rendered":"\n<p><em>Z ochron\u0105 klimatu jest jak z nauk\u0105 do wa\u017cnego egzaminu. Nie mo\u017cna jej odk\u0142ada\u0107 na ostatni\u0105 chwil\u0119.&nbsp;<\/em><\/p>\n\n<script src=\"https:\/\/wspieram.greenpeace.pl\/2030\/greenpeace2030counter.js\" \n        onload=\"window.greenpeace2030counter();\"><\/script>\n\n<p>Decyduj\u0105cy czas na dzia\u0142ania dla klimatu nieub\u0142aganie up\u0142ywa. Do ko\u0144ca 2030 roku &#8211; czyli kluczowego terminu dla ochrony klimatu wskazywanego przez klimatolog\u00f3w &#8211; zosta\u0142o ju\u017c niewiele ponad dziewi\u0119\u0107 lat. Do tego czasu \u015bwiat powinien obni\u017cy\u0107 emisje prawie o po\u0142ow\u0119, a Polska, tak jak inne kraje Unii Europejskiej, musi w tym czasie odej\u015b\u0107 od spalania w\u0119gla. Tylko takie zdecydowane i solidarne dzia\u0142ania dadz\u0105 nam szans\u0119 na \u017cycie w bezpiecznym klimacie i osi\u0105gni\u0119cie celu z Pary\u017ca &#8211; zatrzymania wzrostu \u015bredniej globalnej temperatury na poziomie 1,5 stopnia Celsjusza.&nbsp;<\/p>\n\n<p>Licznik dla Klimatu to wsp\u00f3lna inicjatywa Greenpeace i polskich medi\u00f3w. Wierzymy, \u017ce w Polsce nadszed\u0142 czas na powa\u017cn\u0105 debat\u0119 o ochronie klimatu i odej\u015bciu od w\u0119gla. W\u0119giel jest zdecydowanie najwi\u0119kszym \u017ar\u00f3d\u0142em emisji gaz\u00f3w cieplarnianych w naszym kraju. Jedna elektrownia w\u0119glowa w Be\u0142chatowie wyemitowa\u0142a w 2019 roku oko\u0142o dwa razy wi\u0119cej dwutlenku w\u0119gla ni\u017c s\u0105 w stanie poch\u0142on\u0105\u0107 wszystkie rosn\u0105ce w Polsce lasy! Polska jest ostatnim krajem Unii Europejskiej, w kt\u00f3rym nie stworzono jeszcze planu odej\u015bcia od w\u0119gla, ani nie rozpocz\u0119to nad nim prac. My r\u00f3wnie\u017c potrzebujemy takiego harmonogramu, a tak\u017ce planu sprawiedliwej transformacji dla region\u00f3w g\u00f3rniczych, aby unikn\u0105\u0107 g\u0142\u0119bokich problem\u00f3w spo\u0142ecznych.&nbsp;<\/p>\n\n<p>Podobnie jak ogromna wi\u0119kszo\u015b\u0107 Polek i Polak\u00f3w, jeste\u015bmy coraz bardziej zaniepokojeni zmian\u0105 klimatu i tym, jak ona wp\u0142ywa na nasze \u017cycie. Coraz lepiej zdajemy sobie spraw\u0119, jak wielkie stoi przed nami wyzwanie. \u017be wymaga ono ogromnych zmian na wielu poziomach, od polityki mi\u0119dzynarodowej, przez polityki firm i koncern\u00f3w, po nasze indywidualne wybory i nawyki. \u017be bez najwa\u017cniejszego kroku &#8211; decyzji o odej\u015bciu od w\u0119gla &#8211; nie podo\u0142amy temu wyzwaniu.&nbsp;<\/p>\n\n<p>Dlatego w czasie trwaj\u0105cego w Glasgow szczytu klimatycznego COP 26 apelujemy do rz\u0105dz\u0105cych o jak najszybsze zainicjowanie prac nad planem odej\u015bcia Polski od w\u0119gla i stworzenie kompleksowej polityki klimatycznej Polski. Wszystkich Pa\u0144stwa zach\u0119camy do \u015bledzenia naszych relacji ze szczytu klimatycznego oraz do podpisania <a rel=\"noreferrer noopener\" href=\"https:\/\/act.greenpeace.org\/page\/34276\/petition\/1\" target=\"_blank\">petycji Greenpeace Polska<\/a>. Czas ucieka, czas dzia\u0142a\u0107!&nbsp;<\/p>\n\n<p><em>Piotr Mie\u015bnik, redaktor naczelny, Wirtualna Polska&nbsp;<\/em><\/p>\n\n<p><em>Jerzy W\u00f3jcik, wydawca, Gazeta Wyborcza<\/em><\/p>\n\n<p><em>Pawe\u0142 Szypulski, dyrektor programowy Greenpeace Polska<\/em><\/p>\n\n<p><em>Bartosz W\u0119glarczyk, redaktor naczelny Onetu<\/em><\/p>\n\n<p><em>Patryk Strza\u0142kowski, redaktor naczelny, <\/em><a href=\"http:\/\/zielona.gazeta.pl\/\"><em>Zielona.Gazeta.pl<\/em><\/a><em>&nbsp;<\/em><\/p>\n\n<p><em>Magdalena Birecka, redaktor naczelna, tokfm.pl&nbsp;&nbsp;<\/em><\/p>\n\n<p><em>Bogus\u0142aw Chrabota, redaktor naczelny, \u201eRzeczpospolita\u201d<\/em><\/p>\n\n<p><em>Cezary Szymanek, redaktor naczelny, <\/em><a href=\"http:\/\/www.rp.pl\/\"><em>www.rp.pl<\/em><\/a><\/p>\n\n<p><em>Agnieszka Wi\u015bniewska, redaktorka naczelna, krytykapolityczna.pl&nbsp;<\/em><\/p>\n\n<p><em>Magdalena Jethon, redaktor naczelna, Radio Nowy \u015awiat<\/em><\/p>\n\t\t\t<section\n\t\t\tclass=\"boxout post-3090 \"\n\t\t\t\n\t\t>\n\t\t\t<a\n\t\t\t\tdata-ga-category=\"Take Action Boxout\"\n\t\t\t\tdata-ga-action=\"Image\"\n\t\t\t\tdata-ga-label=\"n\/a\"\n\t\t\t\tclass=\"cover-card-overlay\"\n\t\t\t\thref=\"https:\/\/www.greenpeace.org\/poland\/dzialaj-old\/podpisz-polska-bez-wegla-2030\/\" \n\t\t\t><\/a>\n\t\t\t\t\t\t\t<img\n\t\t\t\t\t\tsrc=\"https:\/\/www.greenpeace.org\/static\/planet4-poland-stateless\/2020\/06\/7fe0778a-copy-of-dji_0010-1024x768.jpg\"\n\t\t\t\t\t\tsrcset=\"https:\/\/www.greenpeace.org\/static\/planet4-poland-stateless\/2020\/06\/7fe0778a-copy-of-dji_0010-300x225.jpg 300w, https:\/\/www.greenpeace.org\/static\/planet4-poland-stateless\/2020\/06\/7fe0778a-copy-of-dji_0010-1024x768.jpg 1024w, https:\/\/www.greenpeace.org\/static\/planet4-poland-stateless\/2020\/06\/7fe0778a-copy-of-dji_0010-768x576.jpg 768w, https:\/\/www.greenpeace.org\/static\/planet4-poland-stateless\/2020\/06\/7fe0778a-copy-of-dji_0010-1536x1152.jpg 1536w, https:\/\/www.greenpeace.org\/static\/planet4-poland-stateless\/2020\/06\/7fe0778a-copy-of-dji_0010-2048x1536.jpg 2048w, https:\/\/www.greenpeace.org\/static\/planet4-poland-stateless\/2020\/06\/7fe0778a-copy-of-dji_0010-1821x1366.jpg 1821w, https:\/\/www.greenpeace.org\/static\/planet4-poland-stateless\/2020\/06\/7fe0778a-copy-of-dji_0010-453x340.jpg 453w\"\n\t\t\t\t\t\tsizes=\"(min-width: 1000px) 358px, (min-width: 780px) 313px, 88px\"\n\t\t\t\t\t\talt=\"\" title=\"\"\n\t\t\t\t\/>\n            \t\t\t<div class=\"boxout-content\">\n\t\t\t\t\t\t\t\t\t<a\n\t\t\t\t\t\tclass=\"boxout-heading medium\"\n\t\t\t\t\t\tdata-ga-category=\"Take Action Boxout\"\n\t\t\t\t\t\tdata-ga-action=\"Title\"\n\t\t\t\t\t\tdata-ga-label=\"n\/a\"\n\t\t\t\t\t\thref=\"https:\/\/www.greenpeace.org\/poland\/dzialaj-old\/podpisz-polska-bez-wegla-2030\/\"\n\t\t\t\t\t\t\n\t\t\t\t\t>\n\t\t\t\t\t\tPodpisz: Chro\u0144my klimat, chro\u0144my ludzi!\n\t\t\t\t\t<\/a>\n\t\t\t\t\t\t\t\t\t\t\t\t\t<p class=\"boxout-excerpt\">Podpisz petycj\u0119 o jak najszybsze odej\u015bcie Polski od spalania paliw kopalnych.<\/p>\n\t\t\t\t                                    <a\n                        class=\"btn btn-primary\"\n                        data-ga-category=\"Take Action Boxout\"\n                        data-ga-action=\"Call to Action\"\n                        data-ga-label=\"n\/a\"\n                        href=\"https:\/\/www.greenpeace.org\/poland\/dzialaj-old\/podpisz-polska-bez-wegla-2030\/\"\n                        \n                    >\n                        Dzia\u0142aj!\n                    <\/a>\n                \t\t\t<\/div>\n\t\t\t\t\t<\/section>\n\t","protected":false},"excerpt":{"rendered":"<p>Z ochron\u0105 klimatu jest jak z nauk\u0105 do wa\u017cnego egzaminu. Nie mo\u017cna jej odk\u0142ada\u0107 na ostatni\u0105 chwil\u0119.&nbsp;<\/p>\n","protected":false},"author":25,"featured_media":30657,"comment_status":"closed","ping_status":"open","sticky":false,"template":"","format":"standard","meta":{"ep_exclude_from_search":false,"p4_og_title":"","p4_og_description":"","p4_og_image":"","p4_og_image_id":"","p4_seo_canonical_url":"","p4_campaign_name":"not set","p4_local_project":"not set","p4_basket_name":"not set","p4_department":"","footnotes":""},"categories":[2],"tags":[6,18],"p4-page-type":[14],"class_list":["post-30618","post","type-post","status-publish","format-standard","has-post-thumbnail","hentry","category-klimat-energia","tag-klimat","tag-wegiel","p4-page-type-aktualnosci"],"_links":{"self":[{"href":"https:\/\/www.greenpeace.org\/poland\/wp-json\/wp\/v2\/posts\/30618","targetHints":{"allow":["GET"]}}],"collection":[{"href":"https:\/\/www.greenpeace.org\/poland\/wp-json\/wp\/v2\/posts"}],"about":[{"href":"https:\/\/www.greenpeace.org\/poland\/wp-json\/wp\/v2\/types\/post"}],"author":[{"embeddable":true,"href":"https:\/\/www.greenpeace.org\/poland\/wp-json\/wp\/v2\/users\/25"}],"replies":[{"embeddable":true,"href":"https:\/\/www.greenpeace.org\/poland\/wp-json\/wp\/v2\/comments?post=30618"}],"version-history":[{"count":9,"href":"https:\/\/www.greenpeace.org\/poland\/wp-json\/wp\/v2\/posts\/30618\/revisions"}],"predecessor-version":[{"id":30884,"href":"https:\/\/www.greenpeace.org\/poland\/wp-json\/wp\/v2\/posts\/30618\/revisions\/30884"}],"wp:featuredmedia":[{"embeddable":true,"href":"https:\/\/www.greenpeace.org\/poland\/wp-json\/wp\/v2\/media\/30657"}],"wp:attachment":[{"href":"https:\/\/www.greenpeace.org\/poland\/wp-json\/wp\/v2\/media?parent=30618"}],"wp:term":[{"taxonomy":"category","embeddable":true,"href":"https:\/\/www.greenpeace.org\/poland\/wp-json\/wp\/v2\/categories?post=30618"},{"taxonomy":"post_tag","embeddable":true,"href":"https:\/\/www.greenpeace.org\/poland\/wp-json\/wp\/v2\/tags?post=30618"},{"taxonomy":"p4-page-type","embeddable":true,"href":"https:\/\/www.greenpeace.org\/poland\/wp-json\/wp\/v2\/p4-page-type?post=30618"}],"curies":[{"name":"wp","href":"https:\/\/api.w.org\/{rel}","templated":true}]}}