{"id":31198,"date":"2021-12-13T12:47:43","date_gmt":"2021-12-13T10:47:43","guid":{"rendered":"https:\/\/www.greenpeace.org\/poland\/?p=31198"},"modified":"2023-11-08T16:29:27","modified_gmt":"2023-11-08T14:29:27","slug":"decyzja-o-dzialaniu-turowa-do-2044-r-moze-zostac-uchylona","status":"publish","type":"post","link":"https:\/\/www.greenpeace.org\/poland\/aktualnosci\/31198\/decyzja-o-dzialaniu-turowa-do-2044-r-moze-zostac-uchylona\/","title":{"rendered":"Decyzja o dzia\u0142aniu Turowa do 2044 r.  mo\u017ce zosta\u0107 uchylona"},"content":{"rendered":"\n<p><strong>Ministra Klimatu i \u015arodowiska Anna Moskwa, dopu\u015bci\u0142a Greenpeace do post\u0119powania o wydanie koncesji na wydobycie w\u0119gla w Turowie do 2044 r. Oznacza to, \u017ce decyzja przyznaj\u0105ca sp\u00f3\u0142ce PGE GiEK zgod\u0119 na rozbudow\u0119 odkrywki i wydobycie w\u0119gla do 2044 r. mo\u017ce zosta\u0107 uchylona.<\/strong><\/p>\n\n<p>Post\u0119powanie przed TSUE to nie jedyny problem sp\u00f3\u0142ki PGE GiEK i kopalni odkrywkowej w\u0119gla brunatnego Tur\u00f3w. Do trwaj\u0105cego od miesi\u0119cy sporu pomi\u0119dzy Polsk\u0105 a Czechami, w zwi\u0105zku z negatywnym oddzia\u0142ywaniem odkrywki na mieszka\u0144c\u00f3w przygranicznych miejscowo\u015bci, dochodz\u0105 problemy w krajowych post\u0119powaniach administracyjnych. Wydana w 2019 roku decyzja \u015brodowiskowa zosta\u0142a zaskar\u017cona przez organizacje ekologiczne do Generalnej Dyrekcji Ochrony \u015arodowiska. Decyzja ta zatem nie jest ostateczna i w ka\u017cdej chwili mo\u017ce zosta\u0107 uchylona. Problemem s\u0105 tak\u017ce liczne&nbsp; skargi na koncesj\u0119 przed\u0142u\u017caj\u0105c\u0105 dzia\u0142alno\u015b\u0107 kopalni do 2044 roku.<\/p>\n\n<p>W czerwcu fundacja Greenpeace odwo\u0142a\u0142a si\u0119 od decyzji ministra klimatu i \u015brodowiska przyznaj\u0105c\u0105 sp\u00f3\u0142ce PGE GiEK koncesj\u0119 na wydobycie w\u0119gla z odkrywki Tur\u00f3w do 2044 roku jednak ministerstwo odm\u00f3wi\u0142o organizacji udzia\u0142u w post\u0119powaniu na prawach strony. W r\u00f3wnoleg\u0142ym post\u0119powaniu Wojew\u00f3dzki S\u0105d Administracyjny nakaza\u0142 ministrze klimatu i \u015brodowiska dopu\u015bci\u0107 Greenpeace do post\u0119powania koncesyjnego. Daje to organizacji mo\u017cliwo\u015b\u0107 skutecznego zaskar\u017cenia wydanej koncesji. W zwi\u0105zku z wyrokiem s\u0105du ministra Anna Moskwa b\u0119dzie musia\u0142a przeanalizowa\u0107 wydan\u0105 w kwietniu decyzj\u0119 przyznaj\u0105c\u0105 PGE GiEK koncesj\u0119 wraz z uwzgl\u0119dnieniem wszystkich podnoszonych przez Greenpeace argument\u00f3w.<\/p>\n\n<p>&#8211;&nbsp; <em>Odkrywka i elektrownia Tur\u00f3w nie mog\u0105 dzia\u0142a\u0107 d\u0142u\u017cej ni\u017c do 2030 roku. W dobie pog\u0142\u0119biaj\u0105cego si\u0119 kryzysu klimatycznego decyzja o tym, by wydobywa\u0107 w\u0119giel do 2044 roku to jak polewanie benzyn\u0105 p\u0142on\u0105cego domu. &nbsp;Ministra klimatu i \u015brodowiska, Anna Moskwa powinna uchyli\u0107 koncesj\u0119 na wydobycie w\u0119gla w odkrywce Tur\u00f3w.&nbsp; Odej\u015bcie od w\u0119gla do 2030 roku ma szans\u0119 uchroni\u0107 fundusze na sprawiedliw\u0105 transformacj\u0119 regionu turoszowskiego <\/em>&#8211; komentuje Anna Meres, koordynatorka kampanii klimatycznych z Greenpeace Polska.<\/p>\n\n<p>Zdaniem ekolog\u00f3w by\u0142y minister klimatu i \u015brodowiska &#8211; Micha\u0142 Kurtyka, wydaj\u0105c koncesj\u0119 na wydobycie w\u0119gla w Turowie do 2044 roku nie rozpozna\u0142 nale\u017cycie kwestii wp\u0142ywu rozbudowy odkrywki na klimat i \u015brodowisko, a tak\u017ce nie uwzgl\u0119dni\u0142 interesu publicznego w ocaleniu zabytkowej miejscowo\u015bci Opolno-Zdr\u00f3j. Wydana koncesja, zdaniem Greenpeace, jest tak\u017ce niezgodna z decyzj\u0105 \u015brodowiskow\u0105.<\/p>\n","protected":false},"excerpt":{"rendered":"<p>Ministra Klimatu i \u015arodowiska Anna Moskwa, dopu\u015bci\u0142a Greenpeace do post\u0119powania o wydanie koncesji na wydobycie w\u0119gla w Turowie do 2044 r. Oznacza to, \u017ce decyzja przyznaj\u0105ca sp\u00f3\u0142ce PGE GiEK zgod\u0119&hellip;<\/p>\n","protected":false},"author":32,"featured_media":29919,"comment_status":"closed","ping_status":"open","sticky":false,"template":"","format":"standard","meta":{"ep_exclude_from_search":false,"p4_og_title":"","p4_og_description":"","p4_og_image":"","p4_og_image_id":"","p4_seo_canonical_url":"","p4_campaign_name":"not set","p4_local_project":"not set","p4_basket_name":"not set","p4_department":"","footnotes":""},"categories":[2],"tags":[6,18,110],"p4-page-type":[14],"class_list":["post-31198","post","type-post","status-publish","format-standard","has-post-thumbnail","hentry","category-klimat-energia","tag-klimat","tag-wegiel","tag-turow","p4-page-type-aktualnosci"],"_links":{"self":[{"href":"https:\/\/www.greenpeace.org\/poland\/wp-json\/wp\/v2\/posts\/31198","targetHints":{"allow":["GET"]}}],"collection":[{"href":"https:\/\/www.greenpeace.org\/poland\/wp-json\/wp\/v2\/posts"}],"about":[{"href":"https:\/\/www.greenpeace.org\/poland\/wp-json\/wp\/v2\/types\/post"}],"author":[{"embeddable":true,"href":"https:\/\/www.greenpeace.org\/poland\/wp-json\/wp\/v2\/users\/32"}],"replies":[{"embeddable":true,"href":"https:\/\/www.greenpeace.org\/poland\/wp-json\/wp\/v2\/comments?post=31198"}],"version-history":[{"count":1,"href":"https:\/\/www.greenpeace.org\/poland\/wp-json\/wp\/v2\/posts\/31198\/revisions"}],"predecessor-version":[{"id":31200,"href":"https:\/\/www.greenpeace.org\/poland\/wp-json\/wp\/v2\/posts\/31198\/revisions\/31200"}],"wp:featuredmedia":[{"embeddable":true,"href":"https:\/\/www.greenpeace.org\/poland\/wp-json\/wp\/v2\/media\/29919"}],"wp:attachment":[{"href":"https:\/\/www.greenpeace.org\/poland\/wp-json\/wp\/v2\/media?parent=31198"}],"wp:term":[{"taxonomy":"category","embeddable":true,"href":"https:\/\/www.greenpeace.org\/poland\/wp-json\/wp\/v2\/categories?post=31198"},{"taxonomy":"post_tag","embeddable":true,"href":"https:\/\/www.greenpeace.org\/poland\/wp-json\/wp\/v2\/tags?post=31198"},{"taxonomy":"p4-page-type","embeddable":true,"href":"https:\/\/www.greenpeace.org\/poland\/wp-json\/wp\/v2\/p4-page-type?post=31198"}],"curies":[{"name":"wp","href":"https:\/\/api.w.org\/{rel}","templated":true}]}}