{"id":31202,"date":"2021-12-14T14:15:02","date_gmt":"2021-12-14T12:15:02","guid":{"rendered":"https:\/\/www.greenpeace.org\/poland\/?p=31202"},"modified":"2021-12-14T14:15:06","modified_gmt":"2021-12-14T12:15:06","slug":"senacka-komisja-ds-klimatu-za-lepsza-ochrona-lasow","status":"publish","type":"post","link":"https:\/\/www.greenpeace.org\/poland\/aktualnosci\/31202\/senacka-komisja-ds-klimatu-za-lepsza-ochrona-lasow\/","title":{"rendered":"Senacka Komisja ds. Klimatu za lepsz\u0105 ochron\u0105 las\u00f3w"},"content":{"rendered":"\n<p>Nadzwyczajna senacka Komisja ds. Klimatu przyj\u0119\u0142a na dzisiejszym (14. grudnia) posiedzeniu szereg poprawek do rz\u0105dowej nowelizacji ustaw o lasach i o ochronie przyrody (druk senacki nr <a href=\"https:\/\/www.senat.gov.pl\/download\/gfx\/senat\/pl\/senatdruki\/11812\/druk\/576.pdf\">576<\/a>).\u00a0<\/p>\n\n<p>Przyj\u0119te poprawki dotycz\u0105 wprowadzenia wymogu \u015bcis\u0142ej ochrony gatunkowej podczas prowadzenia gospodarki le\u015bnej z mo\u017cliwo\u015bci\u0105 uzyskania indywidualnej derogacji, czym zr\u00f3wnano obowi\u0105zki w\u0142a\u015bcicieli las\u00f3w z przedstawicielami innych podmiot\u00f3w korzystaj\u0105cych ze \u015brodowiska. Poprawki wzmacniaj\u0105 tak\u017ce ustawow\u0105 delegacj\u0119 do wydania katalogu dobrych praktyk w le\u015bnictwie i podnosz\u0105 standardy ochrony przyrody w gospodarce le\u015bnej. Senacka Komisja zadeklarowa\u0142a tak\u017ce podj\u0119cie inicjatywy ustawodawczej w celu dalszej poprawy przepis\u00f3w dotycz\u0105cych gospodarki le\u015bnej&nbsp; i umo\u017cliwieniu spo\u0142ecze\u0144stwu zaskar\u017cania decyzji zatwierdzaj\u0105cych plany urz\u0105dzenia lasu do s\u0105du.&nbsp;<\/p>\n\n<p>Przedstawiamy komentarz organizacji pozarz\u0105dowych: Fundacji Frank Bold, Pracowni na rzecz Wszystkich Istot i Fundacji Greenpeace Polska, kt\u00f3re popieraj\u0105 zaproponowane poprawki:<\/p>\n\n<p>&#8211; Obecny spos\u00f3b prowadzenia gospodarki le\u015bnej szkodzi polskiej przyrodzie. Stan prawie jednej trzeciej siedlisk le\u015bnych Natura 2000 w Polsce uleg\u0142 pogorszeniu w okresie 2013\u20132018 w por\u00f3wnaniu do 2007\u20132012. Zmiany zarz\u0105dzania lasami publicznymi s\u0105 konieczne, niestety propozycje rz\u0105dowe w dalszym ci\u0105gu oznaczaj\u0105 papierow\u0105 ochron\u0119 las\u00f3w. Aby\u015bmy mogli by\u0107 spokojniejsi o przysz\u0142o\u015b\u0107 polskich las\u00f3w, parlament musi przyj\u0105\u0107 poprawki senackiej komisji &#8211; m\u00f3wi Rados\u0142aw \u015alusarczyk z Pracowni na rzecz Wszystkich Istot.<\/p>\n\n<p>&#8211; Zaproponowana przez rz\u0105d nowelizacja s\u0142u\u017cy\u0107 ma &#8211; wed\u0142ug projektodawc\u00f3w &#8211; wyeliminowaniu sprzeczno\u015bci mi\u0119dzy polskimi przepisami dotycz\u0105cymi las\u00f3w a prawem Unii Europejskiej. Komisja Europejska skar\u017cy si\u0119 mi\u0119dzy innymi na to, \u017ce mieszka\u0144cy Polski nie mog\u0105 na drodze s\u0105dowej podwa\u017ca\u0107 przyj\u0119tych przez ministra plan\u00f3w wycinek. To r\u00f3wnie\u017c jest sprzeczne z prawem unijnym, jednak rz\u0105d w og\u00f3le zignorowa\u0142 ten element skargi Komisji. Dlatego dobrze, \u017ce senatorowie i senatorki upomnieli si\u0119 o nasze prawo do s\u0105dowej ochrony las\u00f3w przed nadmiernymi i szkodliwymi dla przyrody wycinkami, i zapowiedzieli w tym zakresie swoj\u0105 inicjatyw\u0119 ustawodawcz\u0105 &#8211; m\u00f3wi Bartosz Kwiatkowski z Fundacji Frank Bold.<\/p>\n\n<p>&#8211; Wspaniale, \u017ce senacka komisja zdecydowa\u0142a si\u0119 m.in. znacznie rozbudowa\u0107 i wzmocni\u0107 katalog dobrych praktyk, jakim musz\u0105 kierowa\u0107 si\u0119 zarz\u0105dcy las\u00f3w. W obliczu kryzysu klimatyczno-przyrodniczego nie mo\u017cemy sobie pozwoli\u0107 na to, aby przerabianie las\u00f3w na trociny i pellet by\u0142o wa\u017cniejsze od chronionych gatunk\u00f3w i siedlisk. Lepsza ochrona \u017cycia w polskich lasach to korzy\u015b\u0107 dla nas wszystkich. Liczymy, \u017ce parlament przyjmie poprawki komisji ds. klimatu &#8211; m\u00f3wi Krzysztof Cibor z Greenpeace.<\/p>\n\n<p>Poprawki nadzwyczajnej komisji ds. klimatu b\u0119d\u0105 g\u0142osowane na najbli\u017cszym posiedzeniu Senatu (najprawdopodobniej w czwartek lub pi\u0105tek), a je\u015bli zostan\u0105 przyj\u0119te &#8211; trafi\u0105 ponownie pod obrady Sejmu.<\/p>\n","protected":false},"excerpt":{"rendered":"<p>Nadzwyczajna senacka Komisja ds. Klimatu przyj\u0119\u0142a na dzisiejszym posiedzeniu szereg poprawek do rz\u0105dowej nowelizacji ustaw o lasach i o ochronie przyrody (druk senacki nr 576).&nbsp;<\/p>\n","protected":false},"author":29,"featured_media":29876,"comment_status":"closed","ping_status":"open","sticky":false,"template":"","format":"standard","meta":{"ep_exclude_from_search":false,"p4_og_title":"","p4_og_description":"","p4_og_image":"","p4_og_image_id":"","p4_seo_canonical_url":"","p4_campaign_name":"not set","p4_local_project":"not set","p4_basket_name":"not set","p4_department":"","footnotes":""},"categories":[3],"tags":[19,26],"p4-page-type":[14],"class_list":["post-31202","post","type-post","status-publish","format-standard","has-post-thumbnail","hentry","category-przyroda","tag-lasy","tag-ochrona-przyrody","p4-page-type-aktualnosci"],"_links":{"self":[{"href":"https:\/\/www.greenpeace.org\/poland\/wp-json\/wp\/v2\/posts\/31202","targetHints":{"allow":["GET"]}}],"collection":[{"href":"https:\/\/www.greenpeace.org\/poland\/wp-json\/wp\/v2\/posts"}],"about":[{"href":"https:\/\/www.greenpeace.org\/poland\/wp-json\/wp\/v2\/types\/post"}],"author":[{"embeddable":true,"href":"https:\/\/www.greenpeace.org\/poland\/wp-json\/wp\/v2\/users\/29"}],"replies":[{"embeddable":true,"href":"https:\/\/www.greenpeace.org\/poland\/wp-json\/wp\/v2\/comments?post=31202"}],"version-history":[{"count":1,"href":"https:\/\/www.greenpeace.org\/poland\/wp-json\/wp\/v2\/posts\/31202\/revisions"}],"predecessor-version":[{"id":31203,"href":"https:\/\/www.greenpeace.org\/poland\/wp-json\/wp\/v2\/posts\/31202\/revisions\/31203"}],"wp:featuredmedia":[{"embeddable":true,"href":"https:\/\/www.greenpeace.org\/poland\/wp-json\/wp\/v2\/media\/29876"}],"wp:attachment":[{"href":"https:\/\/www.greenpeace.org\/poland\/wp-json\/wp\/v2\/media?parent=31202"}],"wp:term":[{"taxonomy":"category","embeddable":true,"href":"https:\/\/www.greenpeace.org\/poland\/wp-json\/wp\/v2\/categories?post=31202"},{"taxonomy":"post_tag","embeddable":true,"href":"https:\/\/www.greenpeace.org\/poland\/wp-json\/wp\/v2\/tags?post=31202"},{"taxonomy":"p4-page-type","embeddable":true,"href":"https:\/\/www.greenpeace.org\/poland\/wp-json\/wp\/v2\/p4-page-type?post=31202"}],"curies":[{"name":"wp","href":"https:\/\/api.w.org\/{rel}","templated":true}]}}