{"id":31667,"date":"2022-04-21T20:37:32","date_gmt":"2022-04-21T18:37:32","guid":{"rendered":"https:\/\/www.greenpeace.org\/poland\/?p=31667"},"modified":"2023-02-21T21:12:27","modified_gmt":"2023-02-21T19:12:27","slug":"przemysl-naftowy-w-unii-europejskiej-od-czasu-rosyjskiej-inwazji-na-ukraine-wzbogacil-sie-o-3-miliardy-zlotych","status":"publish","type":"post","link":"https:\/\/www.greenpeace.org\/poland\/artykuly\/31667\/przemysl-naftowy-w-unii-europejskiej-od-czasu-rosyjskiej-inwazji-na-ukraine-wzbogacil-sie-o-3-miliardy-zlotych\/","title":{"rendered":"Przemys\u0142 naftowy w Unii Europejskiej od czasu rosyjskiej inwazji na Ukrain\u0119 wzbogaci\u0142 si\u0119 o 3 miliardy z\u0142otych"},"content":{"rendered":"\n<p>Nowe badania Greenpeace pokazuj\u0105, \u017ce ze wzgl\u0119du na wojn\u0119 w Ukrainie i kryzys energetyczny, koncerny naftowe podnosz\u0105 ceny paliw, notuj\u0105c tym samym wzrost dochod\u00f3w<sup><strong>1<\/strong><\/sup>. Greenpeace wzywa rz\u0105dy UE do opodatkowania nieoczekiwanych zysk\u00f3w i zbadania zmowy cenowej wok\u00f3\u0142 paliw kopalnych.&nbsp;<\/p>\n\n<p>Tylko w marcu przemys\u0142 naftowy notowa\u0142 dzienny wzrost przychod\u00f3w na poziomie 107 milion\u00f3w euro, spowodowany podwy\u017ck\u0105 cen paliw. Klara Maria Schenk, dzia\u0142aczka na rzecz klimatu i transportu w Greenpeace, powiedzia\u0142a: \u201cPodczas gdy miliony Europejczyk\u00f3w borykaj\u0105 si\u0119 z ekstremalnie wysokimi kosztami paliwa i energii, przemys\u0142 naftowy podnosi ceny, aby osi\u0105gn\u0105\u0107 rekordowe zyski z powodu wojny i ci\u0105g\u0142ego kryzysu energetycznego. Wzrost cen ropy naftowej nie uzasadnia wzrostu cen w \u0142a\u0144cuchu dostaw. Wzywamy rz\u0105dy europejskie do po\u0142o\u017cenia kresu bezwstydnej \u017c\u0105dzy zysku z cierpie\u0144 Ukrainy i do opodatkowania tych niemoralnych zysk\u00f3w. Dochody z tych podatk\u00f3w powinny by\u0107 wykorzystywane do wspierania gospodarstw domowych o ograniczonych zasobach i przyspieszania transformacji sektora transportu zale\u017cnego od ropy do systemu s\u0142u\u017c\u0105cego planecie i ludziom.\u201d<\/p>\n\n<p>Podczas gdy cena ropy naftowej w okresie od stycznia do marca w Unii Europejskiej wzros\u0142a o oko\u0142o 90 groszy za litr w przeliczeniu z euro na z\u0142ot\u00f3wki, cena oleju nap\u0119dowego na stacji benzynowej podro\u017ca\u0142a a\u017c o 1,7 z\u0142otego za litr. Te znaczne mar\u017ce wyra\u017anie pokazuj\u0105, w jaki spos\u00f3b przemys\u0142 naftowy wykorzystuje kryzys, podnosz\u0105c ceny w \u0142a\u0144cuchu dostaw, podczas gdy cena produktu pierwotnego nie uleg\u0142a tak znacz\u0105cej zmianie.&nbsp;<\/p>\n\n<h3 class=\"wp-block-heading\"><strong>Greenpeace wzywa rz\u0105dy UE do opodatkowania dodatkowych zysk\u00f3w<\/strong><\/h3>\n\n<p>W odpowiedzi na rosyjsk\u0105 inwazj\u0119 na Ukrain\u0119 Komisja Europejska zezwoli\u0142a rz\u0105dom na opodatkowanie kr\u00f3tkoterminowych zysk\u00f3w z sektora energetycznego<strong><sup>2<\/sup><\/strong>, ale w du\u017cej mierze zignorowa\u0142a sektor naftowy. Dotychczas tylko kilka kraj\u00f3w skorzysta\u0142o z tego rozwi\u0105zania, ale skupi\u0142o si\u0119 g\u0142\u00f3wnie na dodatkowych zyskach na rynku gazu i energii elektrycznej. Rz\u0105dy UE musz\u0105 teraz rozszerzy\u0107 opodatkowanie zysk\u00f3w z kryzysu na przemys\u0142 naftowy.<\/p>\n\n<h3 class=\"wp-block-heading\"><strong>Komisja Europejska i rz\u0105dy musz\u0105 zbada\u0107 mo\u017cliwe zmowy cenowe<\/strong><\/h3>\n\n<p>Po rekordowym wzro\u015bcie cen paliw w marcu Niemcy<strong><sup>3<\/sup><\/strong> i Austria<strong><sup>4<\/sup><\/strong> rozpocz\u0119\u0142y dochodzenie w sprawie ewentualnych zm\u00f3w cenowych. Od tego czasu Komisja Europejska przeprowadzi\u0142a przeszukanie kilku przedsi\u0119biorstw w Niemczech<strong><sup>5<\/sup><\/strong>, kt\u00f3re do tej pory koncentrowa\u0142y si\u0119 wy\u0142\u0105cznie na przedsi\u0119biorstwach gazowych. Greenpeace wzywa r\u00f3wnie\u017c Komisj\u0119 do zbadania niedawnego wzrostu cen oleju nap\u0119dowego i benzyny rafinowanej w UE.<\/p>\n\n<h3 class=\"wp-block-heading\"><strong>Transformacja przemys\u0142u transportowego jest kluczowa w drodze do uniezale\u017cnienia od ropy<\/strong><\/h3>\n\n<p>Komisja Europejska ma w maju przedstawi\u0107 plan zmniejszenia uzale\u017cnienia Europy od rosyjskich paliw kopalnych (znany pod nazw\u0105 REPowerEU<strong><sup>6<\/sup><\/strong>), ale wst\u0119pny projekt ca\u0142kowicie pomija sektor transportu, kt\u00f3ry zu\u017cywa dwie trzecie ropy naftowej w UE. Aby uwolni\u0107 Europ\u0119 od uzale\u017cnienia od paliw kopalnych, UE musi podj\u0105\u0107 dzia\u0142ania maj\u0105ce na celu przyspieszenie dekarbonizacji sektora transportowego, pocz\u0105wszy od zaprzestania lot\u00f3w kr\u00f3tkodystansowych i biznesowych, wspiera\u0107 wykorzystanie alternatywnych po\u0142\u0105cze\u0144 kolejowych, promowania transportu publicznego i kolejowego oraz stopniowego wycofywania si\u0119 z paliw kopalnych.<\/p>\n\t\t\t<section\n\t\t\tclass=\"boxout   sticky-bottom-mobile collapse show\"\n\t\t\tid=\"action-card\"\n\t\t>\n\t\t\t<a\n\t\t\t\tdata-ga-category=\"Take Action Boxout\"\n\t\t\t\tdata-ga-action=\"Image\"\n\t\t\t\tdata-ga-label=\"n\/a\"\n\t\t\t\tclass=\"cover-card-overlay\"\n\t\t\t\thref=\"https:\/\/dzialaj.greenpeace.pl\/energiadlapokoju\" target=\"_blank\"\n\t\t\t><\/a>\n\t\t\t\t\t\t\t<img\n\t\t\t\t\t\tsrc=\"https:\/\/www.greenpeace.org\/static\/planet4-poland-stateless\/2022\/03\/9ac6beec-putin-1024x576.jpg\"\n\t\t\t\t\t\tsrcset=\"https:\/\/www.greenpeace.org\/static\/planet4-poland-stateless\/2022\/03\/9ac6beec-putin-500x281.jpg 500w, https:\/\/www.greenpeace.org\/static\/planet4-poland-stateless\/2022\/03\/9ac6beec-putin-1024x576.jpg 1024w, https:\/\/www.greenpeace.org\/static\/planet4-poland-stateless\/2022\/03\/9ac6beec-putin-768x432.jpg 768w, https:\/\/www.greenpeace.org\/static\/planet4-poland-stateless\/2022\/03\/9ac6beec-putin-1536x864.jpg 1536w, https:\/\/www.greenpeace.org\/static\/planet4-poland-stateless\/2022\/03\/9ac6beec-putin-510x287.jpg 510w, https:\/\/www.greenpeace.org\/static\/planet4-poland-stateless\/2022\/03\/9ac6beec-putin.jpg 1920w\"\n\t\t\t\t\t\tsizes=\"(min-width: 1000px) 358px, (min-width: 780px) 313px, 88px\"\n\t\t\t\t\t\talt=\"\" title=\"\"\n\t\t\t\t\/>\n            \t\t\t<div class=\"boxout-content\">\n\t\t\t\t\t\t\t\t\t<a\n\t\t\t\t\t\tclass=\"boxout-heading medium\"\n\t\t\t\t\t\tdata-ga-category=\"Take Action Boxout\"\n\t\t\t\t\t\tdata-ga-action=\"Title\"\n\t\t\t\t\t\tdata-ga-label=\"n\/a\"\n\t\t\t\t\t\thref=\"https:\/\/dzialaj.greenpeace.pl\/energiadlapokoju\"\n\t\t\t\t\t\ttarget=\"_blank\"\n\t\t\t\t\t>\n\t\t\t\t\t\tPodpisz petycj\u0119: CZAS SKO\u0143CZY\u0106 Z\u00a0 KUPOWANIEM\u00a0PALIW\u00a0 KOPALNYCH OD\u00a0 PUTINA\n\t\t\t\t\t<\/a>\n\t\t\t\t\t\t\t\t\t\t\t\t\t<p class=\"boxout-excerpt\">Czas odci\u0105\u0107 si\u0119 od w\u0119gla, ropy i gazu ziemnego, kt\u00f3re okupione s\u0105 krwi\u0105 Ukrainek i Ukrai\u0144c\u00f3w.<\/p>\n\t\t\t\t                                    <a\n                        class=\"btn btn-primary\"\n                        data-ga-category=\"Take Action Boxout\"\n                        data-ga-action=\"Call to Action\"\n                        data-ga-label=\"n\/a\"\n                        href=\"https:\/\/dzialaj.greenpeace.pl\/energiadlapokoju\"\n                        target=\"_blank\"\n                    >\n                        Podpisuj\u0119!\n                    <\/a>\n                \t\t\t<\/div>\n\t\t\t\t\t\t\t<a\n\t\t\t\t\tclass=\"not-now\"\n\t\t\t\t\trole=\"button\"\n\t\t\t\t\tdata-bs-toggle=\"collapse\"\n\t\t\t\t\thref=\"#action-card\"\n\t\t\t\t><\/a>\n\t\t\t\t\t<\/section>\n\t\n<p><strong>Przypisy:<\/strong><\/p>\n\n<ol class=\"wp-block-list\">\n<li><a href=\"https:\/\/greenpeace.at\/assets\/uploads\/pdf\/presse\/Media_briefing_Greenpeace_the_Crisis_Profiteers_analysis.pdf\">https:\/\/greenpeace.at\/assets\/uploads\/pdf\/presse\/Media_briefing_Greenpeace_the_Crisis_Profiteers_analysis.pdf<\/a><\/li>\n\n\n\n<li><a href=\"https:\/\/ec.europa.eu\/commission\/presscorner\/detail\/en\/ip_22_1511\">https:\/\/ec.europa.eu\/commission\/presscorner\/detail\/en\/ip_22_151<\/a><\/li>\n\n\n\n<li><a href=\"https:\/\/www.euractiv.com\/section\/politics\/short_news\/germany-investigates-suspected-gouging-of-petrol-prices\/\">https:\/\/www.euractiv.com\/section\/politics\/short_news\/germany-investigates-suspected-gouging-of-petrol-prices\/<\/a><\/li>\n\n\n\n<li><a href=\"https:\/\/www.kleinezeitung.at\/wirtschaft\/6114601\/Hohe-Spritpreise_Wettbewerbsbehoerde-startet-Untersuchung\">https:\/\/www.kleinezeitung.at\/wirtschaft\/6114601\/Hohe-Spritpreise_Wettbewerbsbehoerde-startet-Untersuchung<\/a><\/li>\n\n\n\n<li><a href=\"https:\/\/ec.europa.eu\/commission\/presscorner\/detail\/en\/IP_22_2202\">https:\/\/ec.europa.eu\/commission\/presscorner\/detail\/en\/IP_22_2202<\/a> <\/li>\n<\/ol>\n","protected":false},"excerpt":{"rendered":"<p>Nowe badania Greenpeace pokazuj\u0105, \u017ce ze wzgl\u0119du na wojn\u0119 w Ukrainie i kryzys energetyczny, koncerny naftowe podnosz\u0105 ceny paliw, notuj\u0105c tym samym wzrost dochod\u00f3w. Greenpeace wzywa rz\u0105dy UE do opodatkowania&hellip;<\/p>\n","protected":false},"author":25,"featured_media":31610,"comment_status":"closed","ping_status":"open","sticky":false,"template":"","format":"standard","meta":{"ep_exclude_from_search":false,"p4_og_title":"","p4_og_description":"","p4_og_image":"","p4_og_image_id":"","p4_seo_canonical_url":"","p4_campaign_name":"not set","p4_local_project":"not set","p4_basket_name":"not set","p4_department":"","footnotes":""},"categories":[2],"tags":[25,31],"p4-page-type":[16],"class_list":["post-31667","post","type-post","status-publish","format-standard","has-post-thumbnail","hentry","category-klimat-energia","tag-paliwakopalne","tag-demokracjaiprawaczlowieka","p4-page-type-artykuly"],"_links":{"self":[{"href":"https:\/\/www.greenpeace.org\/poland\/wp-json\/wp\/v2\/posts\/31667","targetHints":{"allow":["GET"]}}],"collection":[{"href":"https:\/\/www.greenpeace.org\/poland\/wp-json\/wp\/v2\/posts"}],"about":[{"href":"https:\/\/www.greenpeace.org\/poland\/wp-json\/wp\/v2\/types\/post"}],"author":[{"embeddable":true,"href":"https:\/\/www.greenpeace.org\/poland\/wp-json\/wp\/v2\/users\/25"}],"replies":[{"embeddable":true,"href":"https:\/\/www.greenpeace.org\/poland\/wp-json\/wp\/v2\/comments?post=31667"}],"version-history":[{"count":10,"href":"https:\/\/www.greenpeace.org\/poland\/wp-json\/wp\/v2\/posts\/31667\/revisions"}],"predecessor-version":[{"id":32418,"href":"https:\/\/www.greenpeace.org\/poland\/wp-json\/wp\/v2\/posts\/31667\/revisions\/32418"}],"wp:featuredmedia":[{"embeddable":true,"href":"https:\/\/www.greenpeace.org\/poland\/wp-json\/wp\/v2\/media\/31610"}],"wp:attachment":[{"href":"https:\/\/www.greenpeace.org\/poland\/wp-json\/wp\/v2\/media?parent=31667"}],"wp:term":[{"taxonomy":"category","embeddable":true,"href":"https:\/\/www.greenpeace.org\/poland\/wp-json\/wp\/v2\/categories?post=31667"},{"taxonomy":"post_tag","embeddable":true,"href":"https:\/\/www.greenpeace.org\/poland\/wp-json\/wp\/v2\/tags?post=31667"},{"taxonomy":"p4-page-type","embeddable":true,"href":"https:\/\/www.greenpeace.org\/poland\/wp-json\/wp\/v2\/p4-page-type?post=31667"}],"curies":[{"name":"wp","href":"https:\/\/api.w.org\/{rel}","templated":true}]}}