{"id":3176,"date":"2019-07-17T12:32:52","date_gmt":"2019-07-17T10:32:52","guid":{"rendered":"https:\/\/www.greenpeace.org\/poland\/?p=3176"},"modified":"2025-06-23T16:42:15","modified_gmt":"2025-06-23T14:42:15","slug":"wieloryby-przy-neptunie-i-morze-plastiku","status":"publish","type":"post","link":"https:\/\/www.greenpeace.org\/poland\/aktualnosci\/3176\/wieloryby-przy-neptunie-i-morze-plastiku\/","title":{"rendered":"Wieloryby przy Neptunie i morze plastiku"},"content":{"rendered":"<p><strong>Dzi\u015b w Gda\u0144sku, na D\u0142ugim Targu przy Fontannie Neptuna stan\u0119\u0142a niezwyk\u0142a rze\u017aba przedstawiaj\u0105ca dwa, naturalnej wielko\u015bci wieloryby wy\u0142aniaj\u0105ce si\u0119 z oceanu. Doros\u0142a, sze\u015bciometrowa samica i jej dziecko wyskakuj\u0105 z wody, \u017ceby zaczerpn\u0105\u0107 powietrza. Jednak, \u017ceby to zrobi\u0107, musz\u0105 przedosta\u0107 si\u0119 przez pokrywaj\u0105ce powierzchni\u0119 plastikowe \u015bmieci. W ten spos\u00f3b Greenpeace rozpoczyna letni\u0105 akcj\u0119 #BezPlastiku.\u00a0<\/strong><\/p>\n<p>\u017byjemy w czasach prawdziwej plastikowej epidemii, kt\u00f3rej przyczyn\u0105 jest masowa produkcja plastikowych produkt\u00f3w jednorazowego u\u017cytku i braku przepis\u00f3w, kt\u00f3re by skutecznie to ogranicza\u0142y. \u017beby przerwa\u0107 to b\u0142\u0119dne ko\u0142o, konieczne s\u0105 rozwi\u0105zania systemowe, kt\u00f3re ogranicz\u0105 produkcj\u0119 plastiku jednorazowego u\u017cytku oraz zwi\u0119ksz\u0105 odpowiedzialno\u015b\u0107 producenta. Naprzeciw tym potrzebom wychodz\u0105 unijne przepisy, kt\u00f3re na przestrzeni dw\u00f3ch kolejnych lat musz\u0105 zosta\u0107 wprowadzone w naszym kraju.<\/p>\n<p>&#8211; Polska powinna potraktowa\u0107 dyrektyw\u0119 jako wyznacznik minimum potrzeb. To znaczy podj\u0105\u0107 znacznie ambitniejsze dzia\u0142ania oraz wyj\u015b\u0107 poza uwzgl\u0119dniony w dyrektywie katalog produkt\u00f3w, kt\u00f3rych u\u017cycie b\u0119dzie zakazane lub ograniczone. Rz\u0105d nie mo\u017ce d\u0142u\u017cej zrzuca\u0107 odpowiedzialno\u015bci na ludzi oraz liczy\u0107, \u017ce korporacje dobrowolnie podejm\u0105 realne dzia\u0142ania. Prawdziw\u0105 przyczyn\u0105 problemu zanieczyszczenia \u015brodowiska tworzywami sztucznymi jest masowa produkcja plastiku jednorazowego u\u017cytku i braku przepis\u00f3w, kt\u00f3re by skutecznie to ogranicza\u0142y. Czas, by przerwa\u0107 b\u0142\u0119dne ko\u0142o, w kt\u00f3rym rz\u0105dy i korporacje unikaj\u0105 odpowiedzialno\u015bci za plastikow\u0105 epidemi\u0119 \u2013 powiedzia\u0142a Magdalena Figura z Greenpeace.<\/p>\n<p>Tego lata w Gda\u0144sku, Mi\u0119dzyzdrojach i Ko\u0142obrzegu b\u0119dzie mo\u017cna do\u0142\u0105czy\u0107 do strefy Greenpeace #BezPlastiku i wzi\u0105\u0107 udzia\u0142 w dzia\u0142aniach na rzecz ograniczenia plastiku jednorazowego u\u017cytku. Ekolodzy zapraszaj\u0105 wszystkich na spacery po\u0142\u0105czone ze zbi\u00f3rk\u0105 \u015bmieci z pla\u017c i ich okolic. Zebrane \u015bmieci zostan\u0105 poddane audytom, by dowiedzie\u0107 si\u0119, jakich \u015bmieci jest nad Ba\u0142tykiem najwi\u0119cej. Do akcji zaproszeni zostali tak\u017ce nurkowie, kt\u00f3rzy b\u0119d\u0105 sprz\u0105ta\u0107 fragmenty dna morskiego [1].<\/p>\n<p>W walce z plastikiem Greenpeace po\u0142\u0105czy\u0142 si\u0142y z Instytutem Oceanologii Polskiej Akademii Nauk, kt\u00f3ry bada zjawisko wyst\u0119powania w przyrodzie nurdli \u2013 granulatu z tworzyw sztucznych. W ramach tzw. nauki obywatelskiej ka\u017cda osoba b\u0119dzie mog\u0142a wzi\u0105\u0107 udzia\u0142 w poszukiwaniu nurdli nad pla\u017cy [2].<\/p>\n<p>&#8211; Nurdle to granulat przypominaj\u0105cy kszta\u0142tem i wielko\u015bci\u0105 ziarna soczewicy, z kt\u00f3rego wytwarza si\u0119 plastikowe przedmioty. Na pla\u017cach ca\u0142ego \u015bwiata znajduje si\u0119 ich coraz wi\u0119cej. Dostaj\u0105 si\u0119 do \u015brodowiska g\u0142\u00f3wnie w czasie produkcji i transportu. Nie ma jeszcze efektywnego sposobu, by je usun\u0105\u0107. W Polsce zasi\u0119g wyst\u0119powania jeszcze nie jest dok\u0142adnie zbadany, ale obecno\u015b\u0107 nurdli w ekosystemie Ba\u0142tyku jest zauwa\u017calna \u2013 m\u00f3wi dr Emilia Jankowska z Instytutu Oceanologii Polskiej Akademii Nauk.<\/p>\n<p>W ramach kampanii #BezPlastiku Greenpeace rozpocz\u0105\u0142 zbieranie podpis\u00f3w pod petycj\u0105 do ministra \u015brodowiska, kt\u00f3ry jest odpowiedzialny za wdro\u017cenie wymog\u00f3w przyj\u0119tej w tym roku dyrektywy Unii Europejskiej o ograniczeniu plastiku jednorazowego u\u017cytku. Regulacja ta zakazuje stosowania niekt\u00f3rych przedmiot\u00f3w jednorazowych z plastiku, jak np. sztu\u0107c\u00f3w, patyczk\u00f3w do uszu, czy talerzy. Nak\u0142ada r\u00f3wnie\u017c na pa\u0144stwa cz\u0142onkowskie obowi\u0105zek podj\u0119cia ambitnych dzia\u0142a\u0144\u00a0 zmniejszaj\u0105cych ilo\u015b\u0107 zu\u017cywanego plastiku jednorazowego. Petycj\u0119 mo\u017cna podpisa\u0107 tu:<a href=\"https:\/\/act.gp\/plastik\"> https:\/\/act.gp\/plastik<\/a><\/p>\n<div data-render=\"planet4-blocks\/gallery\" data-attributes=\"{&quot;attributes&quot;:{&quot;gallery_block_style&quot;:0,&quot;gallery_block_title&quot;:&quot;&quot;,&quot;gallery_block_description&quot;:&quot;&quot;,&quot;multiple_image&quot;:&quot;&quot;,&quot;gallery_block_focus_points&quot;:&quot;&quot;,&quot;image_data&quot;:[],&quot;images&quot;:[]}}\"><\/div><p>&nbsp;<\/p>\n\t\t\t<section\n\t\t\tclass=\"boxout post-3181 \"\n\t\t\t\n\t\t>\n\t\t\t<a\n\t\t\t\tdata-ga-category=\"Take Action Boxout\"\n\t\t\t\tdata-ga-action=\"Image\"\n\t\t\t\tdata-ga-label=\"n\/a\"\n\t\t\t\tclass=\"cover-card-overlay\"\n\t\t\t\thref=\"https:\/\/www.greenpeace.org\/poland\/dzialaj-old\/wesprzyj-walke-z-plastikiem-darowizna\/\" \n\t\t\t><\/a>\n\t\t\t\t\t\t\t<img\n\t\t\t\t\t\tsrc=\"https:\/\/www.greenpeace.org\/static\/planet4-poland-stateless\/2019\/06\/5056ccf2-gp0stpywj-1024x686.jpg\"\n\t\t\t\t\t\tsrcset=\"https:\/\/www.greenpeace.org\/static\/planet4-poland-stateless\/2019\/06\/5056ccf2-gp0stpywj-300x201.jpg 300w, https:\/\/www.greenpeace.org\/static\/planet4-poland-stateless\/2019\/06\/5056ccf2-gp0stpywj-768x514.jpg 768w, https:\/\/www.greenpeace.org\/static\/planet4-poland-stateless\/2019\/06\/5056ccf2-gp0stpywj-1024x686.jpg 1024w, https:\/\/www.greenpeace.org\/static\/planet4-poland-stateless\/2019\/06\/5056ccf2-gp0stpywj-508x340.jpg 508w, https:\/\/www.greenpeace.org\/static\/planet4-poland-stateless\/2019\/06\/5056ccf2-gp0stpywj.jpg 2000w\"\n\t\t\t\t\t\tsizes=\"(min-width: 1000px) 358px, (min-width: 780px) 313px, 88px\"\n\t\t\t\t\t\talt=\"\" title=\"\"\n\t\t\t\t\/>\n            \t\t\t<div class=\"boxout-content\">\n\t\t\t\t\t\t\t\t\t<a\n\t\t\t\t\t\tclass=\"boxout-heading medium\"\n\t\t\t\t\t\tdata-ga-category=\"Take Action Boxout\"\n\t\t\t\t\t\tdata-ga-action=\"Title\"\n\t\t\t\t\t\tdata-ga-label=\"n\/a\"\n\t\t\t\t\t\thref=\"https:\/\/www.greenpeace.org\/poland\/dzialaj-old\/wesprzyj-walke-z-plastikiem-darowizna\/\"\n\t\t\t\t\t\t\n\t\t\t\t\t>\n\t\t\t\t\t\tWesprzyj walk\u0119 z plastikiem\n\t\t\t\t\t<\/a>\n\t\t\t\t\t\t\t\t\t\t\t\t\t<p class=\"boxout-excerpt\">Pom\u00f3\u017c nam chroni\u0107 \u015bwiat przed plastikow\u0105 epidemi\u0105, wesprzyj nasze dzia\u0142ania!<\/p>\n\t\t\t\t                                    <a\n                        class=\"btn btn-primary\"\n                        data-ga-category=\"Take Action Boxout\"\n                        data-ga-action=\"Call to Action\"\n                        data-ga-label=\"n\/a\"\n                        href=\"https:\/\/www.greenpeace.org\/poland\/dzialaj-old\/wesprzyj-walke-z-plastikiem-darowizna\/\"\n                        \n                    >\n                        Dzia\u0142aj!\n                    <\/a>\n                \t\t\t<\/div>\n\t\t\t\t\t<\/section>\n\t","protected":false},"excerpt":{"rendered":"<p>Dzi\u015b w Gda\u0144sku, na D\u0142ugim Targu przy Fontannie Neptuna stan\u0119\u0142a niezwyk\u0142a rze\u017aba przedstawiaj\u0105ca dwa, naturalnej wielko\u015bci wieloryby wy\u0142aniaj\u0105ce si\u0119 z oceanu. Doros\u0142a, sze\u015bciometrowa samica i jej dziecko wyskakuj\u0105 z wody,&hellip;<\/p>\n","protected":false},"author":32,"featured_media":3177,"comment_status":"closed","ping_status":"open","sticky":false,"template":"","format":"standard","meta":{"ep_exclude_from_search":false,"p4_og_title":"","p4_og_description":"","p4_og_image":"","p4_og_image_id":"","p4_seo_canonical_url":"","p4_campaign_name":"","p4_local_project":"","p4_basket_name":"","p4_department":"","footnotes":""},"categories":[3],"tags":[8],"p4-page-type":[14],"class_list":["post-3176","post","type-post","status-publish","format-standard","has-post-thumbnail","hentry","category-przyroda","tag-plastik","p4-page-type-aktualnosci"],"_links":{"self":[{"href":"https:\/\/www.greenpeace.org\/poland\/wp-json\/wp\/v2\/posts\/3176","targetHints":{"allow":["GET"]}}],"collection":[{"href":"https:\/\/www.greenpeace.org\/poland\/wp-json\/wp\/v2\/posts"}],"about":[{"href":"https:\/\/www.greenpeace.org\/poland\/wp-json\/wp\/v2\/types\/post"}],"author":[{"embeddable":true,"href":"https:\/\/www.greenpeace.org\/poland\/wp-json\/wp\/v2\/users\/32"}],"replies":[{"embeddable":true,"href":"https:\/\/www.greenpeace.org\/poland\/wp-json\/wp\/v2\/comments?post=3176"}],"version-history":[{"count":7,"href":"https:\/\/www.greenpeace.org\/poland\/wp-json\/wp\/v2\/posts\/3176\/revisions"}],"predecessor-version":[{"id":36974,"href":"https:\/\/www.greenpeace.org\/poland\/wp-json\/wp\/v2\/posts\/3176\/revisions\/36974"}],"wp:featuredmedia":[{"embeddable":true,"href":"https:\/\/www.greenpeace.org\/poland\/wp-json\/wp\/v2\/media\/3177"}],"wp:attachment":[{"href":"https:\/\/www.greenpeace.org\/poland\/wp-json\/wp\/v2\/media?parent=3176"}],"wp:term":[{"taxonomy":"category","embeddable":true,"href":"https:\/\/www.greenpeace.org\/poland\/wp-json\/wp\/v2\/categories?post=3176"},{"taxonomy":"post_tag","embeddable":true,"href":"https:\/\/www.greenpeace.org\/poland\/wp-json\/wp\/v2\/tags?post=3176"},{"taxonomy":"p4-page-type","embeddable":true,"href":"https:\/\/www.greenpeace.org\/poland\/wp-json\/wp\/v2\/p4-page-type?post=3176"}],"curies":[{"name":"wp","href":"https:\/\/api.w.org\/{rel}","templated":true}]}}