{"id":31936,"date":"2021-11-12T14:47:00","date_gmt":"2021-11-12T12:47:00","guid":{"rendered":"https:\/\/www.greenpeace.org\/poland\/?p=31936"},"modified":"2023-05-11T23:17:34","modified_gmt":"2023-05-11T21:17:34","slug":"raport-nowe-miejsca-do-zycia","status":"publish","type":"post","link":"https:\/\/www.greenpeace.org\/poland\/raporty\/31936\/raport-nowe-miejsca-do-zycia\/","title":{"rendered":"Raport: Nowe miejsca do \u017cycia"},"content":{"rendered":"\n<p>Raport przygotowany przez dr Ann\u0119 i dr Lech Krzysztofiak\u00f3w dotyczy charakterystyki przyrodniczej oraz wprowadzonych zmian pod k\u0105tem wyst\u0119powania&nbsp;owad\u00f3w zapylaj\u0105cych na czterech obszarach zlokalizowanych na terenie Polski.<\/p>\n\n<p>Informacje wykorzystane\u00a0przy sporz\u0105dzaniu Raportu pochodz\u0105 z bada\u0144 w\u0142asnych przeprowadzonych od maja 2020 do sierpnia\u00a02021 roku w ramach akcji <a href=\"https:\/\/adoptujpszczole.pl\">Adoptuj Pszczo\u0142\u0119<\/a>.<\/p>\n\n<p><strong>Pobierz raport w formacie PDF:<\/strong> <a href=\"https:\/\/www.greenpeace.org\/static\/planet4-poland-stateless\/2022\/07\/767f9978-raport_miejsca-do-zycia_2022.pdf\">Nowe miejsca do \u017cycia<\/a><\/p>\n\n<div data-wp-interactive=\"core\/file\" class=\"wp-block-file alignfull\"><object data-wp-bind--hidden=\"!state.hasPdfPreview\" hidden class=\"wp-block-file__embed\" data=\"https:\/\/www.greenpeace.org\/static\/planet4-poland-stateless\/2022\/07\/767f9978-raport_miejsca-do-zycia_2022.pdf\" type=\"application\/pdf\" style=\"width:100%;height:837px\" aria-label=\"Osadzone z Raport: Miejsca do \u017cycia 2022.\"><\/object><a id=\"wp-block-file--media-597ff3be-403d-47d6-9148-f5afd2f0ff69\" href=\"https:\/\/www.greenpeace.org\/static\/planet4-poland-stateless\/2022\/07\/767f9978-raport_miejsca-do-zycia_2022.pdf\">Raport: Miejsca do \u017cycia 2022<\/a><\/div>\n","protected":false},"excerpt":{"rendered":"<p>Raport dotyczy charakterystyki przyrodniczej oraz wprowadzonych zmian pod k\u0105tem wyst\u0119powania\u00a0owad\u00f3w zapylaj\u0105cych na czterech obszarach zlokalizowanych na terenie Polski.<\/p>\n","protected":false},"author":25,"featured_media":31940,"comment_status":"closed","ping_status":"open","sticky":false,"template":"","format":"standard","meta":{"ep_exclude_from_search":false,"p4_og_title":"","p4_og_description":"","p4_og_image":"","p4_og_image_id":"","p4_seo_canonical_url":"","p4_campaign_name":"not set","p4_local_project":"not set","p4_basket_name":"not set","p4_department":"","footnotes":""},"categories":[3,4],"tags":[28],"p4-page-type":[15],"class_list":["post-31936","post","type-post","status-publish","format-standard","has-post-thumbnail","hentry","category-przyroda","category-rolnictwo","tag-pszczoly","p4-page-type-raporty"],"_links":{"self":[{"href":"https:\/\/www.greenpeace.org\/poland\/wp-json\/wp\/v2\/posts\/31936","targetHints":{"allow":["GET"]}}],"collection":[{"href":"https:\/\/www.greenpeace.org\/poland\/wp-json\/wp\/v2\/posts"}],"about":[{"href":"https:\/\/www.greenpeace.org\/poland\/wp-json\/wp\/v2\/types\/post"}],"author":[{"embeddable":true,"href":"https:\/\/www.greenpeace.org\/poland\/wp-json\/wp\/v2\/users\/25"}],"replies":[{"embeddable":true,"href":"https:\/\/www.greenpeace.org\/poland\/wp-json\/wp\/v2\/comments?post=31936"}],"version-history":[{"count":6,"href":"https:\/\/www.greenpeace.org\/poland\/wp-json\/wp\/v2\/posts\/31936\/revisions"}],"predecessor-version":[{"id":32756,"href":"https:\/\/www.greenpeace.org\/poland\/wp-json\/wp\/v2\/posts\/31936\/revisions\/32756"}],"wp:featuredmedia":[{"embeddable":true,"href":"https:\/\/www.greenpeace.org\/poland\/wp-json\/wp\/v2\/media\/31940"}],"wp:attachment":[{"href":"https:\/\/www.greenpeace.org\/poland\/wp-json\/wp\/v2\/media?parent=31936"}],"wp:term":[{"taxonomy":"category","embeddable":true,"href":"https:\/\/www.greenpeace.org\/poland\/wp-json\/wp\/v2\/categories?post=31936"},{"taxonomy":"post_tag","embeddable":true,"href":"https:\/\/www.greenpeace.org\/poland\/wp-json\/wp\/v2\/tags?post=31936"},{"taxonomy":"p4-page-type","embeddable":true,"href":"https:\/\/www.greenpeace.org\/poland\/wp-json\/wp\/v2\/p4-page-type?post=31936"}],"curies":[{"name":"wp","href":"https:\/\/api.w.org\/{rel}","templated":true}]}}