{"id":32137,"date":"2022-09-28T15:49:34","date_gmt":"2022-09-28T13:49:34","guid":{"rendered":"https:\/\/www.greenpeace.org\/poland\/?p=32137"},"modified":"2025-11-20T16:11:39","modified_gmt":"2025-11-20T14:11:39","slug":"wycieki-nord-stream-1-i-nord-stream-2-to-wierzcholek-gory-lodowej","status":"publish","type":"post","link":"https:\/\/www.greenpeace.org\/poland\/aktualnosci\/32137\/wycieki-nord-stream-1-i-nord-stream-2-to-wierzcholek-gory-lodowej\/","title":{"rendered":"<strong>Wycieki Nord Stream 1 i Nord Stream 2 to wierzcho\u0142ek g\u00f3ry lodowej&nbsp;<\/strong>"},"content":{"rendered":"\n<p><strong>Obecne wycieki z gazoci\u0105g\u00f3w Nord Stream 1 i Nord Stream 2 powoduj\u0105 emisj\u0119 gaz\u00f3w cieplarnianych i niew\u0105tpliwie wp\u0142ywaj\u0105 bezpo\u015brednio na pog\u0142\u0119bienie kryzysu klimatycznego. Wed\u0142ug Mi\u0119dzynarodowej Agencji Energii metan jest 85 razy bardziej szkodliwy w perspektywie 20 lat ni\u017c dwutlenek w\u0119gla.\u00a0<\/strong><\/p>\n\n<p>Dok\u0142adna skala emisji metanu do atmosfery w wyniku uszkodzenia gazoci\u0105g\u00f3w nie jest znana i trudna do oszacowania ze wzgl\u0119du na wiele niewiadomych dotycz\u0105cych ilo\u015bci i parametr\u00f3w znajduj\u0105cego si\u0119 w rurach gazu.<\/p>\n\n<p>Jak szacuj\u0105 eksperci z gazoci\u0105gu Nord Stream 2 wyciek metanu mo\u017ce odpowiada\u0107 emisjom oko\u0142o <a href=\"https:\/\/www.reuters.com\/business\/environment\/nord-stream-gas-leaks-raise-climate-fears-impact-hard-quantify-2022-09-27\/\">6 mln ton CO2<\/a>. Podobne szacunki nie s\u0105 obecnie dost\u0119pne dla gazoci\u0105gu Nord Stream 1 ze wzgl\u0119du na brak informacji o tym ile gazu znajdowa\u0142o si\u0119 w instalacji ze wzgl\u0119du na prowadzone prace naprawcze. Obecne szacunki ca\u0142o\u015bci wycieku r\u00f3\u017cni\u0105 si\u0119 w zale\u017cno\u015bci od \u017ar\u00f3d\u0142a i podaj\u0105 mi\u0119dzy <a href=\"https:\/\/www.bloomberg.com\/news\/articles\/2022-09-28\/nord-stream-gas-leaks-could-be-unprecedented-climate-disaster?leadSource=uverify%20wall\">10 a 30 mln ton<\/a> CO2 &#8211; mo\u017ce to by\u0107 wi\u0119c tyle ile wynosz\u0105 p\u00f3\u0142roczne emisje z transportu w Polsce.&nbsp;<\/p>\n\n<p>Niezale\u017cnie od tego, \u017ce uszkodzenia gazoci\u0105g\u00f3w Nord Stream s\u0105 sytuacj\u0105 nadzwyczajn\u0105 &#8211; bior\u0105c pod uwag\u0119 doniesienia o mo\u017cliwo\u015bci sabota\u017cu, wycieki metanu z gazoci\u0105g\u00f3w to przygn\u0119biaj\u0105ca codzienno\u015b\u0107. Jak szacuje Mi\u0119dzynarodowa Agencja Energii w 2021 roku wycieki metanu towarzysz\u0105ce sektorowi paliw kopalnych&nbsp; odpowiada\u0142y r\u00f3wnowarto\u015bci 180 mld m3 gazu ziemnego. Taka ilo\u015b\u0107 gazu odpowiada rocznemu zu\u017cyciu gazu w sektorze energetycznym ca\u0142ej Unii Europejskiej.&nbsp;<\/p>\n\n<p>Wycieki metanu z infrastruktury gazowej to niejedyny problem, jaki generuje wykorzystanie gazu w energetyce. Kolejne emisje zwi\u0105zane s\u0105 oczywi\u015bcie ze spalaniem samego gazu w elektrowniach czy elektrociep\u0142owniach. Mamy pog\u0142\u0119biaj\u0105cy si\u0119 kryzys klimatyczny a uzale\u017cnienie od gazu tylko go nap\u0119dza. Politycy Prawa i Sprawiedliwo\u015bci, na czele z wicepremierem Jackiem Sasinem wprowadzaj\u0105 opini\u0119 publiczn\u0105 w b\u0142\u0105d m\u00f3wi\u0105c, \u017ce Baltic Pipe zwi\u0119ksza niezale\u017cno\u015b\u0107 energetyczn\u0105 Polski. To nieprawda, nadal importujemy gaz, tylko z innego kierunku. Natomiast&nbsp; drog\u0105 do suwerenno\u015bci energetycznej Polski i do rozwi\u0105zania kryzysu w energetyce s\u0105 intensywne inwestycje w krajowe \u017ar\u00f3d\u0142a takie jak OZE, takie jak wiatraki, panele s\u0142oneczny czy w ocieplenie dom\u00f3w. Najnowszy sonda\u017c dla \u201cRzeczpospolitej\u201d pokazuje, \u017ce ponad 60 procent Polek i Polak\u00f3w upatruje w odnawialnych \u017ar\u00f3d\u0142ach energii ratunku w obliczu kryzysu energetycznego. Tym bardziej dziwi, \u017ce rz\u0105dz\u0105cy mimo licznych zapowiedzi jeszcze nie uwolnili pe\u0142nego potencja\u0142u zielonej energii w Polsce. Wygl\u0105da na to, \u017ce dla rz\u0105dz\u0105cych wa\u017cniejsze od naszej suwerenno\u015bci energetycznej i woli wi\u0119kszo\u015bci Polak\u00f3w s\u0105 wewn\u0119trzne walki w obozie Zjednoczonej Prawicy.&nbsp;<\/p>\n\n<p>W czerwcu tego roku Greenpeace wraz z nurkami <a href=\"https:\/\/www.greenpeace.org\/poland\/aktualnosci\/31802\/baltyk-podwodna-akcja-greenpeace-przy-gazociagu-ns1\/\">dotar\u0142 do podwodnej cz\u0119\u015bci gazoci\u0105gu Nord Stream 1<\/a> w prote\u015bcie przeciwko uzale\u017cnieniu Polski i Unii Europejskiej od gazu. <\/p>\n\n<p>Zdj\u0119cia z wydarzenia dost\u0119pne s\u0105 tutaj: <a href=\"https:\/\/www.flickr.com\/photos\/greenpeacepl\/albums\/72177720299653616\">https:\/\/www.flickr.com\/photos\/greenpeacepl\/albums\/72177720299653616<\/a><\/p>\n\n<figure class=\"wp-block-image size-full\"><img loading=\"lazy\" decoding=\"async\" width=\"799\" height=\"533\" src=\"https:\/\/www.greenpeace.org\/static\/planet4-poland-stateless\/2022\/06\/27f94156-52133597179_b57c4269ed_c.jpg\" title=\"Gaz z Rosji Nord Stream\" alt=\"\" class=\"wp-image-31815\" srcset=\"https:\/\/www.greenpeace.org\/static\/planet4-poland-stateless\/2022\/06\/27f94156-52133597179_b57c4269ed_c.jpg 799w, https:\/\/www.greenpeace.org\/static\/planet4-poland-stateless\/2022\/06\/27f94156-52133597179_b57c4269ed_c-500x334.jpg 500w, https:\/\/www.greenpeace.org\/static\/planet4-poland-stateless\/2022\/06\/27f94156-52133597179_b57c4269ed_c-768x512.jpg 768w, https:\/\/www.greenpeace.org\/static\/planet4-poland-stateless\/2022\/06\/27f94156-52133597179_b57c4269ed_c-510x340.jpg 510w\" sizes=\"auto, (max-width: 799px) 100vw, 799px\" \/><\/figure>\n","protected":false},"excerpt":{"rendered":"<p>Obecne wycieki z gazoci\u0105g\u00f3w Nord Stream 1 i Nord Stream 2 powoduj\u0105 emisj\u0119 gaz\u00f3w cieplarnianych i niew\u0105tpliwie wp\u0142ywaj\u0105 bezpo\u015brednio na pog\u0142\u0119bienie kryzysu klimatycznego. Wed\u0142ug Mi\u0119dzynarodowej Agencji Energii metan jest 85&hellip;<\/p>\n","protected":false},"author":25,"featured_media":31815,"comment_status":"closed","ping_status":"open","sticky":false,"template":"","format":"standard","meta":{"ep_exclude_from_search":false,"p4_og_title":"","p4_og_description":"","p4_og_image":"","p4_og_image_id":"","p4_seo_canonical_url":"","p4_campaign_name":"not set","p4_local_project":"not set","p4_basket_name":"not set","p4_department":"","footnotes":""},"categories":[2],"tags":[25,6,106,116],"p4-page-type":[14],"class_list":["post-32137","post","type-post","status-publish","format-standard","has-post-thumbnail","hentry","category-klimat-energia","tag-paliwakopalne","tag-klimat","tag-gaz","tag-metan","p4-page-type-aktualnosci"],"_links":{"self":[{"href":"https:\/\/www.greenpeace.org\/poland\/wp-json\/wp\/v2\/posts\/32137","targetHints":{"allow":["GET"]}}],"collection":[{"href":"https:\/\/www.greenpeace.org\/poland\/wp-json\/wp\/v2\/posts"}],"about":[{"href":"https:\/\/www.greenpeace.org\/poland\/wp-json\/wp\/v2\/types\/post"}],"author":[{"embeddable":true,"href":"https:\/\/www.greenpeace.org\/poland\/wp-json\/wp\/v2\/users\/25"}],"replies":[{"embeddable":true,"href":"https:\/\/www.greenpeace.org\/poland\/wp-json\/wp\/v2\/comments?post=32137"}],"version-history":[{"count":3,"href":"https:\/\/www.greenpeace.org\/poland\/wp-json\/wp\/v2\/posts\/32137\/revisions"}],"predecessor-version":[{"id":32145,"href":"https:\/\/www.greenpeace.org\/poland\/wp-json\/wp\/v2\/posts\/32137\/revisions\/32145"}],"wp:featuredmedia":[{"embeddable":true,"href":"https:\/\/www.greenpeace.org\/poland\/wp-json\/wp\/v2\/media\/31815"}],"wp:attachment":[{"href":"https:\/\/www.greenpeace.org\/poland\/wp-json\/wp\/v2\/media?parent=32137"}],"wp:term":[{"taxonomy":"category","embeddable":true,"href":"https:\/\/www.greenpeace.org\/poland\/wp-json\/wp\/v2\/categories?post=32137"},{"taxonomy":"post_tag","embeddable":true,"href":"https:\/\/www.greenpeace.org\/poland\/wp-json\/wp\/v2\/tags?post=32137"},{"taxonomy":"p4-page-type","embeddable":true,"href":"https:\/\/www.greenpeace.org\/poland\/wp-json\/wp\/v2\/p4-page-type?post=32137"}],"curies":[{"name":"wp","href":"https:\/\/api.w.org\/{rel}","templated":true}]}}