{"id":32150,"date":"2022-10-05T11:57:21","date_gmt":"2022-10-05T09:57:21","guid":{"rendered":"https:\/\/www.greenpeace.org\/poland\/?p=32150"},"modified":"2023-11-08T16:40:06","modified_gmt":"2023-11-08T14:40:06","slug":"pge-giek-nie-przygotuje-w-tym-momencie-strategii-dekarbonizacji","status":"publish","type":"post","link":"https:\/\/www.greenpeace.org\/poland\/aktualnosci\/32150\/pge-giek-nie-przygotuje-w-tym-momencie-strategii-dekarbonizacji\/","title":{"rendered":"PGE GiEK nie przygotuje w tym momencie strategii dekarbonizacji\u00a0"},"content":{"rendered":"\n<p>Greenpeace ponownie spotka si\u0119 z nale\u017c\u0105c\u0105 do koncernu PGE sp\u00f3\u0142k\u0105 PGE GiEK w s\u0105dzie. Chodzi o najwi\u0119kszy pozew klimatyczny w Polsce. Greenpeace domaga si\u0119 od PGE GiEK osi\u0105gni\u0119cia neutralno\u015bci klimatycznej do 2030 roku. Sp\u00f3\u0142ka nie zgodzi\u0142a si\u0119 na dobrowolne przygotowanie strategii dekarbonizacji, zas\u0142aniaj\u0105c si\u0119 rz\u0105dowym planem powo\u0142ania Narodowej Agencji Bezpiecze\u0144stwa Narodowego (NABE). S\u0105d Okr\u0119gowy w \u0141odzi wyznaczy termin kolejnej rozprawy. To w\u0142a\u015bnie na pierwszym posiedzeniu S\u0119dzia prowadz\u0105ca spraw\u0119 da\u0142a sp\u00f3\u0142ce PGE GiEK czas do namys\u0142u w kwestii przygotowania strategii dekarbonizacji. Sp\u00f3\u0142ka z tej szansy nie skorzysta\u0142a.&nbsp;<\/p>\n\n<p>&#8211; Up\u00f3r sp\u00f3\u0142ki pod k\u0105tem uzale\u017cnienia od w\u0119gla oraz ignorowania trwaj\u0105cych kryzys\u00f3w powodowanych paliwami kopalnymi s\u0105 wprost niebywa\u0142e. W\u0142a\u015bciciel elektrowni Tur\u00f3w, kt\u00f3ry opowiadaj\u0105c mity klimatyczne, wpakowa\u0142 nas ju\u017c w k\u0142opoty z Republik\u0105 Czesk\u0105 i Komisj\u0105 Europejsk\u0105, idzie w zaparte i chce dalszego uzale\u017cnienia Polski od paliw kopalnych. A te, jak wida\u0107 na przyk\u0142adzie cen energii produkowanej g\u0142\u00f3wnie z w\u0119gla, prowadz\u0105 nas od jednego kryzysu &#8211; energetycznego &#8211; w drugi &#8211; klimatyczny, objawiaj\u0105cy si\u0119 coraz to cz\u0119stszymi upa\u0142ami i susz\u0105. PGE GiEK powinno stawia\u0107 na odnawialne \u017ar\u00f3d\u0142a energii, magazyny energii oraz efektywno\u015b\u0107 energetyczn\u0105, czyli rozwi\u0105zania, kt\u00f3re mog\u0105 zapobiec eskalacji tych kryzys\u00f3w i zapewni\u0107 nam niezale\u017cno\u015b\u0107 oraz bezpiecze\u0144stwo energetyczne &#8211; powiedzia\u0142 Piotr W\u00f3jcik z Greenpeace.&nbsp;<\/p>\n\n<p>PGE GiEK jest w\u0142a\u015bcicielem najwi\u0119kszych \u017ar\u00f3de\u0142 emisji gaz\u00f3w cieplarnianych w Polsce, m.in. Elektrowni Be\u0142chat\u00f3w, Tur\u00f3w, Opole oraz kopalni odkrywkowych w\u0119gla brunatnego. Pozew klimatyczny Greenpeace przeciwko PGE GiEK jest najwi\u0119kszym tego typu pozwem w Polsce. Organizacja domaga si\u0119 zaprzestania emisji gaz\u00f3w cieplarnianych pochodz\u0105cych obecnie ze spalania w\u0119gla najp\u00f3\u017aniej do 2030 roku. Pozew bazuje na art. 323 Prawa ochrony \u015brodowiska.<\/p>\n\n<p>Wi\u0119cej informacji: <a href=\"https:\/\/dzialaj.greenpeace.pl\/pozew\"><strong>https:\/\/dzialaj.greenpeace.pl\/pozew<\/strong><\/a>&nbsp;<\/p>\n","protected":false},"excerpt":{"rendered":"<p>Greenpeace ponownie spotka si\u0119 z nale\u017c\u0105c\u0105 do koncernu PGE sp\u00f3\u0142k\u0105 PGE GiEK w s\u0105dzie. Chodzi o najwi\u0119kszy pozew klimatyczny w Polsce. Greenpeace domaga si\u0119 od PGE GiEK osi\u0105gni\u0119cia neutralno\u015bci klimatycznej&hellip;<\/p>\n","protected":false},"author":32,"featured_media":32151,"comment_status":"closed","ping_status":"open","sticky":false,"template":"","format":"standard","meta":{"ep_exclude_from_search":false,"p4_og_title":"","p4_og_description":"","p4_og_image":"","p4_og_image_id":"","p4_seo_canonical_url":"","p4_campaign_name":"not set","p4_local_project":"not set","p4_basket_name":"not set","p4_department":"","footnotes":""},"categories":[2],"tags":[110],"p4-page-type":[14],"class_list":["post-32150","post","type-post","status-publish","format-standard","has-post-thumbnail","hentry","category-klimat-energia","tag-turow","p4-page-type-aktualnosci"],"_links":{"self":[{"href":"https:\/\/www.greenpeace.org\/poland\/wp-json\/wp\/v2\/posts\/32150","targetHints":{"allow":["GET"]}}],"collection":[{"href":"https:\/\/www.greenpeace.org\/poland\/wp-json\/wp\/v2\/posts"}],"about":[{"href":"https:\/\/www.greenpeace.org\/poland\/wp-json\/wp\/v2\/types\/post"}],"author":[{"embeddable":true,"href":"https:\/\/www.greenpeace.org\/poland\/wp-json\/wp\/v2\/users\/32"}],"replies":[{"embeddable":true,"href":"https:\/\/www.greenpeace.org\/poland\/wp-json\/wp\/v2\/comments?post=32150"}],"version-history":[{"count":1,"href":"https:\/\/www.greenpeace.org\/poland\/wp-json\/wp\/v2\/posts\/32150\/revisions"}],"predecessor-version":[{"id":32152,"href":"https:\/\/www.greenpeace.org\/poland\/wp-json\/wp\/v2\/posts\/32150\/revisions\/32152"}],"wp:featuredmedia":[{"embeddable":true,"href":"https:\/\/www.greenpeace.org\/poland\/wp-json\/wp\/v2\/media\/32151"}],"wp:attachment":[{"href":"https:\/\/www.greenpeace.org\/poland\/wp-json\/wp\/v2\/media?parent=32150"}],"wp:term":[{"taxonomy":"category","embeddable":true,"href":"https:\/\/www.greenpeace.org\/poland\/wp-json\/wp\/v2\/categories?post=32150"},{"taxonomy":"post_tag","embeddable":true,"href":"https:\/\/www.greenpeace.org\/poland\/wp-json\/wp\/v2\/tags?post=32150"},{"taxonomy":"p4-page-type","embeddable":true,"href":"https:\/\/www.greenpeace.org\/poland\/wp-json\/wp\/v2\/p4-page-type?post=32150"}],"curies":[{"name":"wp","href":"https:\/\/api.w.org\/{rel}","templated":true}]}}