{"id":32206,"date":"2022-11-16T15:54:52","date_gmt":"2022-11-16T13:54:52","guid":{"rendered":"https:\/\/www.greenpeace.org\/poland\/?p=32206"},"modified":"2023-08-21T17:21:37","modified_gmt":"2023-08-21T15:21:37","slug":"raport-tak-tracimy-dzika-przyrode-w-europie","status":"publish","type":"post","link":"https:\/\/www.greenpeace.org\/poland\/raporty\/32206\/raport-tak-tracimy-dzika-przyrode-w-europie\/","title":{"rendered":"Raport: Tak tracimy dzik\u0105 przyrod\u0119 w Europie"},"content":{"rendered":"\n<p><strong>Europa nie wype\u0142ni\u0142a swoich zobowi\u0105za\u0144, dotycz\u0105cych ochrony przyrody, kt\u00f3re podj\u0119\u0142a<\/strong><strong> w 2010 r. w ramach konwencji o r\u00f3\u017cnorodno\u015bci biologicznej. Tu\u017c przed szczytem przyrodniczym ONZ w Montrealu Greenpeace opublikowa\u0142 raport pokazuj\u0105cy niszczenie kluczowych ekosystem\u00f3w w 13 krajach Europy, od Hiszpanii i Belgii po Niemcy, Polsk\u0119 i Rumuni\u0119. Dewastacja przyrody to nie tylko problem Amazonii czy Borneo, ale tak\u017ce Europy &#8211; ostrzega organizacja.&nbsp;<\/strong><\/p>\n\n<p>Dwana\u015bcie lat temu pa\u0144stwa Unii Europejskiej zobowi\u0105za\u0142y si\u0119 powstrzyma\u0107 do 2020 roku degradacj\u0119 rodzimej przyrody oraz przyst\u0105pi\u0107 do odtwarzania zniszczonych ekosystem\u00f3w [1]. Dzisiaj widzimy, \u017ce to si\u0119 nie uda\u0142o &#8211; mi\u0119dzy 2000 a 2018 rokiem ilo\u015b\u0107 wycinanych w UE las\u00f3w &#8211; r\u00f3wnie\u017c tych cennych przyrodniczo &#8211; wzros\u0142a o jedn\u0105 pi\u0105t\u0105 [2]. Fermy przemys\u0142owe wci\u0105\u017c zatruwaj\u0105 wod\u0119 i gleb\u0119 oraz korzystaj\u0105 z zab\u00f3jczych dla owad\u00f3w zapylaj\u0105cych pestycyd\u00f3w. Sie\u0107 Natura 2000 jest dziurawa; wiele kraj\u00f3w &#8211; w tym Polska &#8211; nie ustanowi\u0142o odpowiednich plan\u00f3w ochrony dla du\u017cej cz\u0119\u015bci obszar\u00f3w tej sieci.<\/p>\n\n<p>Jak pokazuje nowy raport Greenpeace &#8211; mimo rozbudowanego prawa ochrony \u015brodowiska Unii Europejskiej &#8211; dewastacji ulegaj\u0105 nadal najbardziej kluczowe, europejskie ekosystemy, w tym Karpaty. W Karpatach przemys\u0142owe wycinki prowadz\u0105 do niszczenia najcenniejszych las\u00f3w g\u00f3rskich w Europie, kt\u00f3re s\u0105 jedn\u0105 z najwa\u017cniejszych ostoi du\u017cych drapie\u017cnik\u00f3w na naszym kontynencie &#8211; nied\u017awiedzia, rysia i wilka.&nbsp;<\/p>\n\n<p>&#8211; Ministrowie \u015brodowiska kraj\u00f3w Unii Europejskiej zadeklarowali w pa\u017adzierniku, \u017ce chc\u0105 dawa\u0107 dobry przyk\u0142ad na zbli\u017caj\u0105cym si\u0119 globalnym szczycie przyrodniczym w Montrealu [4]. Niestety Europa nie potrafi uporz\u0105dkowa\u0107 swojego w\u0142asnego domu. Nasi politycy jad\u0105 do Montrealu bez odrobionej pracy domowej. To co dzieje si\u0119 z nasz\u0105 przyrod\u0105 jest szokuj\u0105co dalekie od cel\u00f3w zapisanych na papierze.&nbsp; Nasi politycy musz\u0105 wreszcie zrozumie\u0107, \u017ce jeste\u015bmy cz\u0119\u015bci\u0105 natury. Potrzebujemy dzikiej przyrody, by przetrwa\u0107 &#8211; m\u00f3wi Krzysztof Cibor, szef zespo\u0142u Przyroda w Greenpeace Polska.<\/p>\n\n<p>Raport Greenpeace \u201eWadliwa natura. Jak \u017cycie i r\u00f3\u017cnorodno\u015b\u0107 biologiczna s\u0105 niszczone w Europie\u201d obejmuje studia przypadk\u00f3w niszczenia przyrody z 13 kraj\u00f3w Europy &#8211; Austrii, Belgii, Bu\u0142garii, Danii, Niemiec, W\u0119gier, W\u0142och, Holandii, Polski, Rumunii, Hiszpanii, Szwecji i Szwajcarii. Przyk\u0142ad z Polski dotyczy wycinki Puszczy Karpackiej porastaj\u0105cej Bieszczady i Pog\u00f3rze Przemyskie, gdzie polscy naukowcy i organizacje pozarz\u0105dowe od lat postuluj\u0105 poszerzenie park\u00f3w narodowych.&nbsp;<\/p>\n\n<p>Fundacja Greenpeace Polska zaapelowa\u0142a w pa\u017adzierniku 2022 roku do Prezydenta RP Andrzeja Dudy i premiera Mateusza Morawieckiego o powa\u017cne potraktowanie szczytu przyrodniczego ONZ, udzia\u0142&nbsp; przedstawicieli najwy\u017cszego szczebla w konferencji i ambitne zobowi\u0105zania s\u0142u\u017c\u0105ce ochronie zagro\u017conej przyrody.&nbsp;<\/p>\n\n<figure class=\"wp-block-image size-large\"><img loading=\"lazy\" decoding=\"async\" width=\"1024\" height=\"683\" src=\"https:\/\/www.greenpeace.org\/static\/planet4-poland-stateless\/2022\/11\/14e9bf70-dsc09694-1024x683.jpg\" title=\"Karpaty Bieszczady Wycinka\" alt=\"\" class=\"wp-image-32207\" srcset=\"https:\/\/www.greenpeace.org\/static\/planet4-poland-stateless\/2022\/11\/14e9bf70-dsc09694-1024x683.jpg 1024w, https:\/\/www.greenpeace.org\/static\/planet4-poland-stateless\/2022\/11\/14e9bf70-dsc09694-500x333.jpg 500w, https:\/\/www.greenpeace.org\/static\/planet4-poland-stateless\/2022\/11\/14e9bf70-dsc09694-768x512.jpg 768w, https:\/\/www.greenpeace.org\/static\/planet4-poland-stateless\/2022\/11\/14e9bf70-dsc09694-1536x1024.jpg 1536w, https:\/\/www.greenpeace.org\/static\/planet4-poland-stateless\/2022\/11\/14e9bf70-dsc09694-2048x1366.jpg 2048w, https:\/\/www.greenpeace.org\/static\/planet4-poland-stateless\/2022\/11\/14e9bf70-dsc09694-510x340.jpg 510w\" sizes=\"auto, (max-width: 1024px) 100vw, 1024px\" \/><figcaption class=\"wp-element-caption\">Wycinki w Puszczy Karpackiej na Pog\u00f3rzu Przemyskim. Stycze\u0144 2022 r. Fot. Max Zieli\u0144ski\/Greenpeace Polska<\/figcaption><\/figure>\n\n<p><br>&#8211; Potrzebujemy pilnych i odwa\u017cnych dzia\u0142a\u0144 na rzecz ochrony przyrody, zar\u00f3wno na \u015bwiecie,<strong> <\/strong>jak i na w\u0142asnym podw\u00f3rku. W naszym kraju od 21 lat nie powsta\u0142 \u017caden nowy park narodowy, a te istniej\u0105ce zajmuj\u0105 jedynie jeden procent ca\u0142ego terytorium. Zas\u0142ugujemy na wi\u0119cej! Ponad p\u00f3\u0142tora roku temu premier Mateusz Morawiecki zapowiedzia\u0142 u\u0142atwienie tworzenia i powi\u0119kszania park\u00f3w narodowych. Do dzisiaj ta obietnica pozostaje bez pokrycia, a ka\u017cdy kolejny dzie\u0144 zw\u0142oki powoduje, \u017ce tracimy kolejne fragmenty bezcennych las\u00f3w jak Puszcza Karpacka &#8211; m\u00f3wi Marek J\u00f3zefiak, rzecznik prasowy Greenpeace Polska.&nbsp;<\/p>\n\n<p>Zbli\u017caj\u0105ca si\u0119 konferencja ONZ w sprawie ochrony r\u00f3\u017cnorodno\u015bci biologicznej odb\u0119dzie si\u0119 w dniach 7-19 grudnia w Montrealu. Ma ona zapewni\u0107 nowe mi\u0119dzynarodowe ramy ochrony r\u00f3\u017cnorodno\u015bci biologicznej na najbli\u017csz\u0105 dekad\u0119. Greenpeace wzywa rz\u0105dy UE do poparcia konkretnych&nbsp; i wi\u0105\u017c\u0105cych cel\u00f3w ochrony co najmniej 30% l\u0105d\u00f3w i ocean\u00f3w do 2030 r. Jednocze\u015bnie organizacja domaga si\u0119 uznania praw ludno\u015bci rdzennej i spo\u0142eczno\u015bci lokalnych oraz zapewnienia wsparcia finansowego tej ochrony i zatrzymania publicznych dotacji dla dzia\u0142a\u0144 niszcz\u0105cych przyrod\u0119.<\/p>\n\n<p>Przypisy:<\/p>\n\n<p>[1] &nbsp;<a href=\"https:\/\/www.cbd.int\/nbsap\/about\/targets\/eu\">https:\/\/www.cbd.int\/nbsap\/about\/targets\/eu<\/a><\/p>\n\n<p>[2] <a href=\"https:\/\/www.greenpeace.org\/static\/planet4-eu-unit-stateless\/dc958adf-20201203_greenpeace_future_of_forests_in_the_eu.pdf\">https:\/\/www.greenpeace.org\/static\/planet4-eu-unit-stateless\/dc958adf-20201203_greenpeace_future_of_forests_in_the_eu.pdf<\/a><\/p>\n\n<p>[3] <a href=\"https:\/\/www.pap.pl\/aktualnosci\/news%2C888127%2Cue-komisja-europejska-wzywa-polske-do-ochrony-swoich-sieci-natura-2000.html\">https:\/\/www.pap.pl\/aktualnosci\/news%2C888127%2Cue-komisja-europejska-wzywa-polske-do-ochrony-swoich-sieci-natura-2000.html<\/a><\/p>\n\n<p>[4] Konkluzje Rady UE przed szczytem przyrodniczym ONZ COP15: <a href=\"https:\/\/www.consilium.europa.eu\/en\/press\/press-releases\/2022\/10\/24\/council-approves-conclusions-for-un-biodiversity-summit-in-montreal-cop15\/\">Council approves conclusions for UN biodiversity summit in Montreal (COP15) &#8211; Consilium (europa.eu)<\/a><\/p>\n\n<p>Zdj\u0119cia, obrazuj\u0105ce dewastacj\u0119 europejskiej przyrody mo\u017cna pobra\u0107 <a href=\"https:\/\/media.greenpeace.org\/collection\/27MDHUFMHNAC\">tutaj<\/a>.&nbsp;<\/p>\n\n<p>Raport Greenpeace w j\u0119zyku angielskim mo\u017cna przeczyta\u0107 <a href=\"https:\/\/www.greenpeace.org\/static\/planet4-poland-stateless\/2022\/11\/f019ae54-gpeu_failingnature_final.pdf\" data-type=\"URL\" data-id=\"https:\/\/www.greenpeace.org\/static\/planet4-poland-stateless\/2022\/11\/f019ae54-gpeu_failingnature_final.pdf\">tutaj<img decoding=\"async\" class=\"wp-image-32208\" style=\"width: NaNpx\" src=\"https:\/\/www.greenpeace.org\/static\/planet4-poland-stateless\/2022\/11\/a711914e-gpeu_failingnature_final.pdf\" alt=\"\"><img decoding=\"async\" class=\"wp-image-32209\" style=\"width: NaNpx\" src=\"https:\/\/www.greenpeace.org\/static\/planet4-poland-stateless\/2022\/11\/f019ae54-gpeu_failingnature_final.pdf\" alt=\"\"><\/a>.<\/p>\n\n<div data-tf-sidetab=\"CsfOlFR8\" data-tf-width=\"320\" data-tf-height=\"400\" data-tf-open=\"scroll\" data-tf-open-value=\"30\" data-tf-button-color=\"#FA6B05\" data-tf-button-text=\"Quiz o Karpatach!\" data-tf-iframe-props=\"title=Karpaty - quiz wiedzy\" data-tf-medium=\"snippet\" data-tf-hidden=\"hubspot_utk=xxxxx,hubspot_page_name=xxxxx,hubspot_page_url=xxxxx,utm_source=xxxxx\" style=\"all:unset;\"><\/div><script src=\"\/\/embed.typeform.com\/next\/embed.js\"><\/script>\n","protected":false},"excerpt":{"rendered":"<p>Europa nie wype\u0142ni\u0142a swoich zobowi\u0105za\u0144, dotycz\u0105cych ochrony przyrody, kt\u00f3re podj\u0119\u0142a w 2010 r. w ramach konwencji o r\u00f3\u017cnorodno\u015bci biologicznej. Tu\u017c przed szczytem przyrodniczym ONZ w Montrealu Greenpeace opublikowa\u0142 raport pokazuj\u0105cy&hellip;<\/p>\n","protected":false},"author":25,"featured_media":32207,"comment_status":"closed","ping_status":"open","sticky":false,"template":"","format":"standard","meta":{"ep_exclude_from_search":false,"p4_og_title":"","p4_og_description":"","p4_og_image":"","p4_og_image_id":"","p4_seo_canonical_url":"","p4_campaign_name":"not set","p4_local_project":"not set","p4_basket_name":"not set","p4_department":"","footnotes":""},"categories":[3],"tags":[19,26,107],"p4-page-type":[15],"class_list":["post-32206","post","type-post","status-publish","format-standard","has-post-thumbnail","hentry","category-przyroda","tag-lasy","tag-ochrona-przyrody","tag-karpaty","p4-page-type-raporty"],"_links":{"self":[{"href":"https:\/\/www.greenpeace.org\/poland\/wp-json\/wp\/v2\/posts\/32206","targetHints":{"allow":["GET"]}}],"collection":[{"href":"https:\/\/www.greenpeace.org\/poland\/wp-json\/wp\/v2\/posts"}],"about":[{"href":"https:\/\/www.greenpeace.org\/poland\/wp-json\/wp\/v2\/types\/post"}],"author":[{"embeddable":true,"href":"https:\/\/www.greenpeace.org\/poland\/wp-json\/wp\/v2\/users\/25"}],"replies":[{"embeddable":true,"href":"https:\/\/www.greenpeace.org\/poland\/wp-json\/wp\/v2\/comments?post=32206"}],"version-history":[{"count":3,"href":"https:\/\/www.greenpeace.org\/poland\/wp-json\/wp\/v2\/posts\/32206\/revisions"}],"predecessor-version":[{"id":33453,"href":"https:\/\/www.greenpeace.org\/poland\/wp-json\/wp\/v2\/posts\/32206\/revisions\/33453"}],"wp:featuredmedia":[{"embeddable":true,"href":"https:\/\/www.greenpeace.org\/poland\/wp-json\/wp\/v2\/media\/32207"}],"wp:attachment":[{"href":"https:\/\/www.greenpeace.org\/poland\/wp-json\/wp\/v2\/media?parent=32206"}],"wp:term":[{"taxonomy":"category","embeddable":true,"href":"https:\/\/www.greenpeace.org\/poland\/wp-json\/wp\/v2\/categories?post=32206"},{"taxonomy":"post_tag","embeddable":true,"href":"https:\/\/www.greenpeace.org\/poland\/wp-json\/wp\/v2\/tags?post=32206"},{"taxonomy":"p4-page-type","embeddable":true,"href":"https:\/\/www.greenpeace.org\/poland\/wp-json\/wp\/v2\/p4-page-type?post=32206"}],"curies":[{"name":"wp","href":"https:\/\/api.w.org\/{rel}","templated":true}]}}