{"id":32323,"date":"2022-12-06T10:13:30","date_gmt":"2022-12-06T08:13:30","guid":{"rendered":"https:\/\/www.greenpeace.org\/poland\/?p=32323"},"modified":"2022-12-06T12:43:50","modified_gmt":"2022-12-06T10:43:50","slug":"aktywisci-wspolnie-w-obronie-europejskiej-przyrody-przed-szczytem-przyrodniczym-onz","status":"publish","type":"post","link":"https:\/\/www.greenpeace.org\/poland\/aktualnosci\/32323\/aktywisci-wspolnie-w-obronie-europejskiej-przyrody-przed-szczytem-przyrodniczym-onz\/","title":{"rendered":"<strong>Aktywi\u015bci wsp\u00f3lnie w obronie europejskiej przyrody przed szczytem przyrodniczym ONZ<\/strong>"},"content":{"rendered":"\n<p><strong>7 grudnia startuje szczyt przyrodniczy ONZ &#8211; COP15. W Montrealu spotkaj\u0105 si\u0119 przedstawiciele blisko 200 pa\u0144stw, by dyskutowa\u0107 o przysz\u0142o\u015bci \u015bwiatowej przyrody. Obecnie <\/strong><strong>nawet milion gatunk\u00f3w zwierz\u0105t i ro\u015blin zagro\u017conych jest wygini\u0119ciem. Dlatego <\/strong><strong>aktywi\u015bci i aktywistki w ca\u0142ej Europie zorganizowali wydarzenia, w kt\u00f3rych apeluj\u0105 do rz\u0105dz\u0105cych o pilne podj\u0119cie dzia\u0142a\u0144 i ratowanie znikaj\u0105cej natury, w tym jednego z najcenniejszych miejsc &#8211; Karpat.&nbsp;<\/strong><\/p>\n\n<p>Aktywi\u015bci i aktywistki w ca\u0142ej Europie &#8211; od Austrii, przez Rumuni\u0119 i Polsk\u0119, a tak\u017ce w ogarni\u0119tej wojn\u0105 Ukrainie &#8211; wsp\u00f3lnie apeluj\u0105, by zatrzyma\u0107 niszczenie przyrody. Malowane \u015bwiat\u0142em obrazy dzikich zwierz\u0105t, laserowe animacje, wyst\u0119p orkiestry klasycznej i pokaz znikania cennych las\u00f3w Karpat &#8211; to cz\u0119\u015b\u0107 z wielu dzia\u0142a\u0144 przygotowanych przez aktywist\u00f3w. Chc\u0105 nimi zwr\u00f3ci\u0107 uwag\u0119 przedstawicieli rz\u0105d\u00f3w UE na pal\u0105cy problem utraty przyrody oraz apeluj\u0105, by zawarli nowe globalne porozumienie i podj\u0119li zdecydowane dzia\u0142ania, kt\u00f3re b\u0119d\u0105 skutecznie chroni\u0107 europejsk\u0105 przyrod\u0119.&nbsp;<\/p>\n\n<a data-flickr-embed=\"true\" data-header=\"true\" href=\"https:\/\/www.flickr.com\/photos\/75907483@N04\" title=\"\"><img loading=\"lazy\" decoding=\"async\" src=\"https:\/\/live.staticflickr.com\/65535\/52545712322_0cdfb35522_z.jpg\" width=\"640\" height=\"480\" alt=\"\"><\/a><script async src=\"\/\/embedr.flickr.com\/assets\/client-code.js\" charset=\"utf-8\"><\/script>\n\n<p><em>\u2013 <\/em><em>\u201cPrzegrywamy samob\u00f3jcz\u0105 wojn\u0119 z natur\u0105. COP15 jest nasz\u0105 szans\u0105 na rozejm\u201d &#8211; te s\u0142owa wypowiedzia\u0142 sekretarz generalny ONZ Antonio Guterres i niestety doskonale obrazuj\u0105 miejsce, w jakim si\u0119 znajdujemy. Tracimy przyrod\u0119 nie tylko w lasach amazo\u0144skich, ale tak\u017ce tu\u017c obok nas &#8211; w Europie, w Polsce. Pi\u0119kne, b\u0119d\u0105ce domem dla rzadkich gatunk\u00f3w zwierz\u0105t lasy karpackie, s\u0105 wycinane i bezustannie niszczone. <\/em><em>To tutaj \u017cyj\u0105 jedyne w Polsce nied\u017awiedzie. To tak\u017ce dom dla rysii, \u017cbik\u00f3w i or\u0142a przedniego. <\/em><em>Dla tych wszystkich gatunk\u00f3w, stanowi\u0105cych symbole polskiej przyrody, <\/em><strong><em>najwi\u0119ksz\u0105 ostoj\u0105 w naszym kraju s\u0105 w\u0142a\u015bnie Karpaty. <\/em><\/strong><em>Te same Karpaty, kt\u00f3re s\u0105 bez opami\u0119tania wycinane i dewastowane. Czas zako\u0144czy\u0107 ten szale\u0144czy proceder i obj\u0105\u0107 lasy karpackie skuteczn\u0105 ochron\u0105 dla dobra przyrody i ludzi, kt\u00f3rzy s\u0105 jej cz\u0119\u015bci\u0105 <\/em>\u2013 m\u00f3wi Krzysztof Cibor z Greenpeace Polska.&nbsp;<\/p>\n\n<p>Chocia\u017c Europa przedstawiana jest jako region wiod\u0105cy w ochronie przyrody, niszczenie siedlisk i wymieranie gatunk\u00f3w ma miejsce r\u00f3wnie\u017c tutaj, w tym na obszarach chronionych. Ministrowie UE zapowiadali przed szczytem w Montrealu, \u017ce na szczycie b\u0119d\u0105 \u201cdawa\u0107 dobry przyk\u0142ad\u201d. Tymczasem jak si\u0119 okazuje, jad\u0105 na szczyt bez odrobionej pracy domowej. W 2010 roku pa\u0144stwa Unii Europejskiej zobowi\u0105za\u0142y si\u0119 powstrzyma\u0107 do 2020 roku degradacj\u0119 rodzimej przyrody oraz przyst\u0105pi\u0107 do odtwarzania zniszczonych ekosystem\u00f3w. Jednak to si\u0119 nie uda\u0142o \u2013 ilo\u015b\u0107 wycinanych w UE las\u00f3w \u2013 r\u00f3wnie\u017c tych cennych przyrodniczo \u2013 wzros\u0142a o jedn\u0105 pi\u0105t\u0105. Sie\u0107 Natura 2000 jest dziurawa; wiele kraj\u00f3w \u2013 w tym Polska \u2013 nie ustanowi\u0142o odpowiednich plan\u00f3w ochrony dla du\u017cej cz\u0119\u015bci obszar\u00f3w tej sieci. <a href=\"https:\/\/www.greenpeace.org\/static\/planet4-poland-stateless\/2022\/11\/c2854071-the-carpathian-forests-report-digital.pdf\">Nowy raport Greenpeace<\/a> pokazuje, \u017ce w najcenniejszych lasach g\u00f3rskich Europy &#8211; w Karpatach &#8211; co godzin\u0119 znika las o wielko\u015bci pi\u0119ciu boisk do pi\u0142ki no\u017cnej.<\/p>\n\n<p>\u2013 <em>Potrzebujemy pilnych dzia\u0142a\u0144 na rzecz ochrony przyrody, zar\u00f3wno na \u015bwiecie, jak i na w\u0142asnym podw\u00f3rku. W naszym kraju od 21 lat nie powsta\u0142 \u017caden nowy park narodowy, a te kt\u00f3re istniej\u0105 zajmuj\u0105 jedynie jeden procent ca\u0142ego kraju. Utracili\u015bmy ju\u017c wiele gatunk\u00f3w bezpowrotnie, tak\u017ce w Polsce. Piramida \u017cycia, kt\u00f3rej jeste\u015bmy cz\u0119\u015bci\u0105, chwieje si\u0119 &#8211; kolejne gatunki ju\u017c wygin\u0119\u0142y lub s\u0105 bliskie wygini\u0119cia. Trzeba zatrzyma\u0107 rozp\u0119dzon\u0105 machin\u0119 samozniszczenia, obj\u0105\u0107 skuteczn\u0105 ochron\u0105 te resztki dzikiej przyrody, kt\u00f3re nam zosta\u0142y <\/em>\u2013 m\u00f3wi Krzysztof Cibor z Greenpeace Polska.&nbsp;<\/p>\n\n<p>Oczekuje si\u0119, \u017ce konferencja przyrodnicza ONZ, kt\u00f3ra odb\u0119dzie si\u0119 w dniach 7 &#8211; 19 grudnia, stworzy nowe mi\u0119dzynarodowe zasady ochrony przyrody na najbli\u017csz\u0105 dekad\u0119 i b\u0119dzie szans\u0105 na wzniesienie globalnej ochrony przyrody na nowy poziom. Greenpeace wzywa rz\u0105dy europejskie do wsparcia globalnego porozumienia, kt\u00f3re obejmie m.in. skuteczn\u0105 ochron\u0105 co najmniej 30% l\u0105d\u00f3w i ocean\u00f3w najp\u00f3\u017aniej do 2030 r., z poszanowaniem praw ludno\u015bci rdzennej i spo\u0142eczno\u015bci lokalnych.<\/p>\n\t\t\t<section\n\t\t\tclass=\"boxout post-32247 \"\n\t\t\t\n\t\t>\n\t\t\t<a\n\t\t\t\tdata-ga-category=\"Take Action Boxout\"\n\t\t\t\tdata-ga-action=\"Image\"\n\t\t\t\tdata-ga-label=\"n\/a\"\n\t\t\t\tclass=\"cover-card-overlay\"\n\t\t\t\thref=\"https:\/\/www.greenpeace.org\/poland\/dzialaj-old\/podpisz-ratujmy-lasy-karpat\/\" \n\t\t\t><\/a>\n\t\t\t\t\t\t\t<img\n\t\t\t\t\t\tsrc=\"https:\/\/www.greenpeace.org\/static\/planet4-poland-stateless\/2022\/11\/6427ee26-gp0stpf50_medium_res_with_credit_line-1024x684.jpg\"\n\t\t\t\t\t\tsrcset=\"https:\/\/www.greenpeace.org\/static\/planet4-poland-stateless\/2022\/11\/6427ee26-gp0stpf50_medium_res_with_credit_line-500x334.jpg 500w, https:\/\/www.greenpeace.org\/static\/planet4-poland-stateless\/2022\/11\/6427ee26-gp0stpf50_medium_res_with_credit_line-1024x684.jpg 1024w, https:\/\/www.greenpeace.org\/static\/planet4-poland-stateless\/2022\/11\/6427ee26-gp0stpf50_medium_res_with_credit_line-768x513.jpg 768w, https:\/\/www.greenpeace.org\/static\/planet4-poland-stateless\/2022\/11\/6427ee26-gp0stpf50_medium_res_with_credit_line-510x340.jpg 510w, https:\/\/www.greenpeace.org\/static\/planet4-poland-stateless\/2022\/11\/6427ee26-gp0stpf50_medium_res_with_credit_line.jpg 1200w\"\n\t\t\t\t\t\tsizes=\"(min-width: 1000px) 358px, (min-width: 780px) 313px, 88px\"\n\t\t\t\t\t\talt=\"Nied\u017awied\u017a brunatny w Karpatach\" title=\"Nied\u017awied\u017a brunatny w Karpatach\"\n\t\t\t\t\/>\n            \t\t\t<div class=\"boxout-content\">\n\t\t\t\t\t\t\t\t\t<a\n\t\t\t\t\t\tclass=\"boxout-heading medium\"\n\t\t\t\t\t\tdata-ga-category=\"Take Action Boxout\"\n\t\t\t\t\t\tdata-ga-action=\"Title\"\n\t\t\t\t\t\tdata-ga-label=\"n\/a\"\n\t\t\t\t\t\thref=\"https:\/\/www.greenpeace.org\/poland\/dzialaj-old\/podpisz-ratujmy-lasy-karpat\/\"\n\t\t\t\t\t\t\n\t\t\t\t\t>\n\t\t\t\t\t\tPodpisz: Ratujmy lasy Karpat!\n\t\t\t\t\t<\/a>\n\t\t\t\t\t\t\t\t\t\t\t\t\t<p class=\"boxout-excerpt\">Co godzin\u0119 w Karpatach niszczony jest las o powierzchni 5 boisk pi\u0142karskich. Musimy to powstrzyma\u0107! Zaapeluj do polityk\u00f3w, aby zako\u0144czyli lekkomy\u015bln\u0105 destrukcj\u0119 Karpat. Czas na powa\u017cnie chroni\u0107 jeden z najwi\u0119kszych skarb\u00f3w naturalnych Europy.<\/p>\n\t\t\t\t                                    <a\n                        class=\"btn btn-primary\"\n                        data-ga-category=\"Take Action Boxout\"\n                        data-ga-action=\"Call to Action\"\n                        data-ga-label=\"n\/a\"\n                        href=\"https:\/\/www.greenpeace.org\/poland\/dzialaj-old\/podpisz-ratujmy-lasy-karpat\/\"\n                        \n                    >\n                        Dzia\u0142aj!\n                    <\/a>\n                \t\t\t<\/div>\n\t\t\t\t\t<\/section>\n\t","protected":false},"excerpt":{"rendered":"<p>7 grudnia startuje szczyt przyrodniczy ONZ &#8211; COP15. W Montrealu spotkaj\u0105 si\u0119 przedstawiciele blisko 200 pa\u0144stw, by dyskutowa\u0107 o przysz\u0142o\u015bci \u015bwiatowej przyrody. Obecnie nawet milion gatunk\u00f3w zwierz\u0105t i ro\u015blin zagro\u017conych&hellip;<\/p>\n","protected":false},"author":25,"featured_media":32325,"comment_status":"closed","ping_status":"open","sticky":false,"template":"","format":"standard","meta":{"ep_exclude_from_search":false,"p4_og_title":"","p4_og_description":"","p4_og_image":"","p4_og_image_id":"","p4_seo_canonical_url":"","p4_campaign_name":"not set","p4_local_project":"not set","p4_basket_name":"not set","p4_department":"","footnotes":""},"categories":[3],"tags":[19,26,24],"p4-page-type":[14],"class_list":["post-32323","post","type-post","status-publish","format-standard","has-post-thumbnail","hentry","category-przyroda","tag-lasy","tag-ochrona-przyrody","tag-aktywizm","p4-page-type-aktualnosci"],"_links":{"self":[{"href":"https:\/\/www.greenpeace.org\/poland\/wp-json\/wp\/v2\/posts\/32323","targetHints":{"allow":["GET"]}}],"collection":[{"href":"https:\/\/www.greenpeace.org\/poland\/wp-json\/wp\/v2\/posts"}],"about":[{"href":"https:\/\/www.greenpeace.org\/poland\/wp-json\/wp\/v2\/types\/post"}],"author":[{"embeddable":true,"href":"https:\/\/www.greenpeace.org\/poland\/wp-json\/wp\/v2\/users\/25"}],"replies":[{"embeddable":true,"href":"https:\/\/www.greenpeace.org\/poland\/wp-json\/wp\/v2\/comments?post=32323"}],"version-history":[{"count":4,"href":"https:\/\/www.greenpeace.org\/poland\/wp-json\/wp\/v2\/posts\/32323\/revisions"}],"predecessor-version":[{"id":32327,"href":"https:\/\/www.greenpeace.org\/poland\/wp-json\/wp\/v2\/posts\/32323\/revisions\/32327"}],"wp:featuredmedia":[{"embeddable":true,"href":"https:\/\/www.greenpeace.org\/poland\/wp-json\/wp\/v2\/media\/32325"}],"wp:attachment":[{"href":"https:\/\/www.greenpeace.org\/poland\/wp-json\/wp\/v2\/media?parent=32323"}],"wp:term":[{"taxonomy":"category","embeddable":true,"href":"https:\/\/www.greenpeace.org\/poland\/wp-json\/wp\/v2\/categories?post=32323"},{"taxonomy":"post_tag","embeddable":true,"href":"https:\/\/www.greenpeace.org\/poland\/wp-json\/wp\/v2\/tags?post=32323"},{"taxonomy":"p4-page-type","embeddable":true,"href":"https:\/\/www.greenpeace.org\/poland\/wp-json\/wp\/v2\/p4-page-type?post=32323"}],"curies":[{"name":"wp","href":"https:\/\/api.w.org\/{rel}","templated":true}]}}