{"id":32405,"date":"2023-02-21T21:05:07","date_gmt":"2023-02-21T19:05:07","guid":{"rendered":"https:\/\/www.greenpeace.org\/poland\/?p=32405"},"modified":"2023-02-21T21:06:58","modified_gmt":"2023-02-21T19:06:58","slug":"komunikat-o-naruszeniu-ochrony-danych-osobowych-2","status":"publish","type":"post","link":"https:\/\/www.greenpeace.org\/poland\/aktualnosci\/32405\/komunikat-o-naruszeniu-ochrony-danych-osobowych-2\/","title":{"rendered":"Komunikat o naruszeniu ochrony danych osobowych"},"content":{"rendered":"\n<p>W zwi\u0105zku z naruszeniem ochrony danych osobowych poni\u017cej publikujemy komunikat dotycz\u0105cy zaistnia\u0142ego zdarzenia.<\/p>\n\n<p>Pobierz komunikat: <a href=\"https:\/\/www.greenpeace.org\/static\/planet4-poland-stateless\/2023\/02\/8457b082-greenpeace_uodo_informacja-o-naruszeniu-1.pdf\">naruszenie danych osobowych<\/a><\/p>\n\n<p><\/p>\n","protected":false},"excerpt":{"rendered":"<p>W zwi\u0105zku z naruszeniem ochrony danych osobowych poni\u017cej publikujemy komunikat dotycz\u0105cy zaistnia\u0142ego zdarzenia.<\/p>\n","protected":false},"author":25,"featured_media":168,"comment_status":"closed","ping_status":"open","sticky":false,"template":"","format":"standard","meta":{"ep_exclude_from_search":false,"p4_og_title":"","p4_og_description":"","p4_og_image":"","p4_og_image_id":"","p4_seo_canonical_url":"","p4_campaign_name":"","p4_local_project":"","p4_basket_name":"","p4_department":"","footnotes":""},"categories":[1],"tags":[],"p4-page-type":[14],"class_list":["post-32405","post","type-post","status-publish","format-standard","has-post-thumbnail","hentry","category-inne","p4-page-type-aktualnosci"],"_links":{"self":[{"href":"https:\/\/www.greenpeace.org\/poland\/wp-json\/wp\/v2\/posts\/32405","targetHints":{"allow":["GET"]}}],"collection":[{"href":"https:\/\/www.greenpeace.org\/poland\/wp-json\/wp\/v2\/posts"}],"about":[{"href":"https:\/\/www.greenpeace.org\/poland\/wp-json\/wp\/v2\/types\/post"}],"author":[{"embeddable":true,"href":"https:\/\/www.greenpeace.org\/poland\/wp-json\/wp\/v2\/users\/25"}],"replies":[{"embeddable":true,"href":"https:\/\/www.greenpeace.org\/poland\/wp-json\/wp\/v2\/comments?post=32405"}],"version-history":[{"count":6,"href":"https:\/\/www.greenpeace.org\/poland\/wp-json\/wp\/v2\/posts\/32405\/revisions"}],"predecessor-version":[{"id":32414,"href":"https:\/\/www.greenpeace.org\/poland\/wp-json\/wp\/v2\/posts\/32405\/revisions\/32414"}],"wp:featuredmedia":[{"embeddable":true,"href":"https:\/\/www.greenpeace.org\/poland\/wp-json\/wp\/v2\/media\/168"}],"wp:attachment":[{"href":"https:\/\/www.greenpeace.org\/poland\/wp-json\/wp\/v2\/media?parent=32405"}],"wp:term":[{"taxonomy":"category","embeddable":true,"href":"https:\/\/www.greenpeace.org\/poland\/wp-json\/wp\/v2\/categories?post=32405"},{"taxonomy":"post_tag","embeddable":true,"href":"https:\/\/www.greenpeace.org\/poland\/wp-json\/wp\/v2\/tags?post=32405"},{"taxonomy":"p4-page-type","embeddable":true,"href":"https:\/\/www.greenpeace.org\/poland\/wp-json\/wp\/v2\/p4-page-type?post=32405"}],"curies":[{"name":"wp","href":"https:\/\/api.w.org\/{rel}","templated":true}]}}