{"id":33172,"date":"2023-06-05T17:09:00","date_gmt":"2023-06-05T15:09:00","guid":{"rendered":"https:\/\/www.greenpeace.org\/poland\/?p=33172"},"modified":"2023-06-20T18:04:53","modified_gmt":"2023-06-20T16:04:53","slug":"pogotowie-dla-karpat-dotarlo-do-polski-dzien-0","status":"publish","type":"post","link":"https:\/\/www.greenpeace.org\/poland\/blog\/33172\/pogotowie-dla-karpat-dotarlo-do-polski-dzien-0\/","title":{"rendered":"Dziennik podr\u00f3\u017cy #3: Pogotowie dla Karpat ju\u017c w Polsce!"},"content":{"rendered":"\n<p><strong>W ko\u0144cu! Po prawie 3 tygodniach <a href=\"https:\/\/www.greenpeace.org\/poland\/pogotowie-dla-karpat\/\" data-type=\"page\" data-id=\"33164\">Pogotowie dla Karpat<\/a> startuje w Polsce. Dla przypomnienia, wyprawa zacz\u0119\u0142a si\u0119 w Rumunii, aby nast\u0119pnie przej\u015b\u0107 przez Ukrain\u0119, W\u0119gry i S\u0142owacj\u0119, a\u017c do Polski &#8211; na start: do Beskidu \u017bywieckiego.&nbsp;<\/strong><\/p>\n\n<p>Jedziemy tam, \u017ceby do\u015bwiadcza\u0107 niezwyk\u0142o\u015bci karpackiej przyrody, pow\u0105cha\u0107 niejeden mech i szuka\u0107 \u015blad\u00f3w dzikich zwierz\u0105t. Niestety, b\u0119dziemy te\u017c do\u015bwiadcza\u0107 tam odg\u0142os\u00f3w pi\u0142 i dewastowanej przyrody. Polskie Karpaty maj\u0105 dwa oblicza &#8211; jedno to to, o kt\u00f3rym w\u0142a\u015bnie pisz\u0119: g\u00f3ry, zielone szczyty, rysie, \u017cbiki, s\u00f3weczki i miliony mikroorganizm\u00f3w, kt\u00f3re kryj\u0105 si\u0119 w korze i w korzeniach drzew. Drugie symbolizuje wycinka i destrukcja.&nbsp;<\/p>\n\n<p>Dla mnie karpackie lasy wi\u0105\u017c\u0105 si\u0119 te\u017c ze wspomnieniami i z dzieci\u0144stwem. Bo urodzi\u0142am si\u0119 w Karpatach. Pami\u0119tam zbieranie je\u017cyn z lasu, nas\u0142uchiwanie potoku podczas wyj\u015bcia w g\u00f3ry i wypatrywanie saren na \u0142\u0105kach. I chocia\u017c spacerowanie po tamtejszych g\u00f3rach nigdy nie by\u0142o moim ulubionym zaj\u0119ciem to wiem, \u017ce moje ma\u0142e Karpaty to miejsce, do kt\u00f3rego p\u00f3ki co mog\u0119 wraca\u0107. Chcia\u0142abym napisa\u0107, \u017ce zawsze b\u0119d\u0119 mog\u0142a tam wr\u00f3ci\u0107, ale nie wiem, co czeka karpackie lasy z mojego dzieci\u0144stwa i czy w kt\u00f3rym\u015b momencie, zamiast wysokich drzew, nie zastan\u0119 \u0142ysych szczyt\u00f3w, le\u015bnych dr\u00f3g rozjechanych ci\u0119\u017ckim sprz\u0119tem i tartak\u00f3w wype\u0142nionych po brzegi drzewami z \u201cmojego\u201d lasu.<\/p>\n\n<p>Mroczna strona karpackich las\u00f3w &#8211; to miejsca, gdzie przyroda jest dewastowana w imi\u0119 zysku. Szczeg\u00f3lnie na terenach Bieszczad\u00f3w i Pog\u00f3rza Przemyskiego, cz\u0119sto zamiast \u015bwiergotu ptak\u00f3w, s\u0142yszy si\u0119 przeszywaj\u0105ce odg\u0142osy pi\u0142 i powalanych drzew, nawet wiekowych olbrzym\u00f3w, kt\u00f3re powinny by\u0107 chronione w pierwszej kolejno\u015bci.&nbsp;<\/p>\n\n<figure class=\"wp-block-image size-large\"><img loading=\"lazy\" decoding=\"async\" width=\"1024\" height=\"683\" src=\"https:\/\/www.greenpeace.org\/static\/planet4-poland-stateless\/2023\/03\/c05f26ca-turnicki-puszcza-las-1024x683.jpg\" title=\"Karpaty Wycinka\" alt=\"\" class=\"wp-image-32663\" srcset=\"https:\/\/www.greenpeace.org\/static\/planet4-poland-stateless\/2023\/03\/c05f26ca-turnicki-puszcza-las-1024x683.jpg 1024w, https:\/\/www.greenpeace.org\/static\/planet4-poland-stateless\/2023\/03\/c05f26ca-turnicki-puszcza-las-500x333.jpg 500w, https:\/\/www.greenpeace.org\/static\/planet4-poland-stateless\/2023\/03\/c05f26ca-turnicki-puszcza-las-768x512.jpg 768w, https:\/\/www.greenpeace.org\/static\/planet4-poland-stateless\/2023\/03\/c05f26ca-turnicki-puszcza-las-1536x1024.jpg 1536w, https:\/\/www.greenpeace.org\/static\/planet4-poland-stateless\/2023\/03\/c05f26ca-turnicki-puszcza-las-510x340.jpg 510w, https:\/\/www.greenpeace.org\/static\/planet4-poland-stateless\/2023\/03\/c05f26ca-turnicki-puszcza-las.jpg 1920w\" sizes=\"auto, (max-width: 1024px) 100vw, 1024px\" \/><figcaption class=\"wp-element-caption\">Autorka w nieistniej\u0105cym Turnickim Parku Narodowym<\/figcaption><\/figure>\n\n<p>W tej historii mamy standardowy podzia\u0142 si\u0142, z jednej strony obro\u0144cy i obro\u0144czynie dzikiej przyrody, a z drugiej Lasy Pa\u0144stwowe, kt\u00f3re zamiast chroni\u0107 to, co jeszcze nam zosta\u0142o, tn\u0105 na pot\u0119g\u0119, jednocze\u015bnie czerpi\u0105c z tego ogromny zysk. Tylko w 2022 roku LP zarobi\u0142y rekordow\u0105 kwot\u0119 15 miliard\u00f3w z\u0142otych, z czego 13.5 mld pochodzi\u0142o z wycinki i sprzeda\u017cy naszych las\u00f3w.&nbsp;<\/p>\n\n<p>Drogie Lasy Pa\u0144stwowe, polskie lasy to nie jest wasza maszynka do zarabiania pieni\u0119dzy.&nbsp;<\/p>\n\n<p>Obserwujcie dalsze losy Pogotowia dla Karpat, bo Beskid \u017bywiecki to dopiero pocz\u0105tek. Ja natomiast nie mog\u0119 doczeka\u0107 si\u0119 tego, a\u017c w ko\u0144cu b\u0119d\u0119 mog\u0142a podzieli\u0107 si\u0119 z wami kolejnymi historiami z Pogotowia.&nbsp;<\/p>\n\n<p>Do zobaczenia!&nbsp;<br>Gosia<\/p>\n\t\t\t<section\n\t\t\tclass=\"boxout post-32247  sticky-bottom-mobile collapse show\"\n\t\t\tid=\"action-card\"\n\t\t>\n\t\t\t<a\n\t\t\t\tdata-ga-category=\"Take Action Boxout\"\n\t\t\t\tdata-ga-action=\"Image\"\n\t\t\t\tdata-ga-label=\"n\/a\"\n\t\t\t\tclass=\"cover-card-overlay\"\n\t\t\t\thref=\"https:\/\/www.greenpeace.org\/poland\/dzialaj-old\/podpisz-ratujmy-lasy-karpat\/\" \n\t\t\t><\/a>\n\t\t\t\t\t\t\t<img\n\t\t\t\t\t\tsrc=\"https:\/\/www.greenpeace.org\/static\/planet4-poland-stateless\/2022\/11\/6427ee26-gp0stpf50_medium_res_with_credit_line-1024x684.jpg\"\n\t\t\t\t\t\tsrcset=\"https:\/\/www.greenpeace.org\/static\/planet4-poland-stateless\/2022\/11\/6427ee26-gp0stpf50_medium_res_with_credit_line-500x334.jpg 500w, https:\/\/www.greenpeace.org\/static\/planet4-poland-stateless\/2022\/11\/6427ee26-gp0stpf50_medium_res_with_credit_line-1024x684.jpg 1024w, https:\/\/www.greenpeace.org\/static\/planet4-poland-stateless\/2022\/11\/6427ee26-gp0stpf50_medium_res_with_credit_line-768x513.jpg 768w, https:\/\/www.greenpeace.org\/static\/planet4-poland-stateless\/2022\/11\/6427ee26-gp0stpf50_medium_res_with_credit_line-510x340.jpg 510w, https:\/\/www.greenpeace.org\/static\/planet4-poland-stateless\/2022\/11\/6427ee26-gp0stpf50_medium_res_with_credit_line.jpg 1200w\"\n\t\t\t\t\t\tsizes=\"(min-width: 1000px) 358px, (min-width: 780px) 313px, 88px\"\n\t\t\t\t\t\talt=\"Nied\u017awied\u017a brunatny w Karpatach\" title=\"Nied\u017awied\u017a brunatny w Karpatach\"\n\t\t\t\t\/>\n            \t\t\t<div class=\"boxout-content\">\n\t\t\t\t\t\t\t\t\t<a\n\t\t\t\t\t\tclass=\"boxout-heading medium\"\n\t\t\t\t\t\tdata-ga-category=\"Take Action Boxout\"\n\t\t\t\t\t\tdata-ga-action=\"Title\"\n\t\t\t\t\t\tdata-ga-label=\"n\/a\"\n\t\t\t\t\t\thref=\"https:\/\/www.greenpeace.org\/poland\/dzialaj-old\/podpisz-ratujmy-lasy-karpat\/\"\n\t\t\t\t\t\t\n\t\t\t\t\t>\n\t\t\t\t\t\tPodpisz: Ratujmy lasy Karpat!\n\t\t\t\t\t<\/a>\n\t\t\t\t\t\t\t\t\t\t\t\t\t<p class=\"boxout-excerpt\">Co godzin\u0119 w Karpatach niszczony jest las o powierzchni 5 boisk pi\u0142karskich. Musimy to powstrzyma\u0107! Zaapeluj do polityk\u00f3w, aby zako\u0144czyli lekkomy\u015bln\u0105 destrukcj\u0119 Karpat. Czas na powa\u017cnie chroni\u0107 jeden z najwi\u0119kszych skarb\u00f3w naturalnych Europy.<\/p>\n\t\t\t\t                                    <a\n                        class=\"btn btn-primary\"\n                        data-ga-category=\"Take Action Boxout\"\n                        data-ga-action=\"Call to Action\"\n                        data-ga-label=\"n\/a\"\n                        href=\"https:\/\/www.greenpeace.org\/poland\/dzialaj-old\/podpisz-ratujmy-lasy-karpat\/\"\n                        \n                    >\n                        Dzia\u0142aj!\n                    <\/a>\n                \t\t\t<\/div>\n\t\t\t\t\t\t\t<a\n\t\t\t\t\tclass=\"not-now\"\n\t\t\t\t\trole=\"button\"\n\t\t\t\t\tdata-bs-toggle=\"collapse\"\n\t\t\t\t\thref=\"#action-card\"\n\t\t\t\t><\/a>\n\t\t\t\t\t<\/section>\n\t\n<div style=\"height:100px\" aria-hidden=\"true\" class=\"wp-block-spacer\"><\/div>\n\n<div class=\"wp-block-columns is-layout-flex wp-container-core-columns-is-layout-9d6595d7 wp-block-columns-is-layout-flex\">\n<div class=\"wp-block-column is-layout-flow wp-block-column-is-layout-flow\">\n<h3 class=\"wp-block-heading\"><a href=\"https:\/\/www.greenpeace.org\/poland\/blog\/33187\/dziennik-podrozy-4-babiogorski-i-gorczanski-park-narodowy\/\" data-type=\"post\" data-id=\"33187\">Nast\u0119pny wpis<\/a><\/h3>\n<\/div>\n\n\n\n<div class=\"wp-block-column is-layout-flow wp-block-column-is-layout-flow\">\n<h3 class=\"wp-block-heading has-text-align-right\"><a href=\"https:\/\/www.greenpeace.org\/poland\/blog\/32980\/dziennik-podrozy-2-pogotowie-dla-karpat-dotarlo-do-ukrainy\/\" data-type=\"post\" data-id=\"32980\">Poprzedni wpis<\/a><\/h3>\n<\/div>\n<\/div>\n","protected":false},"excerpt":{"rendered":"<p>W ko\u0144cu! Po prawie 3 tygodniach Pogotowie dla Karpat startuje w Polsce. Dla przypomnienia, wyprawa zacz\u0119\u0142a si\u0119 w Rumunii, aby nast\u0119pnie przej\u015b\u0107 przez Ukrain\u0119, W\u0119gry i S\u0142owacj\u0119, a\u017c do Polski&hellip;<\/p>\n","protected":false},"author":25,"featured_media":32334,"comment_status":"closed","ping_status":"open","sticky":false,"template":"","format":"standard","meta":{"ep_exclude_from_search":false,"p4_og_title":"","p4_og_description":"","p4_og_image":"","p4_og_image_id":"","p4_seo_canonical_url":"","p4_campaign_name":"","p4_local_project":"","p4_basket_name":"","p4_department":"","footnotes":""},"categories":[3],"tags":[19,107,24],"p4-page-type":[108],"class_list":["post-33172","post","type-post","status-publish","format-standard","has-post-thumbnail","hentry","category-przyroda","tag-lasy","tag-karpaty","tag-aktywizm","p4-page-type-blog"],"_links":{"self":[{"href":"https:\/\/www.greenpeace.org\/poland\/wp-json\/wp\/v2\/posts\/33172","targetHints":{"allow":["GET"]}}],"collection":[{"href":"https:\/\/www.greenpeace.org\/poland\/wp-json\/wp\/v2\/posts"}],"about":[{"href":"https:\/\/www.greenpeace.org\/poland\/wp-json\/wp\/v2\/types\/post"}],"author":[{"embeddable":true,"href":"https:\/\/www.greenpeace.org\/poland\/wp-json\/wp\/v2\/users\/25"}],"replies":[{"embeddable":true,"href":"https:\/\/www.greenpeace.org\/poland\/wp-json\/wp\/v2\/comments?post=33172"}],"version-history":[{"count":12,"href":"https:\/\/www.greenpeace.org\/poland\/wp-json\/wp\/v2\/posts\/33172\/revisions"}],"predecessor-version":[{"id":33291,"href":"https:\/\/www.greenpeace.org\/poland\/wp-json\/wp\/v2\/posts\/33172\/revisions\/33291"}],"wp:featuredmedia":[{"embeddable":true,"href":"https:\/\/www.greenpeace.org\/poland\/wp-json\/wp\/v2\/media\/32334"}],"wp:attachment":[{"href":"https:\/\/www.greenpeace.org\/poland\/wp-json\/wp\/v2\/media?parent=33172"}],"wp:term":[{"taxonomy":"category","embeddable":true,"href":"https:\/\/www.greenpeace.org\/poland\/wp-json\/wp\/v2\/categories?post=33172"},{"taxonomy":"post_tag","embeddable":true,"href":"https:\/\/www.greenpeace.org\/poland\/wp-json\/wp\/v2\/tags?post=33172"},{"taxonomy":"p4-page-type","embeddable":true,"href":"https:\/\/www.greenpeace.org\/poland\/wp-json\/wp\/v2\/p4-page-type?post=33172"}],"curies":[{"name":"wp","href":"https:\/\/api.w.org\/{rel}","templated":true}]}}