{"id":33179,"date":"2023-06-06T17:15:36","date_gmt":"2023-06-06T15:15:36","guid":{"rendered":"https:\/\/www.greenpeace.org\/poland\/?p=33179"},"modified":"2023-11-08T16:25:49","modified_gmt":"2023-11-08T14:25:49","slug":"turow-sad-wstrzymal-decyzje-srodowiskowa","status":"publish","type":"post","link":"https:\/\/www.greenpeace.org\/poland\/aktualnosci\/33179\/turow-sad-wstrzymal-decyzje-srodowiskowa\/","title":{"rendered":"Tur\u00f3w: s\u0105d wstrzyma\u0142 decyzj\u0119 \u015brodowiskow\u0105"},"content":{"rendered":"\n<p><strong>Wojew\u00f3dzki S\u0105d Administracyjny w Warszawie uzna\u0142, \u017ce w sprawie dotycz\u0105cej kopalni Tur\u00f3w zachodzi niebezpiecze\u0144stwo wyrz\u0105dzenia znacznej szkody w \u015brodowisku i wstrzyma\u0142 wykonanie decyzji \u015brodowiskowej dla przedsi\u0119wzi\u0119cia. To na tej&nbsp; podstawie w lutym 2023 roku Ministerstwo Klimatu i \u015arodowiska przed\u0142u\u017cy\u0142o koncesj\u0119 na wydobycie w\u0119gla. MKIS nie po raz pierwszy dzia\u0142a metod\u0105 fakt\u00f3w dokonanych.<\/strong><\/p>\n\n<p>\u2013 S\u0105d wstrzyma\u0142 wykonanie decyzji \u015brodowiskowej dla wydobywania w\u0119gla brunatnego w Turowie do czasu jej merytorycznego rozpatrzenia, wyja\u015bniaj\u0105c, \u017ce zachodzi niebezpiecze\u0144stwo wyrz\u0105dzenia znacznej szkody w \u015brodowisku. To postanowienie oznacza, \u017ce zdaniem s\u0105du nie mo\u017cna wykluczy\u0107, i\u017c decyzja \u015brodowiskowa dla Turowa zostanie w przysz\u0142o\u015bci uznana za wadliw\u0105 \u2013 powiedzia\u0142a Agnieszka Stupkiewicz, radczyni prawna z Frank Bold.<\/p>\n\n<p>Skarg\u0119 na <a href=\"https:\/\/blog.frankbold.pl\/kopalnia-turow-bedzie-dalej-niszczyc-srodowisko-tak-zdecydowal-gdos%ef%bf%bc\/\">decyzj\u0119 \u015brodowiskow\u0105<\/a> z\u0142o\u017cy\u0142y jesieni\u0105 2022 roku m.in. Fundacja Frank Bold, Greenpeace i Stowarzyszenie Ekologiczne EKO-UNIA. Mimo istnienia przes\u0142anek przemawiaj\u0105cych za wadliwo\u015bci\u0105 tej decyzji i mo\u017cliwo\u015bci, \u017ce w zwi\u0105zku z tym zostanie ona uchylona, ministra klimatu Anna Moskwa ju\u017c w lutym 2023 roku wyda\u0142a na jej podstawie przed\u0142u\u017cenie koncesji na wydobycie w\u0119gla w Turowie.<\/p>\n\n<p>\u2013 Od dawna ostrzegali\u015bmy, \u017ce brak dobrego planu na sprawiedliw\u0105 transformacj\u0119 regionu to przepis na katastrof\u0119. Mamy post\u0119puj\u0105cy kryzys klimatyczny, dlatego Tur\u00f3w, podobnie jak pozosta\u0142e, przestarza\u0142e elektrownie w\u0119glowe powinny zosta\u0107 wy\u0142\u0105czone najp\u00f3\u017aniej w 2030 roku. W zamian powinien powsta\u0107 system oparty w du\u017cej mierze na OZE i podnoszeniu efektywno\u015bci energetycznej. Tymczasem rz\u0105d, wbrew trendom w energetyce i kosztom jakie poci\u0105ga trwanie przy energii z w\u0119gla, za wszelk\u0105 cen\u0119 walczy o przed\u0142u\u017canie agonii sektora opartego na spalaniu paliw kopalnych \u2013 powiedzia\u0142a Anna Meres z Greenpeace.&nbsp;<\/p>\n\n<p>\u2013 Kto nie przestrzega prawa lub z niego drwi, pr\u0119dzej czy p\u00f3\u017aniej wpadnie we w\u0142asn\u0105 pu\u0142apk\u0119. W Bogatyni wszystko zosta\u0142o postawione na jedn\u0105 kart\u0119, a teraz mo\u017ce si\u0119 okaza\u0107, \u017ce ten domek z kart po prostu runie du\u017co wcze\u015bniej ni\u017c sobie to wszyscy wyobra\u017caj\u0105. Rz\u0105d i PGE obietnic\u0105 wydobycia w\u0119gla do 2044 r. ok\u0142amuj\u0105 ludzi z regionu bogaty\u0144sko-zgorzeleckiego. Dzia\u0142ania polityk\u00f3w doprowadzi\u0142y ju\u017c do utraty miliarda z\u0142otych z Unii Europejskiej na sprawiedliw\u0105 transformacj\u0119 dla Turowa, a przez ich zaklinanie rzeczywisto\u015bci nie ma \u017cadnego planu na transformacj\u0119 regionu. Najwy\u017cszy czas, aby mieszka\u0144cy, samorz\u0105dy i przedsi\u0119biorcy z regionu zacz\u0119li powa\u017cnie my\u015ble\u0107 o przysz\u0142o\u015bci i transformacji, kt\u00f3ra powinna si\u0119 ju\u017c dawno temu rozpocz\u0105\u0107 \u2013 skomentowa\u0142 Rados\u0142aw Gawlik ze Stowarzyszenia Ekologicznego EKO-UNIA.<\/p>\n\n<p>Postanowienie nie jest prawomocne. Ministerstwu \u015arodowiska i Klimatu oraz sp\u00f3\u0142ce PGE przys\u0142uguje mo\u017cliwo\u015b\u0107 wniesienia za\u017calenia do Naczelnego S\u0105du Administracyjnego.<\/p>\n","protected":false},"excerpt":{"rendered":"<p>Wojew\u00f3dzki S\u0105d Administracyjny w Warszawie uzna\u0142, \u017ce w sprawie dotycz\u0105cej kopalni Tur\u00f3w zachodzi niebezpiecze\u0144stwo wyrz\u0105dzenia znacznej szkody w \u015brodowisku i wstrzyma\u0142 wykonanie decyzji \u015brodowiskowej dla przedsi\u0119wzi\u0119cia. To na tej&nbsp; podstawie&hellip;<\/p>\n","protected":false},"author":32,"featured_media":33180,"comment_status":"closed","ping_status":"open","sticky":false,"template":"","format":"standard","meta":{"ep_exclude_from_search":false,"p4_og_title":"","p4_og_description":"","p4_og_image":"","p4_og_image_id":"","p4_seo_canonical_url":"","p4_campaign_name":"","p4_local_project":"","p4_basket_name":"","p4_department":"","footnotes":""},"categories":[2],"tags":[6,25,18,110],"p4-page-type":[14],"class_list":["post-33179","post","type-post","status-publish","format-standard","has-post-thumbnail","hentry","category-klimat-energia","tag-klimat","tag-paliwakopalne","tag-wegiel","tag-turow","p4-page-type-aktualnosci"],"_links":{"self":[{"href":"https:\/\/www.greenpeace.org\/poland\/wp-json\/wp\/v2\/posts\/33179","targetHints":{"allow":["GET"]}}],"collection":[{"href":"https:\/\/www.greenpeace.org\/poland\/wp-json\/wp\/v2\/posts"}],"about":[{"href":"https:\/\/www.greenpeace.org\/poland\/wp-json\/wp\/v2\/types\/post"}],"author":[{"embeddable":true,"href":"https:\/\/www.greenpeace.org\/poland\/wp-json\/wp\/v2\/users\/32"}],"replies":[{"embeddable":true,"href":"https:\/\/www.greenpeace.org\/poland\/wp-json\/wp\/v2\/comments?post=33179"}],"version-history":[{"count":1,"href":"https:\/\/www.greenpeace.org\/poland\/wp-json\/wp\/v2\/posts\/33179\/revisions"}],"predecessor-version":[{"id":33181,"href":"https:\/\/www.greenpeace.org\/poland\/wp-json\/wp\/v2\/posts\/33179\/revisions\/33181"}],"wp:featuredmedia":[{"embeddable":true,"href":"https:\/\/www.greenpeace.org\/poland\/wp-json\/wp\/v2\/media\/33180"}],"wp:attachment":[{"href":"https:\/\/www.greenpeace.org\/poland\/wp-json\/wp\/v2\/media?parent=33179"}],"wp:term":[{"taxonomy":"category","embeddable":true,"href":"https:\/\/www.greenpeace.org\/poland\/wp-json\/wp\/v2\/categories?post=33179"},{"taxonomy":"post_tag","embeddable":true,"href":"https:\/\/www.greenpeace.org\/poland\/wp-json\/wp\/v2\/tags?post=33179"},{"taxonomy":"p4-page-type","embeddable":true,"href":"https:\/\/www.greenpeace.org\/poland\/wp-json\/wp\/v2\/p4-page-type?post=33179"}],"curies":[{"name":"wp","href":"https:\/\/api.w.org\/{rel}","templated":true}]}}