{"id":33322,"date":"2023-06-27T17:06:14","date_gmt":"2023-06-27T15:06:14","guid":{"rendered":"https:\/\/www.greenpeace.org\/poland\/?p=33322"},"modified":"2023-06-27T17:06:16","modified_gmt":"2023-06-27T15:06:16","slug":"po-latach-walki-sad-przyznal-ze-rosja-zlamala-prawo-wobec-arktycznej-30","status":"publish","type":"post","link":"https:\/\/www.greenpeace.org\/poland\/aktualnosci\/33322\/po-latach-walki-sad-przyznal-ze-rosja-zlamala-prawo-wobec-arktycznej-30\/","title":{"rendered":"Po latach walki s\u0105d przyzna\u0142, \u017ce Rosja z\u0142ama\u0142a prawo wobec Arktycznej 30"},"content":{"rendered":"\n<p><strong>Amsterdam<\/strong> &#8211; Europejski Trybuna\u0142 Praw Cz\u0142owieka wyda\u0142 dzi\u015b orzeczenie w ci\u0105gn\u0105cej si\u0119 latami sprawie Arktyczna 30 przeciwko Rosji.\u00a0 Stwierdzi\u0142 w nim, \u017ce rosyjskie w\u0142adze arbitralnie zatrzyma\u0142y 28 aktywist\u00f3w Greenpeace i dw\u00f3ch niezale\u017cnych dziennikarzy oraz naruszy\u0142y ich prawo do wolno\u015bci wypowiedzi[1]. Chodzi o g\u0142o\u015bn\u0105 spraw\u0119 zatrzymania w 2013 roku statku Greenpeace Arctic Sunrise z trzydziestoma osobami na pok\u0142adzie. Do zatrzymania dosz\u0142o tu\u017c po prote\u015bcie przeciwko odwiertom ropy prowadzonym przez Gazprom w Arktyce. W\u015br\u00f3d zatrzymanych znajdowa\u0142 si\u0119 Polak.<\/p>\n\n<p>Grupa, kt\u00f3ra sta\u0142a si\u0119 znana jako Arktyczna 30, zosta\u0142a zatrzymana jesieni\u0105 2013 roku pod zarzutem piractwa po tym, jak rosyjscy komandosi opu\u015bcili si\u0119 na linach z helikoptera na pok\u0142ad statku Greenpeace Arctic Sunrise. Statek zosta\u0142 zatrzymany i odholowany, wbrew woli kapitana, do Murma\u0144ska. Protest dotyczy\u0142 sprzeciwu wobec wydobycia przez rosyjski koncern Gazprom ropy naftowej w Arktyce. Zatrzymani aktywi\u015bci sp\u0119dzili dwa miesi\u0105ce w areszcie &#8211; najpierw w Murma\u0144sku, p\u00f3\u017aniej w Petersburgu. Ostatecznie zostali zwolnieni za kaucj\u0105, a w ko\u0144cu ca\u0142kowicie oczyszczeni z zarzut\u00f3w i pozwolono im opu\u015bci\u0107 Rosj\u0119[2].<\/p>\n\n<p>-To orzeczenie nie mog\u0142o zapa\u015b\u0107 w bardziej krytycznym momencie. Ludzie na ca\u0142ym \u015bwiecie podejmuj\u0105 dzia\u0142ania przeciwko przemys\u0142owi paliw kopalnych, kt\u00f3ry pog\u0142\u0119bia kryzys klimatyczny, powoduj\u0105c \u015bmier\u0107, zniszczenia i wysiedlenia na ca\u0142ym \u015bwiecie. S\u0105d uzna\u0142, \u017ce aktywizm klimatyczny jest niezb\u0119dny do ochrony wszystkiego, co jest nam drogie, stwierdzaj\u0105c, \u017ce jest to &#8222;wyra\u017canie opinii w sprawie o istotnym znaczeniu spo\u0142ecznym&#8221;. S\u0105dy i rz\u0105dy musz\u0105 broni\u0107 ludzi i przyrody, a nie wielkich trucicieli. Pokojowe akcje bezpo\u015brednie s\u0105 niezb\u0119dne w obliczu braku wystarczaj\u0105cych dzia\u0142a\u0144 rz\u0105d\u00f3w by odchodzi\u0107 od spalania paliw kopalnych. Europejski Trybuna\u0142 Praw Cz\u0142owieka przypomina nam, \u017ce pokojowy protest jest prawem, kt\u00f3re w\u0142adze publiczne musz\u0105 w pe\u0142ni respektowa\u0107 \u2013 powiedzia\u0142a Katarzyna Bilewska z Greenpeace Polska.<\/p>\n\n<p>W maju Greenpeace zosta\u0142 uznany przez rosyjskie w\u0142adze za &#8222;organizacj\u0119 niepo\u017c\u0105dan\u0105&#8221;, co spowodowa\u0142o zamkni\u0119cie dzia\u0142alno\u015bci w Rosji, ko\u0144cz\u0105c tym samym trzydziestoletni\u0105 histori\u0119 pracy na rzecz ochrony \u015brodowiska w tym kraju. <a href=\"https:\/\/www.greenpeace.org\/international\/press-release\/59745\/environmental-protection-undesirable-russia-greenpeace\/\">W o\u015bwiadczeniu Greenpeace International stwierdzi\u0142,<\/a> \u017ce: &#8222;Zakaz dzia\u0142alno\u015bci Greenpeace International w Rosji jest absurdalnym, nieodpowiedzialnym i destrukcyjnym krokiem w obliczu globalnego kryzysu klimatu i bior\u00f3\u017cnorodno\u015bci&#8221;.<\/p>\n\n<p>Rosja zosta\u0142a wykluczona z Rady Europy w marcu 2022 r., w tym z Europejskiego Trybuna\u0142u Praw Cz\u0142owieka, ale nie mia\u0142o to wp\u0142ywu na tocz\u0105ce si\u0119 sprawy.<\/p>\n\n<p>[1] Pe\u0142ne orzeczenie s\u0105du w sprawie <em>Bryan i inni przeciw Rosja<\/em> (powszechnie znanej jako <em>Arctic 30 v Russia<\/em>) jest dost\u0119pne na stronie <a href=\"https:\/\/hudoc.echr.coe.int\/eng#{%22itemid%22:[%22001-225440%22]}\">Europejskiego Trybuna\u0142u Praw Cz\u0142owieka<\/a>. Argumentacja popieraj\u0105ca spraw\u0119 <strong>Arctic 30<\/strong> dost\u0119pna jest na stronie <a href=\"https:\/\/www.greenpeace.org\/international\/story\/18119\/arctic-30-jailed-in-russia-argue-their-case-in-european-court\/#:~:text=The%20%27Arctic%2030%27%20%E2%80%93%20the,case%2C%20Bryan%20and%20Others%20v.\">Greenpeace International <\/a>.<\/p>\n\n<p>[2] Aresztowanie przez Rosj\u0119 statku Arctic Sunrise i zatrzymanie za\u0142ogi wywo\u0142a\u0142o prawn\u0105 dyskusj\u0119 <strong>dotycz\u0105c\u0105 \u00a0Konwencji Praw Morza ONZ<\/strong>. <a href=\"https:\/\/www.greenpeace.org\/usa\/news\/russian-government-broke-international-law-in-greenpeace-arctic-30-case-tribunal\/\">W 2015, mi\u0119dzynarodowy trybuna\u0142 uzna\u0142, \u017ce Rosja naruszy\u0142a\u00a0 prawa Niderland\u00f3w jako pa\u0144stwa, do kt\u00f3rego nale\u017ca\u0142a bandera statku <\/a>i zarz\u0105dzi\u0142 zap\u0142at\u0119 zado\u015b\u0107uczynienia.\u00a0 <a href=\"https:\/\/www.greenpeace.org\/international\/press-release\/22071\/settlement-of-the-arctic-sunrise-case-between-the-netherlands-and-russia\/\">Sp\u00f3r mi\u0119dzy Niderlandami a Rosj\u0105 zako\u0144czy\u0142 si\u0119 w 2019. <\/a>Europejski Trybuna\u0142 Praw Cz\u0142owieka nie zdecydowa\u0142 si\u0119 na przyznanie dodatkowego odszkodowania na rzecz Arktycznej 30, uznaj\u0105c \u017ce znalaz\u0142o si\u0119 ono w \u00a0sumie wyp\u0142aconej po osi\u0105gni\u0119ciu porozumienia w 2019.<\/p>\n","protected":false},"excerpt":{"rendered":"<p>Amsterdam &#8211; Europejski Trybuna\u0142 Praw Cz\u0142owieka wyda\u0142 dzi\u015b orzeczenie w ci\u0105gn\u0105cej si\u0119 latami sprawie Arktyczna 30 przeciwko Rosji.\u00a0 Stwierdzi\u0142 w nim, \u017ce rosyjskie w\u0142adze arbitralnie zatrzyma\u0142y 28 aktywist\u00f3w Greenpeace i&hellip;<\/p>\n","protected":false},"author":32,"featured_media":33323,"comment_status":"closed","ping_status":"open","sticky":false,"template":"","format":"standard","meta":{"ep_exclude_from_search":false,"p4_og_title":"","p4_og_description":"","p4_og_image":"","p4_og_image_id":"","p4_seo_canonical_url":"","p4_campaign_name":"","p4_local_project":"","p4_basket_name":"","p4_department":"","footnotes":""},"categories":[33,2],"tags":[24,32,31,106,6],"p4-page-type":[14],"class_list":["post-33322","post","type-post","status-publish","format-standard","has-post-thumbnail","hentry","category-greenpeace","category-klimat-energia","tag-aktywizm","tag-arktyka","tag-demokracjaiprawaczlowieka","tag-gaz","tag-klimat","p4-page-type-aktualnosci"],"_links":{"self":[{"href":"https:\/\/www.greenpeace.org\/poland\/wp-json\/wp\/v2\/posts\/33322","targetHints":{"allow":["GET"]}}],"collection":[{"href":"https:\/\/www.greenpeace.org\/poland\/wp-json\/wp\/v2\/posts"}],"about":[{"href":"https:\/\/www.greenpeace.org\/poland\/wp-json\/wp\/v2\/types\/post"}],"author":[{"embeddable":true,"href":"https:\/\/www.greenpeace.org\/poland\/wp-json\/wp\/v2\/users\/32"}],"replies":[{"embeddable":true,"href":"https:\/\/www.greenpeace.org\/poland\/wp-json\/wp\/v2\/comments?post=33322"}],"version-history":[{"count":1,"href":"https:\/\/www.greenpeace.org\/poland\/wp-json\/wp\/v2\/posts\/33322\/revisions"}],"predecessor-version":[{"id":33324,"href":"https:\/\/www.greenpeace.org\/poland\/wp-json\/wp\/v2\/posts\/33322\/revisions\/33324"}],"wp:featuredmedia":[{"embeddable":true,"href":"https:\/\/www.greenpeace.org\/poland\/wp-json\/wp\/v2\/media\/33323"}],"wp:attachment":[{"href":"https:\/\/www.greenpeace.org\/poland\/wp-json\/wp\/v2\/media?parent=33322"}],"wp:term":[{"taxonomy":"category","embeddable":true,"href":"https:\/\/www.greenpeace.org\/poland\/wp-json\/wp\/v2\/categories?post=33322"},{"taxonomy":"post_tag","embeddable":true,"href":"https:\/\/www.greenpeace.org\/poland\/wp-json\/wp\/v2\/tags?post=33322"},{"taxonomy":"p4-page-type","embeddable":true,"href":"https:\/\/www.greenpeace.org\/poland\/wp-json\/wp\/v2\/p4-page-type?post=33322"}],"curies":[{"name":"wp","href":"https:\/\/api.w.org\/{rel}","templated":true}]}}