{"id":33360,"date":"2023-07-18T10:47:45","date_gmt":"2023-07-18T08:47:45","guid":{"rendered":"https:\/\/www.greenpeace.org\/poland\/?p=33360"},"modified":"2025-08-06T02:41:00","modified_gmt":"2025-08-06T00:41:00","slug":"nsa-uchylil-wstrzymanie-decyzji-srodowiskowej-dla-turowa","status":"publish","type":"post","link":"https:\/\/www.greenpeace.org\/poland\/aktualnosci\/33360\/nsa-uchylil-wstrzymanie-decyzji-srodowiskowej-dla-turowa\/","title":{"rendered":"NSA uchyli\u0142 wstrzymanie decyzji \u015brodowiskowej dla Turowa"},"content":{"rendered":"\n<p><strong>Naczelny S\u0105d Administracyjny <\/strong><a href=\"https:\/\/www.nsa.gov.pl\/komunikaty\/postanowienie-nsa-w-sprawie-wstrzymania-wykonania-decyzji-dotyczacej-kopalni-turow-sygn-akt-iii-oz-331-23,news,4,978.php\"><strong>uchyli\u0142<\/strong><\/a><strong> wydane przez Wojew\u00f3dzki S\u0105d Administracyjny postanowienie o wstrzymaniu wykonalno\u015bci decyzji \u015brodowiskowej dla Turowa. Nie ko\u0144czy to jeszcze sprawy kopalni, gdy\u017c o prawid\u0142owo\u015bci decyzji \u015brodowiskowej WSA b\u0119dzie dopiero orzeka\u0142. Organizacje ekologiczne podkre\u015blaj\u0105, \u017ce zamieszanie wok\u00f3\u0142 odkrywki wynika z nieprawid\u0142owego trybu przed\u0142u\u017cenia koncesji na wydobycie w\u0119gla brunatnego i ostrzegaj\u0105 przed konsekwencjami uchwalanego w\u0142a\u015bnie \u201cLex Tur\u00f3w\u201d, kt\u00f3re ma umo\u017cliwi\u0107 rz\u0105dowi obchodzenie prawa.&nbsp;<\/strong><\/p>\n\n<p>\u2013 Dzisiejsze orzeczenie NSA oznacza tylko tyle, \u017ce odm\u00f3wiono zastosowania \u015brodka tymczasowego, jakim jest wstrzymanie wykonalno\u015bci decyzji \u015brodowiskowej dla kopalni Tur\u00f3w. Natomiast o tym, czy decyzja \u015brodowiskowa zosta\u0142a wydana zgodnie z prawem s\u0105d b\u0119dzie dopiero decydowa\u0142 pod koniec sierpnia \u2013 skomentowa\u0142a Agnieszka Stupkiewicz, radczyni prawna z Frank Bold.<\/p>\n\n<p><a href=\"https:\/\/blog.frankbold.pl\/ekolodzy-zaskarza-przedluzenie-koncesji-dla-turowa\/\">Skarg\u0119 na decyzj\u0119 \u015brodowiskow\u0105<\/a> dla kopalni z\u0142o\u017cy\u0142y organizacje pozarz\u0105dowe dzia\u0142aj\u0105ce w Polsce, Czechach i Niemczech na rzecz ochrony przyrody i klimatu. Jak argumentuj\u0105, decyzja \u015brodowiskowa zosta\u0142a wydana w spos\u00f3b nieprawid\u0142owy, z pomini\u0119ciem istotnych negatywnych aspekt\u00f3w dzia\u0142alno\u015bci kopalni.&nbsp;<\/p>\n\n<p>\u2013 Nawet Federacja Zwi\u0105zk\u00f3w Zawodowych dzia\u0142aj\u0105cych na terenie kopalni Tur\u00f3w <a href=\"https:\/\/www.facebook.com\/permalink.php?story_fbid=pfbid02xd8woNfe2G8pSKRJa4pV3QK5f9M6ZLDqFz8nSHd4STuujuVFbXsoafW64q2bDxRGl&amp;id=100057157522040\">zwraca\u0142a uwag\u0119<\/a> na to, \u017ce w przypadku przed\u0142u\u017cenia koncesji na wydobycie dosz\u0142o do nieprawid\u0142owo\u015bci. W pe\u0142ni zgadzamy si\u0119 z obawami, jakie wyra\u017caj\u0105 zwi\u0105zkowcy i tak samo jak oni uwa\u017camy, \u017ce nast\u0105pi\u0142y nieprawid\u0142owo\u015bci w post\u0119powaniu koncesyjnym, za kt\u00f3re odpowiada PGE i rz\u0105d premiera Morawieckiego. Jednak najbardziej ra\u017c\u0105cym b\u0142\u0119dem z ich strony jest brak dobrego planu sprawiedliwej transformacji energetycznej, kt\u00f3ry pozbawi\u0142 region turoszowski \u015brodk\u00f3w unijnych \u2013 powiedzia\u0142a Anna Meres z Greenpeace.<\/p>\n\n<p>Termin rozprawy, na kt\u00f3rej WSA w Warszawie rozstrzygnie, czy decyzja \u015brodowiskowa zosta\u0142a wydana z naruszeniem prawa, zosta\u0142 wyznaczony na 31 sierpnia.<\/p>\n\n<p>\u2013 Rz\u0105d twierdzi, \u017ce nawet przy negatywnym dla PGE rozstrzygni\u0119ciu s\u0105du sp\u00f3\u0142ka b\u0119dzie mog\u0142a dalej wydobywa\u0107 w\u0119giel w Turowie. Jednak w naszej ocenie, je\u015bli s\u0105d uchyli decyzj\u0119 \u015brodowiskow\u0105, to daje podstaw\u0119 do podwa\u017cenia koncesji wydanej na jej podstawie. Mnogo\u015b\u0107 b\u0142\u0119d\u00f3w pope\u0142nionych przy wydawaniu koncesji doprowadzi\u0142a do sytuacji, w kt\u00f3rej na stole nie ma ju\u017c w\u0142a\u015bciwie rozwi\u0105za\u0144 prawnych umo\u017cliwiaj\u0105cych legalne wydobycie w\u0119gla w kopalni \u2013 stwierdzi\u0142a Agnieszka Stupkiewicz, radczyni prawna z Frank Bold.<\/p>\n\n<p>Jak zwracaj\u0105 uwag\u0119 organizacje, rz\u0105dz\u0105cy podj\u0119li pr\u00f3b\u0119 zabezpieczenia si\u0119 przed konsekwencjami w\u0142asnych pomy\u0142ek proponuj\u0105c proponuj\u0105c do tzw. ustawy ocenowej wrzutk\u0119 nazwan\u0105 ju\u017c przez media \u201clex Tur\u00f3w\u201d. Poprawka ma spowodowa\u0107, \u017ce wstrzymanie decyzji \u015brodowiskowej nie b\u0119dzie mia\u0142o wp\u0142ywu na realizacj\u0119 przedsi\u0119wzi\u0119cia.<\/p>\n\n<p>\u2013 Ten przepis jest w oczywisty spos\u00f3b kuriozalny i bardzo niebezpieczny w kontek\u015bcie stara\u0144 naszego kraju, aby wykaza\u0107, \u017ce wci\u0105\u017c jeste\u015bmy pa\u0144stwem prawa. \u201cLex Tur\u00f3w\u201d oznacza\u0107 b\u0119dzie, \u017ce wyroki s\u0105d\u00f3w b\u0119dzie mo\u017cna lekcewa\u017cy\u0107. Nawet gdy s\u0105d uzna, \u017ce dana inwestycja mo\u017ce powodowa\u0107 znaczne szkody \u015brodowiskowe i zaleci jej wstrzymanie jako \u015brodek zapobiegawczy, by do tych szk\u00f3d jednak nie dosz\u0142o, to inwestor b\u0119dzie m\u00f3g\u0142 dalej bez przeszk\u00f3d realizowa\u0107 to, co zaplanowa\u0142. Rz\u0105d ju\u017c wcze\u015bniej zapowiada\u0142, \u017ce nie b\u0119dzie respektowa\u0142 wyrok\u00f3w i postanowie\u0144 s\u0105d\u00f3w w sprawie Turowa czy Odry, a teraz podni\u00f3s\u0142 te zapowiedzi do rangi ustawy \u2013 powiedzia\u0142 Rados\u0142aw Gawlik ze Stowarzyszenia Ekologicznego EKO-UNIA.<\/p>\n","protected":false},"excerpt":{"rendered":"<p>Naczelny S\u0105d Administracyjny uchyli\u0142 wydane przez Wojew\u00f3dzki S\u0105d Administracyjny postanowienie o wstrzymaniu wykonalno\u015bci decyzji \u015brodowiskowej dla Turowa. Nie ko\u0144czy to jeszcze sprawy kopalni, gdy\u017c o prawid\u0142owo\u015bci decyzji \u015brodowiskowej WSA b\u0119dzie&hellip;<\/p>\n","protected":false},"author":32,"featured_media":33361,"comment_status":"closed","ping_status":"open","sticky":false,"template":"","format":"standard","meta":{"ep_exclude_from_search":false,"p4_og_title":"","p4_og_description":"","p4_og_image":"","p4_og_image_id":"","p4_seo_canonical_url":"","p4_campaign_name":"","p4_local_project":"","p4_basket_name":"","p4_department":"","footnotes":""},"categories":[2],"tags":[6,25,18,110],"p4-page-type":[14],"class_list":["post-33360","post","type-post","status-publish","format-standard","has-post-thumbnail","hentry","category-klimat-energia","tag-klimat","tag-paliwakopalne","tag-wegiel","tag-turow","p4-page-type-aktualnosci"],"_links":{"self":[{"href":"https:\/\/www.greenpeace.org\/poland\/wp-json\/wp\/v2\/posts\/33360","targetHints":{"allow":["GET"]}}],"collection":[{"href":"https:\/\/www.greenpeace.org\/poland\/wp-json\/wp\/v2\/posts"}],"about":[{"href":"https:\/\/www.greenpeace.org\/poland\/wp-json\/wp\/v2\/types\/post"}],"author":[{"embeddable":true,"href":"https:\/\/www.greenpeace.org\/poland\/wp-json\/wp\/v2\/users\/32"}],"replies":[{"embeddable":true,"href":"https:\/\/www.greenpeace.org\/poland\/wp-json\/wp\/v2\/comments?post=33360"}],"version-history":[{"count":1,"href":"https:\/\/www.greenpeace.org\/poland\/wp-json\/wp\/v2\/posts\/33360\/revisions"}],"predecessor-version":[{"id":33362,"href":"https:\/\/www.greenpeace.org\/poland\/wp-json\/wp\/v2\/posts\/33360\/revisions\/33362"}],"wp:featuredmedia":[{"embeddable":true,"href":"https:\/\/www.greenpeace.org\/poland\/wp-json\/wp\/v2\/media\/33361"}],"wp:attachment":[{"href":"https:\/\/www.greenpeace.org\/poland\/wp-json\/wp\/v2\/media?parent=33360"}],"wp:term":[{"taxonomy":"category","embeddable":true,"href":"https:\/\/www.greenpeace.org\/poland\/wp-json\/wp\/v2\/categories?post=33360"},{"taxonomy":"post_tag","embeddable":true,"href":"https:\/\/www.greenpeace.org\/poland\/wp-json\/wp\/v2\/tags?post=33360"},{"taxonomy":"p4-page-type","embeddable":true,"href":"https:\/\/www.greenpeace.org\/poland\/wp-json\/wp\/v2\/p4-page-type?post=33360"}],"curies":[{"name":"wp","href":"https:\/\/api.w.org\/{rel}","templated":true}]}}