{"id":33369,"date":"2023-07-21T11:11:28","date_gmt":"2023-07-21T09:11:28","guid":{"rendered":"https:\/\/www.greenpeace.org\/poland\/?p=33369"},"modified":"2025-08-06T02:40:48","modified_gmt":"2025-08-06T00:40:48","slug":"greenpeace-apeluje-o-szerokie-konsultacje-niemieckiego-terminala-lng-czy-polski-rzad-wezmie-w-nich-udzial","status":"publish","type":"post","link":"https:\/\/www.greenpeace.org\/poland\/aktualnosci\/33369\/greenpeace-apeluje-o-szerokie-konsultacje-niemieckiego-terminala-lng-czy-polski-rzad-wezmie-w-nich-udzial\/","title":{"rendered":"Greenpeace apeluje o szerokie konsultacje niemieckiego terminala LNG. Czy polski rz\u0105d we\u017amie w nich udzia\u0142?\u00a0"},"content":{"rendered":"\n<p><strong>Greenpeace domaga si\u0119 przeprowadzenia transgranicznej oceny wp\u0142ywu na \u015brodowisko planowanego na Morzu Ba\u0142tyckim niemieckiego terminalu do importu gazu skroplonego LNG. Pismo w tej sprawie trafi\u0142o do Sekretarz Komitetu Wdro\u017ceniowego Konwencji z Espoo Elisabeth Losasso. <\/strong><strong>Terminal, kt\u00f3ry ma importowa\u0107 oko\u0142o 38 mld metr\u00f3w sze\u015bciennych gazu rocznie b\u0119dzie najwi\u0119kszym tego typu obiektem w Europie. Inwestycja planowana jest u wybrze\u017cy Rugii, zaledwie 100 km od granicy Polski. Organizacja liczy na to, \u017ce rz\u0105d Prawa i Sprawiedliwo\u015bci poprzez apel i w\u0142\u0105czy si\u0119 w proces konsultacji tej inwestycji.&nbsp;<\/strong><\/p>\n\n<p>&#8211; Budowa kolejnej infrastruktury uzale\u017cniaj\u0105cej Europ\u0119 od paliw kopalnych na kolejne dekady to szkodliwy pomys\u0142. Skutki kryzysu klimatycznego ju\u017c teraz odczuwamy na w\u0142asnej sk\u00f3rze, a tego typu pomys\u0142y jeszcze go pog\u0142\u0119bi\u0105. Realizacja tej inwestycji b\u0119dzie te\u017c mia\u0142a dramatyczny wp\u0142yw na ekosystem Morza Ba\u0142tyckiego. Bior\u0105c pod uwag\u0119 szeroko zakrojone konsekwencje ekologiczne i \u015brodowiskowe, wzywamy Sekretariat Konwencji z Espoo do dok\u0142adnego zbadania proponowanego ruroci\u0105gu i rozbudowy portu w pobli\u017cu Rugii. Kluczowe jest przeprowadzenie kompleksowej oceny wp\u0142ywu projektu na ptaki, ssaki morskie i ryby. Konwencja z Espoo zapewnia istotne ramy dla przeprowadzenia transgranicznej oceny oddzia\u0142ywania na \u015brodowisko i konieczne jest, aby potencjalne skutki wykraczaj\u0105ce poza niemieck\u0105 wy\u0142\u0105czn\u0105 stref\u0119 ekonomiczn\u0105 zosta\u0142y nale\u017cycie uwzgl\u0119dnione w tym kontek\u015bcie &#8211; komentuje Anna Meres, koordynatorka kampanii klimatycznych w Greenpeace<\/p>\n\n<p>Inwestycja wygeneruje dodatkowy, uci\u0105\u017cliwy ruch \u017ceglugowy na obszarze, kt\u00f3ry jest domem dla kilku gatunk\u00f3w ptak\u00f3w morskich chronionych na mocy przepis\u00f3w unijnych, a w Polsce obj\u0119tych ochron\u0105 gatunkow\u0105 \u015bcis\u0142\u0105. Gatunki te, w tym nur czarnoszyi i rdzawoszyi, perkoz dwuczuby, markaczka, tracz nurog\u0119\u015b, brzytwodzi\u00f3b i nurnik, tworz\u0105 wsp\u00f3lne populacje obejmuj\u0105ce s\u0105siednie kraje na Morzu Ba\u0142tyckim. Ochrona tych populacji ma ogromne znaczenie dla przysz\u0142o\u015bci tych gatunk\u00f3w w krajach Unii Europejskiej. Zak\u0142\u00f3cenia spowodowane pracami budowlanymi i regularnym ruchem statk\u00f3w stanowi\u0142yby tak\u017ce powa\u017cne zagro\u017cenie dla ba\u0142tyckiej populacji mor\u015bwina. Tworz\u0105ca genetycznie ograniczon\u0105 populacj\u0119 w \u015brodkowej cz\u0119\u015bci Morza Ba\u0142tyckiego, jest ju\u017c skrajnie zagro\u017cona, z szacowan\u0105 maksymaln\u0105 liczb\u0105 zaledwie oko\u0142o 500 osobnik\u00f3w dla ca\u0142ego Morza Ba\u0142tyckiego. Wszelkie zak\u0142\u00f3cenia spowodowane ha\u0142asem statk\u00f3w lub pracami budowlanymi mog\u0105 mie\u0107 powa\u017cny wp\u0142yw na \u017cywotno\u015b\u0107 tej ponadregionalnej populacji mor\u015bwin\u00f3w, jeszcze bardziej pog\u0142\u0119biaj\u0105c jej spadek i potencjalnie prowadz\u0105c do wygini\u0119cia.<\/p>\n\n<p>Planowana inwestycja zagra\u017ca tak\u017ce chronionym gatunkom ryb. Jesiotr ba\u0142tycki, niegdy\u015b wymar\u0142y w Morzu Ba\u0142tyckim, zosta\u0142 reintrodukowany w ramach \u017cmudnych i wieloletnich wysi\u0142k\u00f3w naukowczy\u0144 i naukowc\u00f3w z Polski i Niemiec. Wypuszczone jesiotry mo\u017cna znale\u017a\u0107 nie tylko u wybrze\u017cy Niemiec ale tak\u017ce w wodach s\u0105siednich kraj\u00f3w. Ten \u015bci\u015ble chroniony gatunek ryb \u017ceruje w pobli\u017cu dna i mog\u0142yby ucierpie\u0107 w wyniku prac zwi\u0105zanych z budow\u0105 ruroci\u0105gu u wybrze\u017cy Rugii oraz wszelkich narusze\u0144 progu brzegowego Zatok.&nbsp;<\/p>\n\n<p>&#8211; Zwracamy si\u0119 tak\u017ce do polskiego rz\u0105du o nawi\u0105zanie wsp\u00f3\u0142pracy z odpowiednimi zainteresowanymi stronami, w tym z rz\u0105dem Niemiec, i koordynacj\u0119 wysi\u0142k\u00f3w w celu oceny wszystkich potencjalnych skutk\u00f3w.&nbsp; Mamy nadziej\u0119 na otwarty dialog, przejrzysto\u015b\u0107 i udzia\u0142 Polski wraz z innymi pa\u0144stwami ba\u0142tyckimi w procesie decyzyjnym w celu ochrony wsp\u00f3lnych interes\u00f3w i r\u00f3\u017cnorodno\u015bci biologicznej Morza Ba\u0142tyckiego &#8211; dodaje Meres.<\/p>\n\n<p>Zdj\u0119cia z protestu przeciwko budowie terminala znajduj\u0105 si\u0119<a href=\"https:\/\/www.flickr.com\/photos\/greenpeacepl\/albums\/72177720308630811\/with\/52933086098\/\"> <strong>TUTAJ<\/strong><\/a><\/p>\n\n<div data-wp-interactive=\"core\/file\" class=\"wp-block-file\"><object data-wp-bind--hidden=\"!state.hasPdfPreview\" hidden class=\"wp-block-file__embed\" data=\"https:\/\/www.greenpeace.org\/static\/planet4-poland-stateless\/2023\/07\/3b1346ab-pdf_list-do-sekretarz-wdrazajacej-konwencje-espoo.pdf\" type=\"application\/pdf\" style=\"width:100%;height:600px\" aria-label=\"Osadzone z PDF List do Sekretarz Wdra\u017caj\u0105cej Konwencj\u0119 Espoo.\"><\/object><a id=\"wp-block-file--media-a683634a-5be8-482e-a868-753cd12ddaed\" href=\"https:\/\/www.greenpeace.org\/static\/planet4-poland-stateless\/2023\/07\/3b1346ab-pdf_list-do-sekretarz-wdrazajacej-konwencje-espoo.pdf\">PDF List do Sekretarz Wdra\u017caj\u0105cej Konwencj\u0119 Espoo<\/a><\/div>\n","protected":false},"excerpt":{"rendered":"<p>Greenpeace domaga si\u0119 przeprowadzenia transgranicznej oceny wp\u0142ywu na \u015brodowisko planowanego na Morzu Ba\u0142tyckim niemieckiego terminalu do importu gazu skroplonego LNG. Pismo w tej sprawie trafi\u0142o do Sekretarz Komitetu Wdro\u017ceniowego Konwencji&hellip;<\/p>\n","protected":false},"author":32,"featured_media":33371,"comment_status":"closed","ping_status":"open","sticky":false,"template":"","format":"standard","meta":{"ep_exclude_from_search":false,"p4_og_title":"","p4_og_description":"","p4_og_image":"","p4_og_image_id":"","p4_seo_canonical_url":"","p4_campaign_name":"","p4_local_project":"","p4_basket_name":"","p4_department":"","footnotes":""},"categories":[2],"tags":[106,6,25],"p4-page-type":[14],"class_list":["post-33369","post","type-post","status-publish","format-standard","has-post-thumbnail","hentry","category-klimat-energia","tag-gaz","tag-klimat","tag-paliwakopalne","p4-page-type-aktualnosci"],"_links":{"self":[{"href":"https:\/\/www.greenpeace.org\/poland\/wp-json\/wp\/v2\/posts\/33369","targetHints":{"allow":["GET"]}}],"collection":[{"href":"https:\/\/www.greenpeace.org\/poland\/wp-json\/wp\/v2\/posts"}],"about":[{"href":"https:\/\/www.greenpeace.org\/poland\/wp-json\/wp\/v2\/types\/post"}],"author":[{"embeddable":true,"href":"https:\/\/www.greenpeace.org\/poland\/wp-json\/wp\/v2\/users\/32"}],"replies":[{"embeddable":true,"href":"https:\/\/www.greenpeace.org\/poland\/wp-json\/wp\/v2\/comments?post=33369"}],"version-history":[{"count":2,"href":"https:\/\/www.greenpeace.org\/poland\/wp-json\/wp\/v2\/posts\/33369\/revisions"}],"predecessor-version":[{"id":37663,"href":"https:\/\/www.greenpeace.org\/poland\/wp-json\/wp\/v2\/posts\/33369\/revisions\/37663"}],"wp:featuredmedia":[{"embeddable":true,"href":"https:\/\/www.greenpeace.org\/poland\/wp-json\/wp\/v2\/media\/33371"}],"wp:attachment":[{"href":"https:\/\/www.greenpeace.org\/poland\/wp-json\/wp\/v2\/media?parent=33369"}],"wp:term":[{"taxonomy":"category","embeddable":true,"href":"https:\/\/www.greenpeace.org\/poland\/wp-json\/wp\/v2\/categories?post=33369"},{"taxonomy":"post_tag","embeddable":true,"href":"https:\/\/www.greenpeace.org\/poland\/wp-json\/wp\/v2\/tags?post=33369"},{"taxonomy":"p4-page-type","embeddable":true,"href":"https:\/\/www.greenpeace.org\/poland\/wp-json\/wp\/v2\/p4-page-type?post=33369"}],"curies":[{"name":"wp","href":"https:\/\/api.w.org\/{rel}","templated":true}]}}