{"id":33443,"date":"2023-08-17T17:55:11","date_gmt":"2023-08-17T15:55:11","guid":{"rendered":"https:\/\/www.greenpeace.org\/poland\/?p=33443"},"modified":"2023-08-17T17:55:14","modified_gmt":"2023-08-17T15:55:14","slug":"greenpeace-apeluje-do-polskiego-rzadu-o-udzial-w-ocenie-wplywu-na-srodowisko-planowanego-niemieckiego-terminala-lng-w-okolicach-rugii","status":"publish","type":"post","link":"https:\/\/www.greenpeace.org\/poland\/aktualnosci\/33443\/greenpeace-apeluje-do-polskiego-rzadu-o-udzial-w-ocenie-wplywu-na-srodowisko-planowanego-niemieckiego-terminala-lng-w-okolicach-rugii\/","title":{"rendered":"Greenpeace apeluje do polskiego rz\u0105du o udzia\u0142 w ocenie wp\u0142ywu na \u015brodowisko planowanego, niemieckiego terminala LNG w okolicach Rugii"},"content":{"rendered":"\n<p>Greenpeace sprzeciwia si\u0119 rozbudowie gazoci\u0105gu i portu Mukran dla LNG na Rugii w Niemczech. Domaga si\u0119 przeprowadzenia transgranicznej oceny wp\u0142ywu na \u015brodowisko planowanego na Morzu Ba\u0142tyckim niemieckiego terminalu do importu gazu skroplonego LNG. W zwi\u0105zku z tym organizacja zwr\u00f3ci\u0142a si\u0119 do polskiego rz\u0105du o pilne nawi\u0105zanie wsp\u00f3\u0142pracy z odpowiednimi, zainteresowanymi stronami, w tym z rz\u0105dem Republiki Federalnej Niemiec, i koordynacj\u0119 wysi\u0142k\u00f3w w celu oceny wszystkich potencjalnych skutk\u00f3w planowanego przedsi\u0119wzi\u0119cia.&nbsp;<\/p>\n\n<p>\u2013 Uwa\u017camy, \u017ce budowa kolejnej infrastruktury uzale\u017cniaj\u0105cej Europ\u0119 od paliw kopalnych na kolejne dekady to szkodliwy pomys\u0142. Ju\u017c obecnie odczuwamy skutki kryzysu klimatycznego, a tego typu projekty tylko go pog\u0142\u0119bi\u0105. Mamy nadziej\u0119 na otwarty dialog, przejrzysto\u015b\u0107 i udzia\u0142 Polski wraz z innymi pa\u0144stwami ba\u0142tyckimi w procesie decyzyjnym w celu ochrony wsp\u00f3lnych interes\u00f3w i r\u00f3\u017cnorodno\u015bci biologicznej Morza Ba\u0142tyckiego \u2013 napisa\u0142 Greenpeace w wys\u0142anym do rz\u0105du apelu.<\/p>\n\n<p>Terminal LNG w okolicach Rugii, kt\u00f3ry ma importowa\u0107 oko\u0142o 38 mld metr\u00f3w sze\u015bciennych gazu rocznie, ma by\u0107 najwi\u0119kszym tego typu obiektem w Europie. Inwestycja planowana jest zaledwie 100 km od granicy Polski.&nbsp;<\/p>\n\n<p>Realizacja tej inwestycji b\u0119dzie mia\u0142a tak\u017ce dramatyczny wp\u0142yw na ekosystem Morza Ba\u0142tyckiego. Budowa nowego terminalu LNG wygeneruje dodatkowy, uci\u0105\u017cliwy ruch \u017ceglugowy na obszarze, kt\u00f3ry jest domem dla kilku gatunk\u00f3w ptak\u00f3w morskich chronionych na mocy przepis\u00f3w unijnych, a w Polsce obj\u0119tych ochron\u0105 gatunkow\u0105 \u015bcis\u0142\u0105. Gatunki te, w tym nur czarnoszyi i rdzawoszyi, perkoz dwuczuby, markaczka, tracz nurog\u0119\u015b, brzytwodzi\u00f3b i nurnik, tworz\u0105 wsp\u00f3lne populacje obejmuj\u0105ce s\u0105siednie kraje na Morzu Ba\u0142tyckim. Ochrona tych populacji ma ogromne znaczenie dla przysz\u0142o\u015bci tych gatunk\u00f3w w krajach Unii Europejskiej.&nbsp;<\/p>\n\n<p>Zak\u0142\u00f3cenia spowodowane pracami budowlanymi i regularnym ruchem statk\u00f3w stanowi\u0142yby tak\u017ce powa\u017cne zagro\u017cenie dla ba\u0142tyckiej populacji mor\u015bwina. Tworz\u0105ca genetycznie ograniczon\u0105 populacj\u0119 w \u015brodkowej cz\u0119\u015bci Morza Ba\u0142tyckiego, jest ju\u017c skrajnie zagro\u017cona, z szacowan\u0105 maksymaln\u0105 liczb\u0105 zaledwie oko\u0142o 500 osobnik\u00f3w dla ca\u0142ego Morza Ba\u0142tyckiego. Wszelkie zak\u0142\u00f3cenia spowodowane ha\u0142asem statk\u00f3w lub pracami budowlanymi mog\u0105 mie\u0107 powa\u017cny wp\u0142yw na \u017cywotno\u015b\u0107 tej ponadregionalnej populacji mor\u015bwin\u00f3w, jeszcze bardziej pog\u0142\u0119biaj\u0105c jej spadek i potencjalnie prowadz\u0105c do wygini\u0119cia.&nbsp;<\/p>\n\n<p>Planowana inwestycja zagra\u017ca tak\u017ce chronionym gatunkom ryb. Jesiotr ba\u0142tycki, niegdy\u015b wymar\u0142y w Morzu Ba\u0142tyckim, zosta\u0142 reintrodukowany w ramach \u017cmudnych i wieloletnich wysi\u0142k\u00f3w naukowczy\u0144 i naukowc\u00f3w z Polski i Niemiec. Wypuszczone jesiotry mo\u017cna znale\u017a\u0107 nie tylko u wybrze\u017cy Niemiec, ale tak\u017ce w wodach s\u0105siednich kraj\u00f3w. Ten \u015bci\u015ble chroniony gatunek ryb \u017ceruje w pobli\u017cu dna i mog\u0142yby ucierpie\u0107 w wyniku prac zwi\u0105zanych z budow\u0105 ruroci\u0105gu u wybrze\u017cy Rugii oraz wszelkich narusze\u0144 progu brzegowego Zatok.<\/p>\n\n<p>Budowa nowego terminalu LNG b\u0119dzie mia\u0142a szeroko zakrojone konsekwencje ekologiczne i \u015brodowiskowe. Z uwagi na potencjalne dalekosi\u0119\u017cne skutki wykraczaj\u0105ce poza niemieck\u0105 wy\u0142\u0105czn\u0105 stref\u0105 ekonomiczn\u0105, Greenpeace wezwa\u0142 polski rz\u0105d do udzia\u0142u w kompleksowej ocenie wp\u0142ywu projektu na ptaki, ssaki morskie i ryby w ramach transgranicznej oceny oddzia\u0142ywania projektu na \u015brodowisko. Konieczna jest dok\u0142adna ocena wp\u0142ywu na \u015brodowisko planowanego terminalu LNG w okolicach Rugii.<\/p>\n","protected":false},"excerpt":{"rendered":"<p>Greenpeace sprzeciwia si\u0119 rozbudowie gazoci\u0105gu i portu Mukran dla LNG na Rugii w Niemczech. Domaga si\u0119 przeprowadzenia transgranicznej oceny wp\u0142ywu na \u015brodowisko planowanego na Morzu Ba\u0142tyckim niemieckiego terminalu do importu&hellip;<\/p>\n","protected":false},"author":25,"featured_media":33444,"comment_status":"closed","ping_status":"open","sticky":false,"template":"","format":"standard","meta":{"ep_exclude_from_search":false,"p4_og_title":"","p4_og_description":"","p4_og_image":"","p4_og_image_id":"","p4_seo_canonical_url":"","p4_campaign_name":"","p4_local_project":"","p4_basket_name":"","p4_department":"","footnotes":""},"categories":[2],"tags":[25,106],"p4-page-type":[14],"class_list":["post-33443","post","type-post","status-publish","format-standard","has-post-thumbnail","hentry","category-klimat-energia","tag-paliwakopalne","tag-gaz","p4-page-type-aktualnosci"],"_links":{"self":[{"href":"https:\/\/www.greenpeace.org\/poland\/wp-json\/wp\/v2\/posts\/33443","targetHints":{"allow":["GET"]}}],"collection":[{"href":"https:\/\/www.greenpeace.org\/poland\/wp-json\/wp\/v2\/posts"}],"about":[{"href":"https:\/\/www.greenpeace.org\/poland\/wp-json\/wp\/v2\/types\/post"}],"author":[{"embeddable":true,"href":"https:\/\/www.greenpeace.org\/poland\/wp-json\/wp\/v2\/users\/25"}],"replies":[{"embeddable":true,"href":"https:\/\/www.greenpeace.org\/poland\/wp-json\/wp\/v2\/comments?post=33443"}],"version-history":[{"count":1,"href":"https:\/\/www.greenpeace.org\/poland\/wp-json\/wp\/v2\/posts\/33443\/revisions"}],"predecessor-version":[{"id":33445,"href":"https:\/\/www.greenpeace.org\/poland\/wp-json\/wp\/v2\/posts\/33443\/revisions\/33445"}],"wp:featuredmedia":[{"embeddable":true,"href":"https:\/\/www.greenpeace.org\/poland\/wp-json\/wp\/v2\/media\/33444"}],"wp:attachment":[{"href":"https:\/\/www.greenpeace.org\/poland\/wp-json\/wp\/v2\/media?parent=33443"}],"wp:term":[{"taxonomy":"category","embeddable":true,"href":"https:\/\/www.greenpeace.org\/poland\/wp-json\/wp\/v2\/categories?post=33443"},{"taxonomy":"post_tag","embeddable":true,"href":"https:\/\/www.greenpeace.org\/poland\/wp-json\/wp\/v2\/tags?post=33443"},{"taxonomy":"p4-page-type","embeddable":true,"href":"https:\/\/www.greenpeace.org\/poland\/wp-json\/wp\/v2\/p4-page-type?post=33443"}],"curies":[{"name":"wp","href":"https:\/\/api.w.org\/{rel}","templated":true}]}}