{"id":33487,"date":"2023-08-31T12:55:41","date_gmt":"2023-08-31T10:55:41","guid":{"rendered":"https:\/\/www.greenpeace.org\/poland\/?p=33487"},"modified":"2023-11-08T16:24:47","modified_gmt":"2023-11-08T14:24:47","slug":"turow-w-zawieszeniu-przez-nieodpowiedzialna-polityke-rzadu","status":"publish","type":"post","link":"https:\/\/www.greenpeace.org\/poland\/aktualnosci\/33487\/turow-w-zawieszeniu-przez-nieodpowiedzialna-polityke-rzadu\/","title":{"rendered":"Tur\u00f3w w zawieszeniu przez nieodpowiedzialn\u0105 polityk\u0119 rz\u0105du"},"content":{"rendered":"\n<p><strong>Obietnice polityk\u00f3w PiS o utrzymaniu produkcji w elektrowni Tur\u00f3w a\u017c do 2044 roku s\u0105 oderwane od rzeczywisto\u015bci \u2013 przypominaj\u0105 organizacje ekologiczne po tym, jak Wojew\u00f3dzki S\u0105d Administracyjny w Warszawie zawiesi\u0142 post\u0119powanie w sprawie zgodno\u015bci z prawem decyzji \u015brodowiskowej dla kopalni. Rz\u0105d nie mo\u017ce odbiera\u0107 mieszka\u0144com szans na nowe miejsca pracy i musi przygotowa\u0107 odwlekany do tej pory plan transformacji regionu \u2013 apeluj\u0105 organizacje.<\/strong><\/p>\n\n<p>S\u0105d zawiesi\u0142 post\u0119powanie ws. decyzji \u015brodowiskowej dla Turowa ze wzgl\u0119du na nowe okoliczno\u015bci formalno-prawne. W trakcie dzisiejszej rozprawy okaza\u0142o si\u0119, \u017ce w ubieg\u0142ym roku sp\u00f3\u0142ka PGE pr\u00f3bowa\u0142a zmieni\u0107 w Generalnej Dyrekcji Ochrony \u015arodowiska zaskar\u017can\u0105 decyzj\u0119 \u015brodowiskow\u0105, po czym si\u0119 z tego wniosku wycofa\u0142a w kwietniu 2023 r. Przez ca\u0142y ten czas GDO\u015a nie poinformowa\u0142 uczestnik\u00f3w post\u0119powania o wniosku i nie przes\u0142a\u0142 do s\u0105du pe\u0142nych akt sprawy. To wszystko oznacza, \u017ce rozpoznanie sprawy si\u0119 op\u00f3\u017ani.<\/p>\n\n<p>\u2013 Decyzja s\u0105du nie mog\u0142a by\u0107 inna, ale uderza spos\u00f3b procedowania sprawy przez GDO\u015a. To skandaliczne, jak w tej sprawie op\u00f3\u017ania si\u0119 dzia\u0142ania, kt\u00f3re mog\u0105 przyspieszy\u0107 transformacj\u0119 i odej\u015bcie Polski od paliw kopalnych. Jeste\u015bmy przekonani, \u017ce funkcjonowanie kopalni i elektrowni Tur\u00f3w a\u017c do 2044 r. to nie tylko ogromna szkoda dla \u015brodowiska i klimatu, ale te\u017c prawdziwa katastrofa spo\u0142eczna dla Bogatyni i okolic. Dlatego rz\u0105d wreszcie powinien przesta\u0107 ignorowa\u0107 problem i przygotowa\u0107 powa\u017cn\u0105 wizj\u0119 pow\u0119glowej przysz\u0142o\u015bci dla regionu \u2013 m\u00f3wi Agnieszka Stupkiewicz, radczyni prawna z Frank Bold.&nbsp;<\/p>\n\n<p>Organizacje ekologiczne wskazuj\u0105, \u017ce energia z w\u0119gla jest coraz dro\u017csza, za\u015b produkcja pr\u0105du z w\u0119gla brunatnego tylko w tym roku spad\u0142a w Polsce a\u017c o jedn\u0105 czwart\u0105. W ich ocenie widocznie przyspieszaj\u0105ce tempo odchodzenia gospodarki od w\u0119gla sprawia, \u017ce nie mo\u017cna traktowa\u0107 powa\u017cnie obietnic polityk\u00f3w PiS o tym, \u017ce elektrownia Tur\u00f3w b\u0119dzie dzia\u0142a\u0107 a\u017c do 2044 roku.<\/p>\n\n<p>\u2013 Mieszka\u0144cy Bogatyni od lat \u017cyj\u0105 w zawieszeniu. Rz\u0105d ci\u0105gle odracza zadbanie o ich bezpieczn\u0105 przysz\u0142o\u015b\u0107. Forsuj\u0105c przed\u0142u\u017cenie wydobycia skaza\u0142 ich na uzale\u017cnienie od jednego pracodawcy, a swoimi politycznymi grami odebra\u0142 im miliard z\u0142otych z Funduszu Sprawiedliwej Transformacji. Na wyrok s\u0105du w sprawie decyzji \u015brodowiskowej mo\u017cemy poczeka\u0107. Ale nie mo\u017cemy d\u0142u\u017cej czeka\u0107 na koniec w\u0119glowych k\u0142amstw, kt\u00f3re roztacza rz\u0105d \u2013 m\u00f3wi Marek J\u00f3zefiak z Greenpeace.<\/p>\n\n<p>Jak pokazuj\u0105 <a href=\"https:\/\/www.tvbogatynia.pl\/artykul\/6738,dr-hab-katarzyna-majbroda-instytut-etnologii-i-antropologii-kulturowej-uniwersytet-wroclawski\">badania prowadzone w Bogatyni<\/a> przez dr hab. Katarzyn\u0119 Majbrod\u0119 z Uniwersytetu Wroc\u0142awskiego mieszka\u0144com regionu towarzyszy wielka obawa o przysz\u0142o\u015b\u0107 zwi\u0105zana z brakiem plan\u00f3w transformacji. Ponadto ju\u017c teraz dotyka ich problem <a href=\"https:\/\/www.radiowroclaw.pl\/articles\/view\/131515\/Mieszkancy-Bogatyni-nie-zgadzaja-sie-na-podwyzki-za-dostawy-ciepla\">rosn\u0105cych cen ciep\u0142a kupowanego od PGE<\/a>.<\/p>\n\n<p>\u2013 Pozytywne rozwi\u0105zanie dla Bogatyni i powiatu zgorzeleckiego wci\u0105\u017c jest mo\u017cliwe. Fakt, \u017ce wydobycie i spalanie w\u0119gla brunatnego nie daje \u017cadnych perspektyw rozwoju, jest oczywisty cho\u0107by dla mieszka\u0144c\u00f3w region\u00f3w, kt\u00f3re dzi\u0119ki protestom na masow\u0105 skal\u0119 obroni\u0142y si\u0119 przed budow\u0105 nowych kopalni odkrywkowych. Gubin-Brody, O\u015bcis\u0142owo, Oczkowice, Legnica, Z\u0142oczew czy Babiak mog\u0142y potencjalnie sta\u0107 si\u0119 drugim Turowem \u2013 wraz z ca\u0142ym baga\u017cem gigantycznych problem\u00f3w, jakie ta kopalnia przynios\u0142a mieszka\u0144com Bogatyni oraz ich s\u0105siadom z Czech i Niemiec \u2013 m\u00f3wi Tomasz Wa\u015bniewski z Og\u00f3lnopolskiej Koalicji \u201eRozw\u00f3j TAK \u2013 Odkrywki NIE\u201d.<\/p>\n\n<p>Jak podkre\u015blaj\u0105 ekolodzy, od pa\u0144stwa nale\u017cy oczekiwa\u0107 zadbania przede wszystkim o interesy obywateli, a do tego potrzebna jest jasna deklaracja o dekarbonizacji regionu i upomnienie si\u0119 o unijne \u015brodki na transformacj\u0119.<\/p>\n\n<p>\u2013 Polski system energetyczny poradzi sobie bez Turowa, ale mieszka\u0144cy regionu bez swojego g\u0142\u00f3wnego chlebodawcy, a tak\u017ce zaopatrzenia w wod\u0119 i ciep\u0142o \u2013 ju\u017c nie. Dlatego pora, by rz\u0105d naprawi\u0142 kwesti\u0119 zaprzepaszczenia olbrzymich funduszy na transformacj\u0119 regionu. One pomog\u0105 zadba\u0107 o ludzi w powiecie zgorzeleckim po tym, jak sp\u00f3\u0142ka PGE ju\u017c go opu\u015bci, a rosn\u0105ca nieop\u0142acalno\u015b\u0107 produkcji energii z w\u0119gla doprowadzi do szybszego ni\u017c obiecuje rz\u0105d zamkni\u0119cia kompleksu turoszowskiego \u2013 stwierdza Rados\u0142aw Gawlik ze Stowarzyszenia Ekologicznego EKO-UNIA.<\/p>\n","protected":false},"excerpt":{"rendered":"<p>S\u0105d zawiesi\u0142 post\u0119powanie ws. decyzji \u015brodowiskowej dla Turowa ze wzgl\u0119du na nowe okoliczno\u015bci formalno-prawne. W trakcie dzisiejszej rozprawy okaza\u0142o si\u0119, \u017ce w ubieg\u0142ym roku sp\u00f3\u0142ka PGE pr\u00f3bowa\u0142a zmieni\u0107 w Generalnej&hellip;<\/p>\n","protected":false},"author":37,"featured_media":33488,"comment_status":"closed","ping_status":"open","sticky":false,"template":"","format":"standard","meta":{"ep_exclude_from_search":false,"p4_og_title":"","p4_og_description":"","p4_og_image":"","p4_og_image_id":"","p4_seo_canonical_url":"","p4_campaign_name":"","p4_local_project":"","p4_basket_name":"","p4_department":"","footnotes":""},"categories":[2],"tags":[6,25,18,110],"p4-page-type":[14],"class_list":["post-33487","post","type-post","status-publish","format-standard","has-post-thumbnail","hentry","category-klimat-energia","tag-klimat","tag-paliwakopalne","tag-wegiel","tag-turow","p4-page-type-aktualnosci"],"_links":{"self":[{"href":"https:\/\/www.greenpeace.org\/poland\/wp-json\/wp\/v2\/posts\/33487","targetHints":{"allow":["GET"]}}],"collection":[{"href":"https:\/\/www.greenpeace.org\/poland\/wp-json\/wp\/v2\/posts"}],"about":[{"href":"https:\/\/www.greenpeace.org\/poland\/wp-json\/wp\/v2\/types\/post"}],"author":[{"embeddable":true,"href":"https:\/\/www.greenpeace.org\/poland\/wp-json\/wp\/v2\/users\/37"}],"replies":[{"embeddable":true,"href":"https:\/\/www.greenpeace.org\/poland\/wp-json\/wp\/v2\/comments?post=33487"}],"version-history":[{"count":1,"href":"https:\/\/www.greenpeace.org\/poland\/wp-json\/wp\/v2\/posts\/33487\/revisions"}],"predecessor-version":[{"id":33489,"href":"https:\/\/www.greenpeace.org\/poland\/wp-json\/wp\/v2\/posts\/33487\/revisions\/33489"}],"wp:featuredmedia":[{"embeddable":true,"href":"https:\/\/www.greenpeace.org\/poland\/wp-json\/wp\/v2\/media\/33488"}],"wp:attachment":[{"href":"https:\/\/www.greenpeace.org\/poland\/wp-json\/wp\/v2\/media?parent=33487"}],"wp:term":[{"taxonomy":"category","embeddable":true,"href":"https:\/\/www.greenpeace.org\/poland\/wp-json\/wp\/v2\/categories?post=33487"},{"taxonomy":"post_tag","embeddable":true,"href":"https:\/\/www.greenpeace.org\/poland\/wp-json\/wp\/v2\/tags?post=33487"},{"taxonomy":"p4-page-type","embeddable":true,"href":"https:\/\/www.greenpeace.org\/poland\/wp-json\/wp\/v2\/p4-page-type?post=33487"}],"curies":[{"name":"wp","href":"https:\/\/api.w.org\/{rel}","templated":true}]}}