{"id":33617,"date":"2023-10-05T08:43:01","date_gmt":"2023-10-05T06:43:01","guid":{"rendered":"https:\/\/www.greenpeace.org\/poland\/?p=33617"},"modified":"2023-10-05T08:43:04","modified_gmt":"2023-10-05T06:43:04","slug":"polacy-przeciwko-pestycydom-nowe-badanie","status":"publish","type":"post","link":"https:\/\/www.greenpeace.org\/poland\/aktualnosci\/33617\/polacy-przeciwko-pestycydom-nowe-badanie\/","title":{"rendered":"Polacy przeciwko pestycydom. Nowe badanie"},"content":{"rendered":"\n<p><strong>Polki i Polacy s\u0105 zdecydowanie przeciwni stosowaniu pestycyd\u00f3w &#8211; tak wynika z najnowszego badania opinii publicznej przeprowadzonego przez IPSOS w kilku krajach Unii Europejskiej. Domagaj\u0105 si\u0119 od polityk\u00f3w, by podejmowali decyzje, kt\u00f3re zapewni\u0105 bezpiecze\u0144stwo ich zdrowiu oraz przyrodzie.&nbsp;<\/strong><\/p>\n\n<p>Polki i Polacy, ale tak\u017ce obywatele innych pa\u0144stw Unii Europejskiej, s\u0105 bardzo zaniepokojeni u\u017cywaniem pestycyd\u00f3w w rolnictwie i ich wp\u0142ywem na ludzkie zdrowie oraz przyrod\u0119. Tak wynika z badania opinii publicznej, kt\u00f3re zosta\u0142o przeprowadzone w sze\u015bciu europejskich krajach: Polsce, Danii, Francji, Niemczech, Hiszpanii i Rumunii na zlecenie Pesticides Action Network (PAN) Europe. PAN Europe to sie\u0107 organizacji, kt\u00f3ra domaga si\u0119 ograniczenia stosowania szkodliwych dla zdrowia i przyrody pestycyd\u00f3w w Europie.&nbsp;<\/p>\n\n<p>Wyniki badania pokazuj\u0105, \u017ce obawy zwi\u0105zane ze stosowaniem pestycyd\u00f3w w\u015br\u00f3d Europejczyk\u00f3w s\u0105 bardzo wysokie. 75,9% badanych obawia si\u0119 wp\u0142ywu stosowania \u015brodk\u00f3w chemicznych na zdrowie ich oraz zdrowie ich rodzin. Najbardziej zaniepokojeni s\u0105 obywatele Polski (80,4% badanych) oraz Rumunii (84,1% badanych). Ponad 80% respondent\u00f3w z Polski zgadza si\u0119 z tym, \u017ce \u015brodki chemiczne szkodz\u0105 \u015brodowisku naturalnemu. Badanie wyra\u017anie pokazuje, \u017ce mieszka\u0144cy i mieszkanki UE obawiaj\u0105 si\u0119 stosowania pestycyd\u00f3w. Ogromna cz\u0119\u015b\u0107 os\u00f3b uczestnicz\u0105cych w badaniu popiera podej\u015bcie zapobiegawcze &#8211; by rolnicy zawsze stosowali takie metody zapobiegania chorobom i szkodnikom, kt\u00f3re nie b\u0119d\u0105 nios\u0142y ze sob\u0105 ryzyka dla zdrowia ludzi, \u015brodowiska ani nie spowoduj\u0105 utraty wsparcia finansowego z UE.&nbsp;<\/p>\n\n<p>\u2013 Od lat w ramach akcji Adoptuj Pszczo\u0142\u0119 domagamy si\u0119 ograniczenia stosowania pestycyd\u00f3w i wprowadzenia bardziej rygorystycznej ich kontroli. Ujawniajli\u015bmy te\u017c nieodpowiedzialne praktyki ministra rolnictwa w zwi\u0105zku z dopuszczaniem stosowania zakazanych w UE pestycyd\u00f3w. Dzi\u0119ki badaniu PAN widzimy, \u017ce zdecydowana wi\u0119kszo\u015b\u0107 Polak\u00f3w i innych mieszka\u0144c\u00f3w Unii Europejskiej chce zdrowej \u017cywno\u015bci i bezpiecznego \u015brodowiska. Czas zako\u0144czy\u0107 er\u0119 rolnictwa sk\u0105panego w pestycydach! &#8211; m\u00f3wi Krzysztof Cibor z Greenpeace Polska.<\/p>\n\n<p>Obywatele i obywatelki z wszystkich przebadanych pa\u0144stw zgadzaj\u0105 si\u0119 w kwestii pestycyd\u00f3w. Mieszka\u0144cy i mieszkanki Polski wyra\u017caj\u0105 takie same obawy dotycz\u0105ce wp\u0142ywu stosowania \u015brodk\u00f3w chemicznych na zdrowie i \u015brodowisko, jak Rumunii, Francji czy Niemiec.<\/p>\n\n<p>By chroni\u0107 ludzkie zdrowie i przyrod\u0119 przed pestycydami nale\u017cy:<\/p>\n\n<p>. stosowa\u0107 zasad\u0119 ostro\u017cno\u015bci<\/p>\n\n<p>. wzmocni\u0107 kluczowe przepisy proponowanego unijnego rozporz\u0105dzenia w sprawie zr\u00f3wnowa\u017conego stosowania \u015brodk\u00f3w ochrony ro\u015blin<br>. chroni\u0107 obszary wra\u017cliwe &#8211; odleg\u0142o\u015b\u0107 od miejsc, gdzie u\u017cywane s\u0105 \u015brodki chemiczne powinna wynosi\u0107 co najmniej 100\u2013500 m, a najlepiej jeszcze wi\u0119cej<\/p>\n\n<p>. poprze\u0107 zakaz stosowania glifosatu, bior\u0105c pod uwag\u0119 istotne dowody naukowe o jego szkodliwo\u015bci dla ludzkiego zdrowia i \u015brodowiska<\/p>\n\n<p>. zaj\u0105\u0107 si\u0119 obecnymi lukami prawnymi w unijnych zezwoleniach dotycz\u0105cych stosowania pestycyd\u00f3w.<br><br><a href=\"https:\/\/drive.google.com\/file\/d\/1KgCaqCoP6Av8PS3fC9YxjFCWhvoJzuh9\/view?usp=sharing\">Raport z badania<\/a><\/p>\n","protected":false},"excerpt":{"rendered":"<p>Polki i Polacy s\u0105 zdecydowanie przeciwni stosowaniu pestycyd\u00f3w &#8211; tak wynika z najnowszego badania opinii publicznej przeprowadzonego przez IPSOS w kilku krajach Unii Europejskiej. Domagaj\u0105 si\u0119 od polityk\u00f3w, by podejmowali&hellip;<\/p>\n","protected":false},"author":25,"featured_media":33618,"comment_status":"closed","ping_status":"open","sticky":false,"template":"","format":"standard","meta":{"ep_exclude_from_search":false,"p4_og_title":"","p4_og_description":"","p4_og_image":"https:\/\/www.greenpeace.org\/static\/planet4-poland-stateless\/2022\/09\/749b15ed-gp0326q_pressmedia.jpg","p4_og_image_id":"33618","p4_seo_canonical_url":"","p4_campaign_name":"","p4_local_project":"","p4_basket_name":"","p4_department":"","footnotes":""},"categories":[3,4],"tags":[26,28,27,36,29],"p4-page-type":[14],"class_list":["post-33617","post","type-post","status-publish","format-standard","has-post-thumbnail","hentry","category-przyroda","category-rolnictwo","tag-ochrona-przyrody","tag-pszczoly","tag-rolnictwo","tag-substancjetoksyczne","tag-zywnosc","p4-page-type-aktualnosci"],"_links":{"self":[{"href":"https:\/\/www.greenpeace.org\/poland\/wp-json\/wp\/v2\/posts\/33617","targetHints":{"allow":["GET"]}}],"collection":[{"href":"https:\/\/www.greenpeace.org\/poland\/wp-json\/wp\/v2\/posts"}],"about":[{"href":"https:\/\/www.greenpeace.org\/poland\/wp-json\/wp\/v2\/types\/post"}],"author":[{"embeddable":true,"href":"https:\/\/www.greenpeace.org\/poland\/wp-json\/wp\/v2\/users\/25"}],"replies":[{"embeddable":true,"href":"https:\/\/www.greenpeace.org\/poland\/wp-json\/wp\/v2\/comments?post=33617"}],"version-history":[{"count":1,"href":"https:\/\/www.greenpeace.org\/poland\/wp-json\/wp\/v2\/posts\/33617\/revisions"}],"predecessor-version":[{"id":33619,"href":"https:\/\/www.greenpeace.org\/poland\/wp-json\/wp\/v2\/posts\/33617\/revisions\/33619"}],"wp:featuredmedia":[{"embeddable":true,"href":"https:\/\/www.greenpeace.org\/poland\/wp-json\/wp\/v2\/media\/33618"}],"wp:attachment":[{"href":"https:\/\/www.greenpeace.org\/poland\/wp-json\/wp\/v2\/media?parent=33617"}],"wp:term":[{"taxonomy":"category","embeddable":true,"href":"https:\/\/www.greenpeace.org\/poland\/wp-json\/wp\/v2\/categories?post=33617"},{"taxonomy":"post_tag","embeddable":true,"href":"https:\/\/www.greenpeace.org\/poland\/wp-json\/wp\/v2\/tags?post=33617"},{"taxonomy":"p4-page-type","embeddable":true,"href":"https:\/\/www.greenpeace.org\/poland\/wp-json\/wp\/v2\/p4-page-type?post=33617"}],"curies":[{"name":"wp","href":"https:\/\/api.w.org\/{rel}","templated":true}]}}