{"id":33728,"date":"2023-11-10T16:17:52","date_gmt":"2023-11-10T14:17:52","guid":{"rendered":"https:\/\/www.greenpeace.org\/poland\/?p=33728"},"modified":"2023-11-10T16:17:56","modified_gmt":"2023-11-10T14:17:56","slug":"odpolitycznic-lasy-uwolnic-wiatraki-i-zatrzymac-gaz-greenpeace-o-umowie-koalicyjnej","status":"publish","type":"post","link":"https:\/\/www.greenpeace.org\/poland\/aktualnosci\/33728\/odpolitycznic-lasy-uwolnic-wiatraki-i-zatrzymac-gaz-greenpeace-o-umowie-koalicyjnej\/","title":{"rendered":"Odpolityczni\u0107 Lasy, uwolni\u0107 wiatraki i zatrzyma\u0107 gaz. Greenpeace o umowie koalicyjnej"},"content":{"rendered":"\n<p><strong>Miliony Polek i Polak\u00f3w, kt\u00f3rzy w ostatnich latach walczyli o polskie lasy, rzeki i klimat dzisiaj mo\u017ce czu\u0107 satysfakcj\u0119, gdy\u017c dzi\u0119ki ich walce tematy przyrodniczo-klimatyczne wybrzmia\u0142y w umowie koalicyjnej. Demokratyczna koalicja nie mo\u017ce zwleka\u0107 z realizacj\u0105 programu ekologicznego, gdy\u017c wyzwania s\u0105 ogromne &#8211; komentuje Greenpeace Polska.&nbsp;<\/strong><\/p>\n\n<p>W polityce energetycznej priorytetem powinno by\u0107 jak najszybsze odblokowanie taniej energii z wiatrak\u00f3w oraz zatrzymanie inwazji gazu na polsk\u0105 energetyk\u0119 &#8211; o czym niestety nie wspomniano w umowie.&nbsp;<\/p>\n\n<p>&#8211; Koalicja powinna z\u0142o\u017cy\u0107 projekt ustawy uwalniaj\u0105cej rozw\u00f3j wiatrak\u00f3w na jednym z pierwszych posiedze\u0144 Sejmu. Zamiast na importowany gaz, koalicja powinna postawi\u0107 na polski biogaz czy polskie magazyny energii. Gaz to drogie i szkodliwe dla klimatu paliwo, kt\u00f3re na dodatek pochodzi z importu &#8211; m\u00f3wi Miko\u0142aj Gumulski, kt\u00f3ry odpowiada za kampanie klimatyczne w Greenpeace Polska.<\/p>\n\n<p>W kontek\u015bcie las\u00f3w najpilniejsz\u0105 spraw\u0105 jest zapewnienie natychmiastowej ochrony pere\u0142 polskiej przyrody takich jak Puszcza Bia\u0142owieska, Puszcza Karpacka czy Puszcza Bukowa &#8211; wsz\u0119dzie tam, gdzie planowane s\u0105 parki narodowe. Nie uda si\u0119 poprawi\u0107 ochrony polskich las\u00f3w bez odpolitycznienia Las\u00f3w Pa\u0144stwowych.&nbsp;<\/p>\n\n<p>&#8211; Nie mo\u017cemy ponownie dopu\u015bci\u0107 do sytuacji, by Lasy Pa\u0144stwowe by\u0142y maszynk\u0105 do robienia pieni\u0119dzy przez polityk\u00f3w, tym razem z innego ugrupowania. Koalicja musi zapewni\u0107, by Lasy rzeczywi\u015bcie by\u0142y pa\u0144stwowe &#8211; czyli s\u0142u\u017cy\u0142y spo\u0142ecze\u0144stwu i przyrodzie, a nie grupce baron\u00f3w le\u015bnych, kt\u00f3rzy traktuj\u0105 je jak swoj\u0105 prywatn\u0105 w\u0142asno\u015b\u0107 &#8211; m\u00f3wi Aleksandra Wiktor, kt\u00f3ra zajmuje si\u0119 kampaniami przyrodniczymi w Greenpeace.&nbsp;<\/p>\n\n<p>W ubieg\u0142ym roku przekonali\u015bmy si\u0119 do czego prowadzi traktowanie polskich rzek jak \u015bciek\u00f3w. Koalicja pisze, \u017ce b\u0119dzie \u201cd\u0105\u017cy\u0107 do renaturyzacji polskich rzek\u201d.&nbsp;<\/p>\n\n<p>&#8211; To nie wystarczy, by poprawi\u0107 sytuacj\u0119 Odry i Wis\u0142y. Opr\u00f3cz renaturyzacji trzeba r\u00f3wnie\u017c ograniczy\u0107 zrzuty \u015bciek\u00f3w z kopal\u0144, kt\u00f3re zasalaj\u0105 najwi\u0119ksze polskie rzeki &#8211; dodaje Aleksandra Wiktor.<\/p>\n\n<p>W trakcie konferencji prasowej liderzy koalicji m\u00f3wili wiele o przywr\u00f3ceniu demokracji, o duchu wsp\u00f3\u0142pracy i poczuciu odpowiedzialno\u015bci za losy naszego pa\u0144stwa.&nbsp;<\/p>\n\n<p>&#8211; To nie mog\u0105 by\u0107 puste slogany. Koalicja musi realnie przywr\u00f3ci\u0107 udzia\u0142 spo\u0142ecze\u0144stwa w decydowaniu o sprawach przyrody i klimatu oraz wykona\u0107 wyroki s\u0105d\u00f3w dotycz\u0105ce ochrony \u015brodowiska. Oczekujemy od koalicji ci\u0119\u017ckiej, dru\u017cynowej pracy dla naszego wsp\u00f3lnego dobra &#8211; dzikiej przyrody i bezpiecznego klimatu &#8211; m\u00f3wi Marek J\u00f3zefiak, rzecznik prasowy i ekspert ds. polityki ekologicznej w Greenpeace Polska.<\/p>\n","protected":false},"excerpt":{"rendered":"<p>Miliony Polek i Polak\u00f3w, kt\u00f3rzy w ostatnich latach walczyli o polskie lasy, rzeki i klimat dzisiaj mo\u017ce czu\u0107 satysfakcj\u0119, gdy\u017c dzi\u0119ki ich walce tematy przyrodniczo-klimatyczne wybrzmia\u0142y w umowie koalicyjnej. Demokratyczna&hellip;<\/p>\n","protected":false},"author":37,"featured_media":33444,"comment_status":"closed","ping_status":"open","sticky":false,"template":"","format":"standard","meta":{"ep_exclude_from_search":false,"p4_og_title":"","p4_og_description":"","p4_og_image":"","p4_og_image_id":"","p4_seo_canonical_url":"","p4_campaign_name":"","p4_local_project":"","p4_basket_name":"","p4_department":"","footnotes":""},"categories":[2,3],"tags":[7,106,6,19,20,26],"p4-page-type":[14],"class_list":["post-33728","post","type-post","status-publish","format-standard","has-post-thumbnail","hentry","category-klimat-energia","category-przyroda","tag-czysta-energia","tag-gaz","tag-klimat","tag-lasy","tag-morza","tag-ochrona-przyrody","p4-page-type-aktualnosci"],"_links":{"self":[{"href":"https:\/\/www.greenpeace.org\/poland\/wp-json\/wp\/v2\/posts\/33728","targetHints":{"allow":["GET"]}}],"collection":[{"href":"https:\/\/www.greenpeace.org\/poland\/wp-json\/wp\/v2\/posts"}],"about":[{"href":"https:\/\/www.greenpeace.org\/poland\/wp-json\/wp\/v2\/types\/post"}],"author":[{"embeddable":true,"href":"https:\/\/www.greenpeace.org\/poland\/wp-json\/wp\/v2\/users\/37"}],"replies":[{"embeddable":true,"href":"https:\/\/www.greenpeace.org\/poland\/wp-json\/wp\/v2\/comments?post=33728"}],"version-history":[{"count":1,"href":"https:\/\/www.greenpeace.org\/poland\/wp-json\/wp\/v2\/posts\/33728\/revisions"}],"predecessor-version":[{"id":33729,"href":"https:\/\/www.greenpeace.org\/poland\/wp-json\/wp\/v2\/posts\/33728\/revisions\/33729"}],"wp:featuredmedia":[{"embeddable":true,"href":"https:\/\/www.greenpeace.org\/poland\/wp-json\/wp\/v2\/media\/33444"}],"wp:attachment":[{"href":"https:\/\/www.greenpeace.org\/poland\/wp-json\/wp\/v2\/media?parent=33728"}],"wp:term":[{"taxonomy":"category","embeddable":true,"href":"https:\/\/www.greenpeace.org\/poland\/wp-json\/wp\/v2\/categories?post=33728"},{"taxonomy":"post_tag","embeddable":true,"href":"https:\/\/www.greenpeace.org\/poland\/wp-json\/wp\/v2\/tags?post=33728"},{"taxonomy":"p4-page-type","embeddable":true,"href":"https:\/\/www.greenpeace.org\/poland\/wp-json\/wp\/v2\/p4-page-type?post=33728"}],"curies":[{"name":"wp","href":"https:\/\/api.w.org\/{rel}","templated":true}]}}